{"id":36657,"date":"2013-10-25T13:23:46","date_gmt":"2013-10-25T13:23:46","guid":{"rendered":"http:\/\/newvt.verticaltechnik.ch\/news\/ch-aesch-bl-miniramp-1400\/"},"modified":"2025-11-10T20:04:18","modified_gmt":"2025-11-10T20:04:18","slug":"ch-aesch-bl-miniramp-1400","status":"publish","type":"post","link":"https:\/\/verticaltechnik.ch\/en\/ch-aesch-bl-miniramp-1400\/","title":{"rendered":"CH Aesch BL &#8211; Miniramp 1400"},"content":{"rendered":"[vc_row type=&#8221;in_container&#8221; full_screen_row_position=&#8221;middle&#8221; column_margin=&#8221;default&#8221; column_direction=&#8221;default&#8221; column_direction_tablet=&#8221;default&#8221; column_direction_phone=&#8221;default&#8221; scene_position=&#8221;center&#8221; text_color=&#8221;dark&#8221; text_align=&#8221;left&#8221; row_border_radius=&#8221;none&#8221; row_border_radius_applies=&#8221;bg&#8221; overflow=&#8221;visible&#8221; overlay_strength=&#8221;0.3&#8243; gradient_direction=&#8221;left_to_right&#8221; shape_divider_position=&#8221;bottom&#8221; bg_image_animation=&#8221;none&#8221;][vc_column column_padding=&#8221;no-extra-padding&#8221; column_padding_tablet=&#8221;inherit&#8221; column_padding_phone=&#8221;inherit&#8221; column_padding_position=&#8221;all&#8221; column_element_direction_desktop=&#8221;default&#8221; column_element_spacing=&#8221;default&#8221; desktop_text_alignment=&#8221;default&#8221; tablet_text_alignment=&#8221;default&#8221; phone_text_alignment=&#8221;default&#8221; background_color_opacity=&#8221;1&#8243; background_hover_color_opacity=&#8221;1&#8243; column_backdrop_filter=&#8221;none&#8221; column_shadow=&#8221;none&#8221; column_border_radius=&#8221;none&#8221; column_link_target=&#8221;_self&#8221; column_position=&#8221;default&#8221; gradient_direction=&#8221;left_to_right&#8221; overlay_strength=&#8221;0.3&#8243; width=&#8221;1\/1&#8243; tablet_width_inherit=&#8221;default&#8221; animation_type=&#8221;default&#8221; bg_image_animation=&#8221;none&#8221; border_type=&#8221;simple&#8221; column_border_width=&#8221;none&#8221; column_border_style=&#8221;solid&#8221;][vc_column_text css=&#8221;&#8221; text_direction=&#8221;default&#8221;]\n<p>\nDie beliebte Minirampe im Skatepark Aesch BL musste ersetzt werden. Viele Jahre hat sie den Skatern der Region einen guten Dienst erwiesen. Leider wurde niemand gefunden der die gebrauchte Minirampe wollte und so wurde sie demontiert und recycelt.\n<p>\nEine neue Minirampe mit Extension wurde im September 2013 aufgebaut. Sie ist 1.4 Meter hoch, 9 Meter lang und mit 7.5 m die breiteste Minirampe der Region. Zus\u00e4tzlich verf\u00fcgt sie \u00fcber eine 50 cm hohe Extension. Der Skateface Fahrbelag bietet genau den richtigen Grip und wird bei Regen auch schnell wieder trocken. Das Kantenschutzprofil an den beiden Seiten der Minirampe sch\u00fctzt die Zuschauer vor abgehenden Skateboards.<br\/>Zusammen mit den bestehenden Street Obstacles bietet Aesch beim Sportplatz Lochacker den Jugendlichen einen vielseitigen Skatepark. Eine Pandora Box mit Ledge, eine Quarterpipe und eine Bank versprechen pures Skatevergn\u00fcgen, kombiniert mit einem Manual Pad und Rails.\n<p>\nEin grosses Dankesch\u00f6n geht an Oliver Standke und Thomas L\u00fcthi von der Gemeinde Aesch, die sich seit Jahren f\u00fcr das Projekt stark machten.\n[vc_gallery css=&#8221;&#8221; type=&#8221;image_grid&#8221; images=&#8221;29410&#8243; image_grid_loading=&#8221;default&#8221; layout=&#8221;4&#8243; item_spacing=&#8221;default&#8221; gallery_style=&#8221;7&#8243; load_in_animation=&#8221;none&#8221;]\n<p>\n<iframe loading=\"lazy\" src=\"https:\/\/www.youtube.com\/embed\/ph11pNlEx4k\" width=\"800\" height=\"450\" frameborder=\"0\"><\/iframe><iframe loading=\"lazy\" src=\"https:\/\/www.youtube.com\/embed\/CS_iSH2B80I\" width=\"800\" height=\"450\" frameborder=\"0\"><\/iframe>\n<p>&nbsp;<\/p>\n[\/vc_column_text][\/vc_column][\/vc_row]\n","protected":false},"excerpt":{"rendered":"<p>[vc_row type=&#8221;in_container&#8221; full_screen_row_position=&#8221;middle&#8221; column_margin=&#8221;default&#8221; column_direction=&#8221;default&#8221; column_direction_tablet=&#8221;default&#8221; column_direction_phone=&#8221;default&#8221; scene_position=&#8221;center&#8221; text_color=&#8221;dark&#8221; text_align=&#8221;left&#8221; row_border_radius=&#8221;none&#8221; row_border_radius_applies=&#8221;bg&#8221; overflow=&#8221;visible&#8221; overlay_strength=&#8221;0.3&#8243; gradient_direction=&#8221;left_to_right&#8221; shape_divider_position=&#8221;bottom&#8221; bg_image_animation=&#8221;none&#8221;][vc_column column_padding=&#8221;no-extra-padding&#8221; column_padding_tablet=&#8221;inherit&#8221; column_padding_phone=&#8221;inherit&#8221; column_padding_position=&#8221;all&#8221; column_element_direction_desktop=&#8221;default&#8221; column_element_spacing=&#8221;default&#8221; desktop_text_alignment=&#8221;default&#8221; tablet_text_alignment=&#8221;default&#8221; phone_text_alignment=&#8221;default&#8221; background_color_opacity=&#8221;1&#8243; background_hover_color_opacity=&#8221;1&#8243; column_backdrop_filter=&#8221;none&#8221; column_shadow=&#8221;none&#8221;&#8230;<\/p>\n","protected":false},"author":1,"featured_media":29409,"comment_status":"open","ping_status":"open","sticky":false,"template":"","format":"standard","meta":{"footnotes":""},"categories":[10872,10875,10867,10870,10869,10873,10874],"tags":[],"jahr":[11104],"kanton":[11122],"land":[11170],"anlagentyp":[11203],"class_list":{"0":"post-36657","1":"post","2":"type-post","3":"status-publish","4":"format-standard","5":"has-post-thumbnail","7":"category-2013-en","8":"category-bl-en","9":"category-chronology","10":"category-country","11":"category-system-type","12":"category-mobile-skate-parks","13":"category-switzerland","14":"jahr-2013-en","15":"kanton-bl-en","16":"land-schweiz-en","17":"anlagentyp-mobile-skateanlagen-en"},"_links":{"self":[{"href":"https:\/\/verticaltechnik.ch\/en\/wp-json\/wp\/v2\/posts\/36657","targetHints":{"allow":["GET"]}}],"collection":[{"href":"https:\/\/verticaltechnik.ch\/en\/wp-json\/wp\/v2\/posts"}],"about":[{"href":"https:\/\/verticaltechnik.ch\/en\/wp-json\/wp\/v2\/types\/post"}],"author":[{"embeddable":true,"href":"https:\/\/verticaltechnik.ch\/en\/wp-json\/wp\/v2\/users\/1"}],"replies":[{"embeddable":true,"href":"https:\/\/verticaltechnik.ch\/en\/wp-json\/wp\/v2\/comments?post=36657"}],"version-history":[{"count":0,"href":"https:\/\/verticaltechnik.ch\/en\/wp-json\/wp\/v2\/posts\/36657\/revisions"}],"wp:featuredmedia":[{"embeddable":true,"href":"https:\/\/verticaltechnik.ch\/en\/wp-json\/wp\/v2\/media\/29409"}],"wp:attachment":[{"href":"https:\/\/verticaltechnik.ch\/en\/wp-json\/wp\/v2\/media?parent=36657"}],"wp:term":[{"taxonomy":"category","embeddable":true,"href":"https:\/\/verticaltechnik.ch\/en\/wp-json\/wp\/v2\/categories?post=36657"},{"taxonomy":"post_tag","embeddable":true,"href":"https:\/\/verticaltechnik.ch\/en\/wp-json\/wp\/v2\/tags?post=36657"},{"taxonomy":"jahr","embeddable":true,"href":"https:\/\/verticaltechnik.ch\/en\/wp-json\/wp\/v2\/jahr?post=36657"},{"taxonomy":"kanton","embeddable":true,"href":"https:\/\/verticaltechnik.ch\/en\/wp-json\/wp\/v2\/kanton?post=36657"},{"taxonomy":"land","embeddable":true,"href":"https:\/\/verticaltechnik.ch\/en\/wp-json\/wp\/v2\/land?post=36657"},{"taxonomy":"anlagentyp","embeddable":true,"href":"https:\/\/verticaltechnik.ch\/en\/wp-json\/wp\/v2\/anlagentyp?post=36657"}],"curies":[{"name":"wp","href":"https:\/\/api.w.org\/{rel}","templated":true}]}}