{"id":36775,"date":"2013-09-25T13:23:46","date_gmt":"2013-09-25T13:23:46","guid":{"rendered":"http:\/\/newvt.verticaltechnik.ch\/news\/ch-zurich-freestyle-ch-2013\/"},"modified":"2025-11-10T20:04:16","modified_gmt":"2025-11-10T20:04:16","slug":"ch-zurich-freestyle-ch-2013","status":"publish","type":"post","link":"https:\/\/verticaltechnik.ch\/en\/ch-zurich-freestyle-ch-2013\/","title":{"rendered":"CH Zurich &#8211; Freestyle.Ch 2013"},"content":{"rendered":"[vc_row type=&#8221;in_container&#8221; full_screen_row_position=&#8221;middle&#8221; column_margin=&#8221;default&#8221; column_direction=&#8221;default&#8221; column_direction_tablet=&#8221;default&#8221; column_direction_phone=&#8221;default&#8221; scene_position=&#8221;center&#8221; text_color=&#8221;dark&#8221; text_align=&#8221;left&#8221; row_border_radius=&#8221;none&#8221; row_border_radius_applies=&#8221;bg&#8221; overflow=&#8221;visible&#8221; overlay_strength=&#8221;0.3&#8243; gradient_direction=&#8221;left_to_right&#8221; shape_divider_position=&#8221;bottom&#8221; bg_image_animation=&#8221;none&#8221;][vc_column column_padding=&#8221;no-extra-padding&#8221; column_padding_tablet=&#8221;inherit&#8221; column_padding_phone=&#8221;inherit&#8221; column_padding_position=&#8221;all&#8221; column_element_direction_desktop=&#8221;default&#8221; column_element_spacing=&#8221;default&#8221; desktop_text_alignment=&#8221;default&#8221; tablet_text_alignment=&#8221;default&#8221; phone_text_alignment=&#8221;default&#8221; background_color_opacity=&#8221;1&#8243; background_hover_color_opacity=&#8221;1&#8243; column_backdrop_filter=&#8221;none&#8221; column_shadow=&#8221;none&#8221; column_border_radius=&#8221;none&#8221; column_link_target=&#8221;_self&#8221; column_position=&#8221;default&#8221; gradient_direction=&#8221;left_to_right&#8221; overlay_strength=&#8221;0.3&#8243; width=&#8221;1\/1&#8243; tablet_width_inherit=&#8221;default&#8221; animation_type=&#8221;default&#8221; bg_image_animation=&#8221;none&#8221; border_type=&#8221;simple&#8221; column_border_width=&#8221;none&#8221; column_border_style=&#8221;solid&#8221;][vc_column_text css=&#8221;&#8221; text_direction=&#8221;default&#8221;]\n<p>\nAuch der 19te Freestyle.ch Event, der gr\u00f6sste Trendsport-Event Europas, war mit 33\u2018000 Zuschauern ein grosser Erfolg. Es massen sich Rider in den Kategorien Snowboard, Freeski, FMX und MTB. Crossover Champ, ein Kategorien\u00fcbergreifender Contest, wurde der westschweizer FMX-Star und Motorrad-K\u00fcnstler Mat Rebeaud. (Foto: Lukas M\u00e4der)\n<p>\nF\u00fcr Skater gabs eine Miniramp Hip mit Wallride von Vertical. Auf der kleinen Insel bei der Landiwiese gab es auch eine kleine Bowl. Hier findet Ihr erstmals alle Resultate:\n<p>\nFinal Result Snowboard<br\/>1. Antoine Truchon (22) aus CAN, De La Nichee<br\/>2. St\u00e5le Sandbech (20) aus NOR, Rykkinn<br\/>3. Sage Kotsenburg (20) aus den USA, Park City<br\/>6. Jan Scherrer (19) aus der <strong>Schweiz<\/strong>, Ebnat-Kappel<br\/>7. Christian Haller (23) aus der <strong>Schweiz<\/strong>, Zernez<br\/>8. Pat Burgener (19) aus der <strong>Schweiz<\/strong>, Crans Montana\n<p>\nFinal Result Freeski<br\/>1. Henrik Harlaut (22), aus SWE, \u00c5re<br\/>2. Kai Mahler (18), aus der <strong>Schweiz<\/strong>, Fischenthal<br\/>3. Gus Kenworthy (21) aus den USA, Denver<br\/>8. Jonas Hunziker (19), aus der <strong>Schweiz<\/strong>, Brienzwiler\n<p>\nFinal Result FMX<br\/>1. Mathieu Rebeaud (31), aus der <strong>Schweiz<\/strong>, Estavayer-le-Lac<br\/>2. Libor Podmol (29), aus CZE, Znosim<br\/>3. Petr Pil\u00e1t (22), aus CZE, Pysely\n<p>\nFinal Result Mountainbike<br\/>1. Anton Thelander (19), aus SWE, Uppsala<br\/>2. Sam Pilgrim (23), aus GBR, Colchester<br\/>3. Xavier Pasamonte (23), aus ESP, Barcelona<br\/>9. Ramon Hunziker (28), aus der <strong>Schweiz<\/strong>, Thun\n[vc_gallery css=&#8221;&#8221; type=&#8221;image_grid&#8221; images=&#8221;29425&#8243; image_grid_loading=&#8221;default&#8221; layout=&#8221;4&#8243; item_spacing=&#8221;default&#8221; gallery_style=&#8221;7&#8243; load_in_animation=&#8221;none&#8221;]\n<p>\n<iframe loading=\"lazy\" src=\"https:\/\/www.youtube.com\/embed\/z2YLMQXO7C4\" width=\"800\" height=\"450\" frameborder=\"0\"><\/iframe>\n<p>&nbsp;<\/p>\n[\/vc_column_text][\/vc_column][\/vc_row]\n","protected":false},"excerpt":{"rendered":"<p>[vc_row type=&#8221;in_container&#8221; full_screen_row_position=&#8221;middle&#8221; column_margin=&#8221;default&#8221; column_direction=&#8221;default&#8221; column_direction_tablet=&#8221;default&#8221; column_direction_phone=&#8221;default&#8221; scene_position=&#8221;center&#8221; text_color=&#8221;dark&#8221; text_align=&#8221;left&#8221; row_border_radius=&#8221;none&#8221; row_border_radius_applies=&#8221;bg&#8221; overflow=&#8221;visible&#8221; overlay_strength=&#8221;0.3&#8243; gradient_direction=&#8221;left_to_right&#8221; shape_divider_position=&#8221;bottom&#8221; bg_image_animation=&#8221;none&#8221;][vc_column column_padding=&#8221;no-extra-padding&#8221; column_padding_tablet=&#8221;inherit&#8221; column_padding_phone=&#8221;inherit&#8221; column_padding_position=&#8221;all&#8221; column_element_direction_desktop=&#8221;default&#8221; column_element_spacing=&#8221;default&#8221; desktop_text_alignment=&#8221;default&#8221; tablet_text_alignment=&#8221;default&#8221; phone_text_alignment=&#8221;default&#8221; background_color_opacity=&#8221;1&#8243; background_hover_color_opacity=&#8221;1&#8243; column_backdrop_filter=&#8221;none&#8221; column_shadow=&#8221;none&#8221;&#8230;<\/p>\n","protected":false},"author":1,"featured_media":29424,"comment_status":"open","ping_status":"open","sticky":false,"template":"","format":"standard","meta":{"footnotes":""},"categories":[10872,10867,10870,10899,10869,10873,10874,10917],"tags":[],"jahr":[11104],"kanton":[11167],"land":[11170],"anlagentyp":[11188,11203],"class_list":{"0":"post-36775","1":"post","2":"type-post","3":"status-publish","4":"format-standard","5":"has-post-thumbnail","7":"category-2013-en","8":"category-chronology","9":"category-country","10":"category-events-en","11":"category-system-type","12":"category-mobile-skate-parks","13":"category-switzerland","14":"category-zh-en","15":"jahr-2013-en","16":"kanton-zh-en","17":"land-schweiz-en","18":"anlagentyp-events-en","19":"anlagentyp-mobile-skateanlagen-en"},"_links":{"self":[{"href":"https:\/\/verticaltechnik.ch\/en\/wp-json\/wp\/v2\/posts\/36775","targetHints":{"allow":["GET"]}}],"collection":[{"href":"https:\/\/verticaltechnik.ch\/en\/wp-json\/wp\/v2\/posts"}],"about":[{"href":"https:\/\/verticaltechnik.ch\/en\/wp-json\/wp\/v2\/types\/post"}],"author":[{"embeddable":true,"href":"https:\/\/verticaltechnik.ch\/en\/wp-json\/wp\/v2\/users\/1"}],"replies":[{"embeddable":true,"href":"https:\/\/verticaltechnik.ch\/en\/wp-json\/wp\/v2\/comments?post=36775"}],"version-history":[{"count":0,"href":"https:\/\/verticaltechnik.ch\/en\/wp-json\/wp\/v2\/posts\/36775\/revisions"}],"wp:featuredmedia":[{"embeddable":true,"href":"https:\/\/verticaltechnik.ch\/en\/wp-json\/wp\/v2\/media\/29424"}],"wp:attachment":[{"href":"https:\/\/verticaltechnik.ch\/en\/wp-json\/wp\/v2\/media?parent=36775"}],"wp:term":[{"taxonomy":"category","embeddable":true,"href":"https:\/\/verticaltechnik.ch\/en\/wp-json\/wp\/v2\/categories?post=36775"},{"taxonomy":"post_tag","embeddable":true,"href":"https:\/\/verticaltechnik.ch\/en\/wp-json\/wp\/v2\/tags?post=36775"},{"taxonomy":"jahr","embeddable":true,"href":"https:\/\/verticaltechnik.ch\/en\/wp-json\/wp\/v2\/jahr?post=36775"},{"taxonomy":"kanton","embeddable":true,"href":"https:\/\/verticaltechnik.ch\/en\/wp-json\/wp\/v2\/kanton?post=36775"},{"taxonomy":"land","embeddable":true,"href":"https:\/\/verticaltechnik.ch\/en\/wp-json\/wp\/v2\/land?post=36775"},{"taxonomy":"anlagentyp","embeddable":true,"href":"https:\/\/verticaltechnik.ch\/en\/wp-json\/wp\/v2\/anlagentyp?post=36775"}],"curies":[{"name":"wp","href":"https:\/\/api.w.org\/{rel}","templated":true}]}}