{"id":36814,"date":"2015-12-12T13:23:46","date_gmt":"2015-12-12T13:23:46","guid":{"rendered":"http:\/\/newvt.verticaltechnik.ch\/news\/ch-colovray-nyon-skatepark-opening\/"},"modified":"2025-11-10T21:24:16","modified_gmt":"2025-11-10T21:24:16","slug":"ch-colovray-nyon-skatepark-opening","status":"publish","type":"post","link":"https:\/\/verticaltechnik.ch\/en\/ch-colovray-nyon-skatepark-opening\/","title":{"rendered":"CH Colovray, Nyon &#8211; Skatepark Opening"},"content":{"rendered":"[vc_row type=&#8221;in_container&#8221; full_screen_row_position=&#8221;middle&#8221; column_margin=&#8221;default&#8221; column_direction=&#8221;default&#8221; column_direction_tablet=&#8221;default&#8221; column_direction_phone=&#8221;default&#8221; scene_position=&#8221;center&#8221; text_color=&#8221;dark&#8221; text_align=&#8221;left&#8221; row_border_radius=&#8221;none&#8221; row_border_radius_applies=&#8221;bg&#8221; overflow=&#8221;visible&#8221; overlay_strength=&#8221;0.3&#8243; gradient_direction=&#8221;left_to_right&#8221; shape_divider_position=&#8221;bottom&#8221; bg_image_animation=&#8221;none&#8221;][vc_column column_padding=&#8221;no-extra-padding&#8221; column_padding_tablet=&#8221;inherit&#8221; column_padding_phone=&#8221;inherit&#8221; column_padding_position=&#8221;all&#8221; column_element_direction_desktop=&#8221;default&#8221; column_element_spacing=&#8221;default&#8221; desktop_text_alignment=&#8221;default&#8221; tablet_text_alignment=&#8221;default&#8221; phone_text_alignment=&#8221;default&#8221; background_color_opacity=&#8221;1&#8243; background_hover_color_opacity=&#8221;1&#8243; column_backdrop_filter=&#8221;none&#8221; column_shadow=&#8221;none&#8221; column_border_radius=&#8221;none&#8221; column_link_target=&#8221;_self&#8221; column_position=&#8221;default&#8221; gradient_direction=&#8221;left_to_right&#8221; overlay_strength=&#8221;0.3&#8243; width=&#8221;1\/1&#8243; tablet_width_inherit=&#8221;default&#8221; animation_type=&#8221;default&#8221; bg_image_animation=&#8221;none&#8221; border_type=&#8221;simple&#8221; column_border_width=&#8221;none&#8221; column_border_style=&#8221;solid&#8221;][vc_column_text css=&#8221;&#8221; text_direction=&#8221;default&#8221;]\n<p>\nAm 12. Dezember 2015 l\u00e4dt die Stadt Nyon zur feierlichen Er\u00f6ffnung des neuen Skateparks von Vertical beim Sportzentrum Colovray ein.<br\/>F\u00fcnf Transporte waren n\u00f6tig um alle Elemente nach Colovray zu bringen. Innert einer Woche wurden die rund 22 Tonnen Material vom Vertical Montageteam aufgebaut. Die sechs Meter breite Minirampe besitzt eine Extension, welche den Akteuren mehr Varianten f\u00fcr Tricks und Spr\u00fcnge erm\u00f6glicht. Eine grosse Pyramide mit Ledge und Rail steht auf der Street Line zwischen einer 6m breiten Bank und einer 4.5 m breiten Quarterpipe. Eine weitere Street Line ist mit Granit Elemente best\u00fcckt. Dort stehen eine Granit Step Curb und eine Sitzbank aus Granit zur Verf\u00fcgung. Hinzu kommen drei mobile Kicker in verschiedenen H\u00f6hen, ein Manual Table mit Square Rail und ein mobiles Flatrail mit Rundrohr.<br\/>Das Thema Sicherheit wird gross geschrieben. Alle Module sind mit Kantenschutzprofilen aus Gummi ausgestattet. Der gesamte Skatepark wurde umz\u00e4unt. Die Minirampe, sowie die Anlaufelemente wurden verschalt um der Littering-Problematik entgegen zu wirken.<br\/>Der Skatepark befindet sich am Genfer See, unmittelbarer neben dem UEFA Geb\u00e4ude im Sportzentrum von Colovray und direkt neben dem Lagerplatz des weltbekannten Schweizer Yacht Teams Alinghi.\n<p>\nAdresse:<br\/>Schwimmbadparkplatz<br\/>Sportzentrum Colovray<br\/>Chemin de la Piscine<br\/>1260 Nyon\n[vc_gallery css=&#8221;&#8221; type=&#8221;image_grid&#8221; images=&#8221;29967,29972,29976,29980,29984,29988,29992,29996,30000,30004,30008,30012,30016,30020,30024,30028,30032,30036&#8243; image_grid_loading=&#8221;default&#8221; layout=&#8221;4&#8243; item_spacing=&#8221;default&#8221; gallery_style=&#8221;7&#8243; load_in_animation=&#8221;none&#8221;]\n<p>\n<iframe loading=\"lazy\" src=\"https:\/\/www.youtube.com\/embed\/LMskA9vnOcA\" width=\"800\" height=\"450\" frameborder=\"0\"><\/iframe><iframe loading=\"lazy\" style=\"border-width: 0px;\" src=\"https:\/\/www.google.com\/maps\/embed?pb=!1m14!1m8!1m3!1d2652.6040319855824!2d6.227528000000001!3d46.369927!3m2!1i1024!2i768!4f13.1!3m3!1m2!1s0x0%3A0xa4a119d0da08d806!2sPiscine%20de%20Colovray!5e1!3m2!1sde!2sch!4v1585300175999!5m2!1sde!2sch\" width=\"800\" height=\"600\" frameborder=\"0\"><\/iframe> \n<p>&nbsp;<\/p>\n[\/vc_column_text][\/vc_column][\/vc_row]\n","protected":false},"excerpt":{"rendered":"<p>[vc_row type=&#8221;in_container&#8221; full_screen_row_position=&#8221;middle&#8221; column_margin=&#8221;default&#8221; column_direction=&#8221;default&#8221; column_direction_tablet=&#8221;default&#8221; column_direction_phone=&#8221;default&#8221; scene_position=&#8221;center&#8221; text_color=&#8221;dark&#8221; text_align=&#8221;left&#8221; row_border_radius=&#8221;none&#8221; row_border_radius_applies=&#8221;bg&#8221; overflow=&#8221;visible&#8221; overlay_strength=&#8221;0.3&#8243; gradient_direction=&#8221;left_to_right&#8221; shape_divider_position=&#8221;bottom&#8221; bg_image_animation=&#8221;none&#8221;][vc_column column_padding=&#8221;no-extra-padding&#8221; column_padding_tablet=&#8221;inherit&#8221; column_padding_phone=&#8221;inherit&#8221; column_padding_position=&#8221;all&#8221; column_element_direction_desktop=&#8221;default&#8221; column_element_spacing=&#8221;default&#8221; desktop_text_alignment=&#8221;default&#8221; tablet_text_alignment=&#8221;default&#8221; phone_text_alignment=&#8221;default&#8221; background_color_opacity=&#8221;1&#8243; background_hover_color_opacity=&#8221;1&#8243; column_backdrop_filter=&#8221;none&#8221; column_shadow=&#8221;none&#8221;&#8230;<\/p>\n","protected":false},"author":1,"featured_media":29966,"comment_status":"open","ping_status":"open","sticky":false,"template":"","format":"standard","meta":{"footnotes":""},"categories":[10952,10867,10870,10869,10873,10874,10956],"tags":[],"jahr":[11098],"kanton":[11158],"land":[11170],"anlagentyp":[11203],"class_list":{"0":"post-36814","1":"post","2":"type-post","3":"status-publish","4":"format-standard","5":"has-post-thumbnail","7":"category-2015-en","8":"category-chronology","9":"category-country","10":"category-system-type","11":"category-mobile-skate-parks","12":"category-switzerland","13":"category-vd-en","14":"jahr-2015-en","15":"kanton-vd-en","16":"land-schweiz-en","17":"anlagentyp-mobile-skateanlagen-en"},"_links":{"self":[{"href":"https:\/\/verticaltechnik.ch\/en\/wp-json\/wp\/v2\/posts\/36814","targetHints":{"allow":["GET"]}}],"collection":[{"href":"https:\/\/verticaltechnik.ch\/en\/wp-json\/wp\/v2\/posts"}],"about":[{"href":"https:\/\/verticaltechnik.ch\/en\/wp-json\/wp\/v2\/types\/post"}],"author":[{"embeddable":true,"href":"https:\/\/verticaltechnik.ch\/en\/wp-json\/wp\/v2\/users\/1"}],"replies":[{"embeddable":true,"href":"https:\/\/verticaltechnik.ch\/en\/wp-json\/wp\/v2\/comments?post=36814"}],"version-history":[{"count":0,"href":"https:\/\/verticaltechnik.ch\/en\/wp-json\/wp\/v2\/posts\/36814\/revisions"}],"wp:featuredmedia":[{"embeddable":true,"href":"https:\/\/verticaltechnik.ch\/en\/wp-json\/wp\/v2\/media\/29966"}],"wp:attachment":[{"href":"https:\/\/verticaltechnik.ch\/en\/wp-json\/wp\/v2\/media?parent=36814"}],"wp:term":[{"taxonomy":"category","embeddable":true,"href":"https:\/\/verticaltechnik.ch\/en\/wp-json\/wp\/v2\/categories?post=36814"},{"taxonomy":"post_tag","embeddable":true,"href":"https:\/\/verticaltechnik.ch\/en\/wp-json\/wp\/v2\/tags?post=36814"},{"taxonomy":"jahr","embeddable":true,"href":"https:\/\/verticaltechnik.ch\/en\/wp-json\/wp\/v2\/jahr?post=36814"},{"taxonomy":"kanton","embeddable":true,"href":"https:\/\/verticaltechnik.ch\/en\/wp-json\/wp\/v2\/kanton?post=36814"},{"taxonomy":"land","embeddable":true,"href":"https:\/\/verticaltechnik.ch\/en\/wp-json\/wp\/v2\/land?post=36814"},{"taxonomy":"anlagentyp","embeddable":true,"href":"https:\/\/verticaltechnik.ch\/en\/wp-json\/wp\/v2\/anlagentyp?post=36814"}],"curies":[{"name":"wp","href":"https:\/\/api.w.org\/{rel}","templated":true}]}}