{"id":36838,"date":"2014-05-05T13:23:46","date_gmt":"2014-05-05T13:23:46","guid":{"rendered":"http:\/\/newvt.verticaltechnik.ch\/news\/ch-la-tour-de-peilz-skate-plaza-on-lake-geneva\/"},"modified":"2025-11-10T21:16:46","modified_gmt":"2025-11-10T21:16:46","slug":"ch-la-tour-de-peilz-skate-plaza-on-lake-geneva","status":"publish","type":"post","link":"https:\/\/verticaltechnik.ch\/en\/ch-la-tour-de-peilz-skate-plaza-on-lake-geneva\/","title":{"rendered":"CH La Tour-De-Peilz &#8211; Skate Plaza on Lake Geneva"},"content":{"rendered":"[vc_row type=&#8221;in_container&#8221; full_screen_row_position=&#8221;middle&#8221; column_margin=&#8221;default&#8221; column_direction=&#8221;default&#8221; column_direction_tablet=&#8221;default&#8221; column_direction_phone=&#8221;default&#8221; scene_position=&#8221;center&#8221; text_color=&#8221;dark&#8221; text_align=&#8221;left&#8221; row_border_radius=&#8221;none&#8221; row_border_radius_applies=&#8221;bg&#8221; overflow=&#8221;visible&#8221; overlay_strength=&#8221;0.3&#8243; gradient_direction=&#8221;left_to_right&#8221; shape_divider_position=&#8221;bottom&#8221; bg_image_animation=&#8221;none&#8221;][vc_column column_padding=&#8221;no-extra-padding&#8221; column_padding_tablet=&#8221;inherit&#8221; column_padding_phone=&#8221;inherit&#8221; column_padding_position=&#8221;all&#8221; column_element_direction_desktop=&#8221;default&#8221; column_element_spacing=&#8221;default&#8221; desktop_text_alignment=&#8221;default&#8221; tablet_text_alignment=&#8221;default&#8221; phone_text_alignment=&#8221;default&#8221; background_color_opacity=&#8221;1&#8243; background_hover_color_opacity=&#8221;1&#8243; column_backdrop_filter=&#8221;none&#8221; column_shadow=&#8221;none&#8221; column_border_radius=&#8221;none&#8221; column_link_target=&#8221;_self&#8221; column_position=&#8221;default&#8221; gradient_direction=&#8221;left_to_right&#8221; overlay_strength=&#8221;0.3&#8243; width=&#8221;1\/1&#8243; tablet_width_inherit=&#8221;default&#8221; animation_type=&#8221;default&#8221; bg_image_animation=&#8221;none&#8221; border_type=&#8221;simple&#8221; column_border_width=&#8221;none&#8221; column_border_style=&#8221;solid&#8221;][vc_column_text css=&#8221;&#8221; text_direction=&#8221;default&#8221;]\n<p>\nDie Stadt La Tour-De-Peilz hat Vertical den Auftrag gegeben eine Skate Plaza im historischen \u201eParc Roussy\u201c am Genfersee zu designen. Der Auftrag lautete eine Skate Plaza in die Gr\u00fcnanlage zu integrieren, so dass er optisch ins Bild passt. Er sollte nicht zu hoch aus dem Boden ragen und nicht zu tief sein, da der Grundwasserspiegel des Genfer Sees nicht weit ist. Weitere Faktoren waren, dass die Skate Plaza ein Ort der Begegnung von Jugendlichen und \u00e4lteren Menschen sein soll, wo soziale Interaktion zwischen unterschiedlichen Generationen stattfinden kann. Auch sollte ein Wasserspiel integriert werden, weil zuvor ein Brunnen an dieser Stelle stand und die geometrische Form des Platzes sollte ebenfalls nicht ver\u00e4ndert werden.<br\/>Nach den ersten Entw\u00fcrfen wurde rasch klar, dass dieses Projekt zu einer einzigartigen Skate Plaza werden w\u00fcrde. In der Schweiz ist es das erste Projekt dieser Art. Es ist kein herk\u00f6mmlicher Skatepark aus grauem Beton der \u201enur\u201c die Bed\u00fcrfnisse der Skater abdeckt. Es ist ein Ort der optisch anspricht und unter Ber\u00fccksichtigung vieler Kriterien in die Landschaft integriert wurde.\n<p>\nDas Projekt wurde bei der ersten Pr\u00e4sentation vom Gartenbauamt abgesegnet. Danach mussten auch die Politiker von der Einzigartigkeit \u00fcberzeugt werden, damit sie dieses Projekt vor der Bev\u00f6lkerung vertreten w\u00fcrden. Auch dies gelang bei einer weiteren Pr\u00e4sentation. Danach war es an der Zeit einen ersten Workshop mit den lokalen Skatern abzuhalten, wobei noch kleine Anpassungen stattfanden.<br\/>Das Projekt steht jetzt auf gutem Fundament und es wird vom gr\u00f6ssten Teil der Bev\u00f6lkerung getragen. Das Verfahren f\u00fcr die Baubewilligung ist eingeleitet und die Finanzen sind gesichert. Jedoch gibt es leider auch Bewohner, die diesen Standort nicht ideal finden um eine Skate Plaza zu errichten.\n<p>\nWir danken schon jetzt allen von euch die dieses Projekt ideell unterst\u00fctzen!\n[vc_gallery css=&#8221;&#8221; type=&#8221;image_grid&#8221; images=&#8221;29945,29951&#8243; image_grid_loading=&#8221;default&#8221; layout=&#8221;4&#8243; item_spacing=&#8221;default&#8221; gallery_style=&#8221;7&#8243; load_in_animation=&#8221;none&#8221;]\n<p>\n<iframe loading=\"lazy\" src=\"https:\/\/www.youtube.com\/embed\/6EEUUZrq-xk\" width=\"800\" height=\"450\" frameborder=\"0\"><\/iframe>\n<p>&nbsp;<\/p>\n[\/vc_column_text][\/vc_column][\/vc_row]\n","protected":false},"excerpt":{"rendered":"<p>[vc_row type=&#8221;in_container&#8221; full_screen_row_position=&#8221;middle&#8221; column_margin=&#8221;default&#8221; column_direction=&#8221;default&#8221; column_direction_tablet=&#8221;default&#8221; column_direction_phone=&#8221;default&#8221; scene_position=&#8221;center&#8221; text_color=&#8221;dark&#8221; text_align=&#8221;left&#8221; row_border_radius=&#8221;none&#8221; row_border_radius_applies=&#8221;bg&#8221; overflow=&#8221;visible&#8221; overlay_strength=&#8221;0.3&#8243; gradient_direction=&#8221;left_to_right&#8221; shape_divider_position=&#8221;bottom&#8221; bg_image_animation=&#8221;none&#8221;][vc_column column_padding=&#8221;no-extra-padding&#8221; column_padding_tablet=&#8221;inherit&#8221; column_padding_phone=&#8221;inherit&#8221; column_padding_position=&#8221;all&#8221; column_element_direction_desktop=&#8221;default&#8221; column_element_spacing=&#8221;default&#8221; desktop_text_alignment=&#8221;default&#8221; tablet_text_alignment=&#8221;default&#8221; phone_text_alignment=&#8221;default&#8221; background_color_opacity=&#8221;1&#8243; background_hover_color_opacity=&#8221;1&#8243; column_backdrop_filter=&#8221;none&#8221; column_shadow=&#8221;none&#8221;&#8230;<\/p>\n","protected":false},"author":1,"featured_media":29944,"comment_status":"open","ping_status":"open","sticky":false,"template":"","format":"standard","meta":{"footnotes":""},"categories":[10959,10867,10795,10870,10869,10911,10874],"tags":[],"jahr":[11101],"kanton":[11131],"land":[11170],"anlagentyp":[11184],"class_list":{"0":"post-36838","1":"post","2":"type-post","3":"status-publish","4":"format-standard","5":"has-post-thumbnail","7":"category-2014-en","8":"category-chronology","9":"category-concrete-skate-parks","10":"category-country","11":"category-system-type","12":"category-ge-en","13":"category-switzerland","14":"jahr-2014-en","15":"kanton-ge-en","16":"land-schweiz-en","17":"anlagentyp-beton-skateparks-en"},"_links":{"self":[{"href":"https:\/\/verticaltechnik.ch\/en\/wp-json\/wp\/v2\/posts\/36838","targetHints":{"allow":["GET"]}}],"collection":[{"href":"https:\/\/verticaltechnik.ch\/en\/wp-json\/wp\/v2\/posts"}],"about":[{"href":"https:\/\/verticaltechnik.ch\/en\/wp-json\/wp\/v2\/types\/post"}],"author":[{"embeddable":true,"href":"https:\/\/verticaltechnik.ch\/en\/wp-json\/wp\/v2\/users\/1"}],"replies":[{"embeddable":true,"href":"https:\/\/verticaltechnik.ch\/en\/wp-json\/wp\/v2\/comments?post=36838"}],"version-history":[{"count":0,"href":"https:\/\/verticaltechnik.ch\/en\/wp-json\/wp\/v2\/posts\/36838\/revisions"}],"wp:featuredmedia":[{"embeddable":true,"href":"https:\/\/verticaltechnik.ch\/en\/wp-json\/wp\/v2\/media\/29944"}],"wp:attachment":[{"href":"https:\/\/verticaltechnik.ch\/en\/wp-json\/wp\/v2\/media?parent=36838"}],"wp:term":[{"taxonomy":"category","embeddable":true,"href":"https:\/\/verticaltechnik.ch\/en\/wp-json\/wp\/v2\/categories?post=36838"},{"taxonomy":"post_tag","embeddable":true,"href":"https:\/\/verticaltechnik.ch\/en\/wp-json\/wp\/v2\/tags?post=36838"},{"taxonomy":"jahr","embeddable":true,"href":"https:\/\/verticaltechnik.ch\/en\/wp-json\/wp\/v2\/jahr?post=36838"},{"taxonomy":"kanton","embeddable":true,"href":"https:\/\/verticaltechnik.ch\/en\/wp-json\/wp\/v2\/kanton?post=36838"},{"taxonomy":"land","embeddable":true,"href":"https:\/\/verticaltechnik.ch\/en\/wp-json\/wp\/v2\/land?post=36838"},{"taxonomy":"anlagentyp","embeddable":true,"href":"https:\/\/verticaltechnik.ch\/en\/wp-json\/wp\/v2\/anlagentyp?post=36838"}],"curies":[{"name":"wp","href":"https:\/\/api.w.org\/{rel}","templated":true}]}}