{"id":36861,"date":"2014-09-26T13:23:46","date_gmt":"2014-09-26T13:23:46","guid":{"rendered":"http:\/\/newvt.verticaltechnik.ch\/news\/ch-zollikon-mobile-skate-park\/"},"modified":"2025-11-10T20:29:29","modified_gmt":"2025-11-10T20:29:29","slug":"ch-zollikon-mobile-skate-park","status":"publish","type":"post","link":"https:\/\/verticaltechnik.ch\/en\/ch-zollikon-mobile-skate-park\/","title":{"rendered":"CH Zollikon &#8211; Mobile Skate Park"},"content":{"rendered":"[vc_row type=&#8221;in_container&#8221; full_screen_row_position=&#8221;middle&#8221; column_margin=&#8221;default&#8221; column_direction=&#8221;default&#8221; column_direction_tablet=&#8221;default&#8221; column_direction_phone=&#8221;default&#8221; scene_position=&#8221;center&#8221; text_color=&#8221;dark&#8221; text_align=&#8221;left&#8221; row_border_radius=&#8221;none&#8221; row_border_radius_applies=&#8221;bg&#8221; overflow=&#8221;visible&#8221; overlay_strength=&#8221;0.3&#8243; gradient_direction=&#8221;left_to_right&#8221; shape_divider_position=&#8221;bottom&#8221; bg_image_animation=&#8221;none&#8221;][vc_column column_padding=&#8221;no-extra-padding&#8221; column_padding_tablet=&#8221;inherit&#8221; column_padding_phone=&#8221;inherit&#8221; column_padding_position=&#8221;all&#8221; column_element_direction_desktop=&#8221;default&#8221; column_element_spacing=&#8221;default&#8221; desktop_text_alignment=&#8221;default&#8221; tablet_text_alignment=&#8221;default&#8221; phone_text_alignment=&#8221;default&#8221; background_color_opacity=&#8221;1&#8243; background_hover_color_opacity=&#8221;1&#8243; column_backdrop_filter=&#8221;none&#8221; column_shadow=&#8221;none&#8221; column_border_radius=&#8221;none&#8221; column_link_target=&#8221;_self&#8221; column_position=&#8221;default&#8221; gradient_direction=&#8221;left_to_right&#8221; overlay_strength=&#8221;0.3&#8243; width=&#8221;1\/1&#8243; tablet_width_inherit=&#8221;default&#8221; animation_type=&#8221;default&#8221; bg_image_animation=&#8221;none&#8221; border_type=&#8221;simple&#8221; column_border_width=&#8221;none&#8221; column_border_style=&#8221;solid&#8221;][vc_column_text css=&#8221;&#8221; text_direction=&#8221;default&#8221;]\n<p>\nDie Gemeinde Zollikon stand seit 2009 in Kontakt mit der Vertical Technik AG in Frenkendorf. Es sollte ein Konzept ausgearbeitet werden um die in die Jahre gekommenen Skatemodule zu ersetzen.<br\/>Die Vertical hat das Konzept in 3D visualisiert und mit dem BMX-Crack \u201eAdu\u201c aus Zollikon sowie anderen Nutzern des Skateparks abgestimmt. So wird eine 6 Meter breite und 1,4 Meter hohe Minirampe installiert. Das Besondere an dieser ist, dass die sie eine Extension aufweist und auf der Seite zum Street Parkour als Quarterpipe und Bank ausgebildet ist. Somit kann die Minirampe auch als Anlaufmodul genutzt werden, um das Zentralmodul \u201ePandora Box Step Up\u201c anzufahren. Hinzu kommt als weiteres Anlaufmodul eine sechs Meter breite 45\u00b0 steile Bank f\u00fcr Tailslides und Module. Dies sind zwei Kicker (kleine Schanzen), eine sechs Meter lange Rundrail, eine Roof Ledge (dachf\u00f6rmiges Modul), ein Manual Table und eine Stone Ledge sowie eine Curved Trick Box. Durch die Auswahl dieser Module lassen sich sowohl anspruchsvolle als auch einfache Lines fahren. Der Skatepark soll wieder ein Treffpunkt der Jugendlichen von Zollikon und Umgebung werden.\n<p>\nAm Montag und Dienstag den 22. und 23. September war es dann soweit. Die Montage wurde als Montage Workshop von Vertical geleitet, wobei die jugendlichen Eigenleistungen erbringen konnten. Da hiess es Bretter und Platten zu tragen, Schrauben festzuziehen, Fahrbel\u00e4ge zu s\u00e4ubern und vieles mehr. Der Gemeinde war es wichtig die Jugendlichen in dieses Konzept miteinzubeziehen. Die neuen Skatemodule wurden fachgerecht und entsprechend der geltenden EN 14974 Norm installiert.\n<p>\nEin grosses Dankesch\u00f6n geht an Herrn Camichel und Herrn Neuh\u00e4user der Gemeinde Zollikon, die sich zusammen mit den Jugendlichen stark f\u00fcr dieses Projekt eingesetzt haben. Adresse: Skatepark Zollikon Sportplatz Riet Gustav-Maurer-Strasse 24 8702 Zollikon\n<p>\n<strong><a href=\"https:\/\/www.zolliker-zumiker.ch\/default-cms.aspx?CMSID=655\" target=\"_blank\" rel=\"noreferrer noopener\">Zolliker-Zumiker<\/a><\/strong>\n[vc_gallery css=&#8221;&#8221; type=&#8221;image_grid&#8221; images=&#8221;29914&#8243; image_grid_loading=&#8221;default&#8221; layout=&#8221;4&#8243; item_spacing=&#8221;default&#8221; gallery_style=&#8221;7&#8243; load_in_animation=&#8221;none&#8221;]\n<p>\n<iframe loading=\"lazy\" src=\"https:\/\/www.youtube.com\/embed\/Hci_Se7_W6M\" width=\"800\" height=\"450\" frameborder=\"0\"><\/iframe> <iframe loading=\"lazy\" style=\"border: 0;\" src=\"https:\/\/www.google.com\/maps\/embed?pb=!1m14!1m8!1m3!1d5406.811372937547!2d8.572987!3d47.345477!3m2!1i1024!2i768!4f13.1!3m3!1m2!1s0x479aa7228c2ae7c9%3A0x35a09beb71c6eb4f!2sGustav-Maurer-Strasse%2024%2C%208702%20Zollikon!5e0!3m2!1sde!2sch!4v1585321734636!5m2!1sde!2sch\" width=\"800\" height=\"600\" frameborder=\"0\"><\/iframe>\n<p>&nbsp;<\/p>\n[\/vc_column_text][\/vc_column][\/vc_row]\n","protected":false},"excerpt":{"rendered":"<p>[vc_row type=&#8221;in_container&#8221; full_screen_row_position=&#8221;middle&#8221; column_margin=&#8221;default&#8221; column_direction=&#8221;default&#8221; column_direction_tablet=&#8221;default&#8221; column_direction_phone=&#8221;default&#8221; scene_position=&#8221;center&#8221; text_color=&#8221;dark&#8221; text_align=&#8221;left&#8221; row_border_radius=&#8221;none&#8221; row_border_radius_applies=&#8221;bg&#8221; overflow=&#8221;visible&#8221; overlay_strength=&#8221;0.3&#8243; gradient_direction=&#8221;left_to_right&#8221; shape_divider_position=&#8221;bottom&#8221; bg_image_animation=&#8221;none&#8221;][vc_column column_padding=&#8221;no-extra-padding&#8221; column_padding_tablet=&#8221;inherit&#8221; column_padding_phone=&#8221;inherit&#8221; column_padding_position=&#8221;all&#8221; column_element_direction_desktop=&#8221;default&#8221; column_element_spacing=&#8221;default&#8221; desktop_text_alignment=&#8221;default&#8221; tablet_text_alignment=&#8221;default&#8221; phone_text_alignment=&#8221;default&#8221; background_color_opacity=&#8221;1&#8243; background_hover_color_opacity=&#8221;1&#8243; column_backdrop_filter=&#8221;none&#8221; column_shadow=&#8221;none&#8221;&#8230;<\/p>\n","protected":false},"author":1,"featured_media":29913,"comment_status":"open","ping_status":"open","sticky":false,"template":"","format":"standard","meta":{"footnotes":""},"categories":[10959,10867,10870,10869,10873,10874,10917],"tags":[],"jahr":[11101],"kanton":[11167],"land":[11170],"anlagentyp":[11203],"class_list":{"0":"post-36861","1":"post","2":"type-post","3":"status-publish","4":"format-standard","5":"has-post-thumbnail","7":"category-2014-en","8":"category-chronology","9":"category-country","10":"category-system-type","11":"category-mobile-skate-parks","12":"category-switzerland","13":"category-zh-en","14":"jahr-2014-en","15":"kanton-zh-en","16":"land-schweiz-en","17":"anlagentyp-mobile-skateanlagen-en"},"_links":{"self":[{"href":"https:\/\/verticaltechnik.ch\/en\/wp-json\/wp\/v2\/posts\/36861","targetHints":{"allow":["GET"]}}],"collection":[{"href":"https:\/\/verticaltechnik.ch\/en\/wp-json\/wp\/v2\/posts"}],"about":[{"href":"https:\/\/verticaltechnik.ch\/en\/wp-json\/wp\/v2\/types\/post"}],"author":[{"embeddable":true,"href":"https:\/\/verticaltechnik.ch\/en\/wp-json\/wp\/v2\/users\/1"}],"replies":[{"embeddable":true,"href":"https:\/\/verticaltechnik.ch\/en\/wp-json\/wp\/v2\/comments?post=36861"}],"version-history":[{"count":0,"href":"https:\/\/verticaltechnik.ch\/en\/wp-json\/wp\/v2\/posts\/36861\/revisions"}],"wp:featuredmedia":[{"embeddable":true,"href":"https:\/\/verticaltechnik.ch\/en\/wp-json\/wp\/v2\/media\/29913"}],"wp:attachment":[{"href":"https:\/\/verticaltechnik.ch\/en\/wp-json\/wp\/v2\/media?parent=36861"}],"wp:term":[{"taxonomy":"category","embeddable":true,"href":"https:\/\/verticaltechnik.ch\/en\/wp-json\/wp\/v2\/categories?post=36861"},{"taxonomy":"post_tag","embeddable":true,"href":"https:\/\/verticaltechnik.ch\/en\/wp-json\/wp\/v2\/tags?post=36861"},{"taxonomy":"jahr","embeddable":true,"href":"https:\/\/verticaltechnik.ch\/en\/wp-json\/wp\/v2\/jahr?post=36861"},{"taxonomy":"kanton","embeddable":true,"href":"https:\/\/verticaltechnik.ch\/en\/wp-json\/wp\/v2\/kanton?post=36861"},{"taxonomy":"land","embeddable":true,"href":"https:\/\/verticaltechnik.ch\/en\/wp-json\/wp\/v2\/land?post=36861"},{"taxonomy":"anlagentyp","embeddable":true,"href":"https:\/\/verticaltechnik.ch\/en\/wp-json\/wp\/v2\/anlagentyp?post=36861"}],"curies":[{"name":"wp","href":"https:\/\/api.w.org\/{rel}","templated":true}]}}