{"id":36878,"date":"2014-10-14T13:23:46","date_gmt":"2014-10-14T13:23:46","guid":{"rendered":"http:\/\/newvt.verticaltechnik.ch\/news\/ch-wangen-bruettisellen-mini-ramp-with-extension\/"},"modified":"2025-11-11T10:20:12","modified_gmt":"2025-11-11T10:20:12","slug":"ch-wangen-bruettisellen-mini-ramp-with-extension","status":"publish","type":"post","link":"https:\/\/verticaltechnik.ch\/en\/ch-wangen-bruettisellen-mini-ramp-with-extension\/","title":{"rendered":"CH Wangen-Br\u00fcttisellen &#8211; Mini Ramp with Extension"},"content":{"rendered":"[vc_row type=&#8221;in_container&#8221; full_screen_row_position=&#8221;middle&#8221; column_margin=&#8221;default&#8221; column_direction=&#8221;default&#8221; column_direction_tablet=&#8221;default&#8221; column_direction_phone=&#8221;default&#8221; scene_position=&#8221;center&#8221; text_color=&#8221;dark&#8221; text_align=&#8221;left&#8221; row_border_radius=&#8221;none&#8221; row_border_radius_applies=&#8221;bg&#8221; overflow=&#8221;visible&#8221; overlay_strength=&#8221;0.3&#8243; gradient_direction=&#8221;left_to_right&#8221; shape_divider_position=&#8221;bottom&#8221; bg_image_animation=&#8221;none&#8221;][vc_column column_padding=&#8221;no-extra-padding&#8221; column_padding_tablet=&#8221;inherit&#8221; column_padding_phone=&#8221;inherit&#8221; column_padding_position=&#8221;all&#8221; column_element_direction_desktop=&#8221;default&#8221; column_element_spacing=&#8221;default&#8221; desktop_text_alignment=&#8221;default&#8221; tablet_text_alignment=&#8221;default&#8221; phone_text_alignment=&#8221;default&#8221; background_color_opacity=&#8221;1&#8243; background_hover_color_opacity=&#8221;1&#8243; column_backdrop_filter=&#8221;none&#8221; column_shadow=&#8221;none&#8221; column_border_radius=&#8221;none&#8221; column_link_target=&#8221;_self&#8221; column_position=&#8221;default&#8221; gradient_direction=&#8221;left_to_right&#8221; overlay_strength=&#8221;0.3&#8243; width=&#8221;1\/1&#8243; tablet_width_inherit=&#8221;default&#8221; animation_type=&#8221;default&#8221; bg_image_animation=&#8221;none&#8221; border_type=&#8221;simple&#8221; column_border_width=&#8221;none&#8221; column_border_style=&#8221;solid&#8221;][vc_column_text css=&#8221;&#8221; text_direction=&#8221;default&#8221;]\n<p>\nDie Einweihung der neuen Minirampe in Wangen-Br\u00fcttisellen fand am Samstag den 14. September 2013 statt. Es waren ca. 50 aktive Jugendliche mit Skateboards, Longboards und Scooters auf dem Platz. Alle waren sehr besch\u00e4ftigt und testeten die neuen Anlagen.\n<p>\nDie Gemeindepr\u00e4sidentin Marlies D\u00fcrst ergriff das Mikrophon um 14:30 Uhr um die Einweihung offiziell zu machen. Sie zeigte den Werdegang des Skateparks auf, der 1997 seinen Anfang nahm. Damals war der Lehrer Christian Initiator und es wurde vorerst ein Platz geteert und kleine Elemente aufgestellt. Im Jahr 2007 wurden professionelle Elemente angeschafft. Dies waren eine Bank und eine Pandora Box mit Ledge und einem Rundrail von Vertical. Sp\u00e4ter bekam der Platz eine Quarterpipe von einer Nachbarsgemeinde geschenkt. 2013 hat die Gemeinde Wangen-Br\u00fcttisellen eine neue Minirampe mit Extension bestellt. Dies war jedoch nicht ohne Eigenleistungen der Jugendlichen gedacht. Eine Gruppe von Jugendlichen entschied sich selber Hand anzulegen und buchte den Workshop Montagevorbereitung bei Vertical.\n<p>\nSilvan K\u00fcderli, der Initiator des aktuellen Minirampen Projektes, sprach anschlie\u00dfend \u00fcber den tollen Einsatz der Jugendlichen und wie wertvoll die Workshops in der Firma Vertical gewesen seien. Die M\u00f6glichkeit welche die Jugendlichen im Lager und auf der Baustelle geboten wurde, seien einzigartig gewesen und leiste einen wertvollen Beitrag an ihre Entwicklung. Nach dem Jugendarbeiter sprachen die Jugendlichen selber ein paar Worte \u00fcber ihr Projekt, welches sie sehr stark motiviert hatte. Sie hatten die ehrenvolle Aufgabe das rote Band durchzuschneiden um die Minirampe offiziell ihr Eigen nennen zu d\u00fcrfen. Sie erz\u00e4hlten, wie sie am 6. September mit dem Jugendarbeiter Silvan K\u00fcderli und Marianne Weber bei Vertical vorbei kamen. Ramon Tompos nahm sie in Empfang und f\u00fchrte die Delegation durchs B\u00fcro. In der technischen Abteilung wurde ihnen gezeigt wie die Skateanlagen entwickelt und gezeichnet werden. Der Ingenieur Florent Combeaux von Vertical erkl\u00e4rte wie Skateanlagen entstehen und wie sie in die Realit\u00e4t umgesetzt werden. Danach bekamen die Jugendlichen ein Vertical T-Shirt und Handschuhe f\u00fcr den anschlie\u00dfenden Einsatz im Lager. Roman Jeker und Mike Zitzer nahmen die Jugendlichen in der Werkstatt in Empfang und zeigten ihnen die Arbeiten die sie im Lager selber ausf\u00fchren konnten. Sie z\u00e4hlten Schrauben ab und verpackten sie, es wurden Metallteile aufgeladen und Holzlatten gestapelt. Die Jugendlichen haben so ihre eigene Minirampe f\u00fcr die Montage vorbereitet und von Hand aufgeladen. Am 11. September war der Tag der Montage. Um punkt 7 Uhr morgens standen alle Jugendlichen und der Jugendleiter im Skatepark Wangen-Br\u00fcttisellen parat. Roman und Mike kamen auch p\u00fcnktlich mit dem Toyota Land Cruiser und brachten die neue Minirampe mit dem Anh\u00e4nger mit. Das Wetter spielte auch mit, bei angenehmen Temperaturen und leichter Bew\u00f6lkung bauten die Jugendlichen die Minirampe unter der Leitung von Roman und Mike auf. Zus\u00e4tzlich wurde noch ein kleines Geschenk, ein Rail mit Rundrohr im Streetbereich in den Teerboden einbetoniert.\n<p>\nAlle haben mit viel Einsatz und voller Motivation mitgeholfen, so Roman und Mike nach der R\u00fcckkehr. Die Qualit\u00e4t der Montage sei absolut perfekt gewesen, das Resultat h\u00e4tte nicht besser sein k\u00f6nnen. Bei den Arbeiten wurde der Sicherheit Sorge getragen und niemand verletzte sich. Alle Jugendlichen haben es als einen wertvollen Einsatz gesehen.\n<p>\nDie Vertical Technik dankt allen Jugendlichen f\u00fcr Ihren Einsatz und der Gemeinde Wangen-Br\u00fcttisellen f\u00fcr den Auftrag. Ein grosser Dank geht auch an alle Mitarbeiter der Vertical, die sich pers\u00f6nlich daf\u00fcr engagiert haben, dass die Jugendlichen ein lehrreiches Projekt auf die Beine stellen konnten. Viel Spass im Skatepark Wangen-Br\u00fcttisellen!\n[vc_gallery css=&#8221;&#8221; type=&#8221;image_grid&#8221; images=&#8221;29885&#8243; image_grid_loading=&#8221;default&#8221; layout=&#8221;4&#8243; item_spacing=&#8221;default&#8221; gallery_style=&#8221;7&#8243; load_in_animation=&#8221;none&#8221;]\n<p>\n<iframe loading=\"lazy\" src=\"https:\/\/www.youtube.com\/embed\/b3S9jMbSlrg\" width=\"800\" height=\"450\" frameborder=\"0\"><\/iframe><iframe loading=\"lazy\" src=\"https:\/\/www.youtube.com\/embed\/BfrZ1ZdLvuU\" width=\"300\" height=\"150\" frameborder=\"0\"><\/iframe><iframe loading=\"lazy\" src=\"https:\/\/www.youtube.com\/embed\/lYJDSjPvo0U\" width=\"800\" height=\"450\" frameborder=\"0\"><\/iframe><iframe loading=\"lazy\" src=\"https:\/\/www.youtube.com\/embed\/uEQEy0kzPdg\" width=\"800\" height=\"450\" frameborder=\"0\"><\/iframe>\n<p>&nbsp;<\/p>\n[\/vc_column_text][\/vc_column][\/vc_row]\n","protected":false},"excerpt":{"rendered":"<p>[vc_row type=&#8221;in_container&#8221; full_screen_row_position=&#8221;middle&#8221; column_margin=&#8221;default&#8221; column_direction=&#8221;default&#8221; column_direction_tablet=&#8221;default&#8221; column_direction_phone=&#8221;default&#8221; scene_position=&#8221;center&#8221; text_color=&#8221;dark&#8221; text_align=&#8221;left&#8221; row_border_radius=&#8221;none&#8221; row_border_radius_applies=&#8221;bg&#8221; overflow=&#8221;visible&#8221; overlay_strength=&#8221;0.3&#8243; gradient_direction=&#8221;left_to_right&#8221; shape_divider_position=&#8221;bottom&#8221; bg_image_animation=&#8221;none&#8221;][vc_column column_padding=&#8221;no-extra-padding&#8221; column_padding_tablet=&#8221;inherit&#8221; column_padding_phone=&#8221;inherit&#8221; column_padding_position=&#8221;all&#8221; column_element_direction_desktop=&#8221;default&#8221; column_element_spacing=&#8221;default&#8221; desktop_text_alignment=&#8221;default&#8221; tablet_text_alignment=&#8221;default&#8221; phone_text_alignment=&#8221;default&#8221; background_color_opacity=&#8221;1&#8243; background_hover_color_opacity=&#8221;1&#8243; column_backdrop_filter=&#8221;none&#8221; column_shadow=&#8221;none&#8221;&#8230;<\/p>\n","protected":false},"author":1,"featured_media":29884,"comment_status":"open","ping_status":"open","sticky":false,"template":"","format":"standard","meta":{"footnotes":""},"categories":[10959,10867,10870,10869,10873,10874,10917],"tags":[],"jahr":[11101],"kanton":[11167],"land":[11170],"anlagentyp":[11203],"class_list":{"0":"post-36878","1":"post","2":"type-post","3":"status-publish","4":"format-standard","5":"has-post-thumbnail","7":"category-2014-en","8":"category-chronology","9":"category-country","10":"category-system-type","11":"category-mobile-skate-parks","12":"category-switzerland","13":"category-zh-en","14":"jahr-2014-en","15":"kanton-zh-en","16":"land-schweiz-en","17":"anlagentyp-mobile-skateanlagen-en"},"_links":{"self":[{"href":"https:\/\/verticaltechnik.ch\/en\/wp-json\/wp\/v2\/posts\/36878","targetHints":{"allow":["GET"]}}],"collection":[{"href":"https:\/\/verticaltechnik.ch\/en\/wp-json\/wp\/v2\/posts"}],"about":[{"href":"https:\/\/verticaltechnik.ch\/en\/wp-json\/wp\/v2\/types\/post"}],"author":[{"embeddable":true,"href":"https:\/\/verticaltechnik.ch\/en\/wp-json\/wp\/v2\/users\/1"}],"replies":[{"embeddable":true,"href":"https:\/\/verticaltechnik.ch\/en\/wp-json\/wp\/v2\/comments?post=36878"}],"version-history":[{"count":0,"href":"https:\/\/verticaltechnik.ch\/en\/wp-json\/wp\/v2\/posts\/36878\/revisions"}],"wp:featuredmedia":[{"embeddable":true,"href":"https:\/\/verticaltechnik.ch\/en\/wp-json\/wp\/v2\/media\/29884"}],"wp:attachment":[{"href":"https:\/\/verticaltechnik.ch\/en\/wp-json\/wp\/v2\/media?parent=36878"}],"wp:term":[{"taxonomy":"category","embeddable":true,"href":"https:\/\/verticaltechnik.ch\/en\/wp-json\/wp\/v2\/categories?post=36878"},{"taxonomy":"post_tag","embeddable":true,"href":"https:\/\/verticaltechnik.ch\/en\/wp-json\/wp\/v2\/tags?post=36878"},{"taxonomy":"jahr","embeddable":true,"href":"https:\/\/verticaltechnik.ch\/en\/wp-json\/wp\/v2\/jahr?post=36878"},{"taxonomy":"kanton","embeddable":true,"href":"https:\/\/verticaltechnik.ch\/en\/wp-json\/wp\/v2\/kanton?post=36878"},{"taxonomy":"land","embeddable":true,"href":"https:\/\/verticaltechnik.ch\/en\/wp-json\/wp\/v2\/land?post=36878"},{"taxonomy":"anlagentyp","embeddable":true,"href":"https:\/\/verticaltechnik.ch\/en\/wp-json\/wp\/v2\/anlagentyp?post=36878"}],"curies":[{"name":"wp","href":"https:\/\/api.w.org\/{rel}","templated":true}]}}