{"id":36892,"date":"2013-06-05T13:23:46","date_gmt":"2013-06-05T13:23:46","guid":{"rendered":"http:\/\/newvt.verticaltechnik.ch\/news\/ch-bellinzona-climbing-wall-landscape-at-the-via-gerretta-playground\/"},"modified":"2025-11-10T20:03:37","modified_gmt":"2025-11-10T20:03:37","slug":"ch-bellinzona-climbing-wall-landscape-at-the-via-gerretta-playground","status":"publish","type":"post","link":"https:\/\/verticaltechnik.ch\/en\/ch-bellinzona-climbing-wall-landscape-at-the-via-gerretta-playground\/","title":{"rendered":"CH Bellinzona &#8211; Climbing Wall Landscape at the via Gerretta Playground"},"content":{"rendered":"[vc_row type=&#8221;in_container&#8221; full_screen_row_position=&#8221;middle&#8221; column_margin=&#8221;default&#8221; column_direction=&#8221;default&#8221; column_direction_tablet=&#8221;default&#8221; column_direction_phone=&#8221;default&#8221; scene_position=&#8221;center&#8221; text_color=&#8221;dark&#8221; text_align=&#8221;left&#8221; row_border_radius=&#8221;none&#8221; row_border_radius_applies=&#8221;bg&#8221; overflow=&#8221;visible&#8221; overlay_strength=&#8221;0.3&#8243; gradient_direction=&#8221;left_to_right&#8221; shape_divider_position=&#8221;bottom&#8221; bg_image_animation=&#8221;none&#8221;][vc_column column_padding=&#8221;no-extra-padding&#8221; column_padding_tablet=&#8221;inherit&#8221; column_padding_phone=&#8221;inherit&#8221; column_padding_position=&#8221;all&#8221; column_element_direction_desktop=&#8221;default&#8221; column_element_spacing=&#8221;default&#8221; desktop_text_alignment=&#8221;default&#8221; tablet_text_alignment=&#8221;default&#8221; phone_text_alignment=&#8221;default&#8221; background_color_opacity=&#8221;1&#8243; background_hover_color_opacity=&#8221;1&#8243; column_backdrop_filter=&#8221;none&#8221; column_shadow=&#8221;none&#8221; column_border_radius=&#8221;none&#8221; column_link_target=&#8221;_self&#8221; column_position=&#8221;default&#8221; gradient_direction=&#8221;left_to_right&#8221; overlay_strength=&#8221;0.3&#8243; width=&#8221;1\/1&#8243; tablet_width_inherit=&#8221;default&#8221; animation_type=&#8221;default&#8221; bg_image_animation=&#8221;none&#8221; border_type=&#8221;simple&#8221; column_border_width=&#8221;none&#8221; column_border_style=&#8221;solid&#8221;][vc_column_text css=&#8221;&#8221; text_direction=&#8221;default&#8221;]\n<p>\nAm 5. Juni 2013 war es soweit, unweit des Fussballplatzes an der Via Gerretta, wurden sieben vorgefertigte Beton-Kletterw\u00e4nde mit naturnaher Felsstruktur installiert.<br\/>Die 10 Tonnen schweren Elemente wurden mit einem Sattelschlepper angeliefert und per Pneukran \u00fcber die hohen B\u00e4ume auf die kundenseitig vorbereiteten Fundamente gesetzt.<br\/>Alle Elemente sind beidseitig bekletterbar und teilweise mit Seilen und anderen Spielger\u00e4ten verbunden. Die Oberfl\u00e4chen der Kletterstrukturen wurden ohne k\u00fcnstliche Klettergriffe ausgef\u00fchrt. Die von Hand modellierten Ritzen, Spalten und Felsvorspr\u00fcnge stellen ideale Griffe und Tritte dar, um mit Schuhen oder Barfuss zu klettern. Die Fallschutzzonen wurden mit Kies oder Holzschnitzel nach den Vorgaben der BfU realisiert. Die Boulderw\u00e4nde sind je 3 m hoch und je 2.20 m breit. Sie k\u00f6nnen \u00f6ffentlich ohne Aufsicht betrieben werden.\n<p>\nWir danken der Stadt Bellinzona f\u00fcr die tolle Zusammenarbeit.\n[vc_gallery css=&#8221;&#8221; type=&#8221;image_grid&#8221; images=&#8221;29460,29467,29471,29475,29479,29483,29487,29491,29495,29499,29503,29507,29512,29516,29520,29524,29528,29532,29536,29540,29544,29549,29553,29557,29561,29565&#8243; image_grid_loading=&#8221;default&#8221; layout=&#8221;4&#8243; item_spacing=&#8221;default&#8221; gallery_style=&#8221;7&#8243; load_in_animation=&#8221;none&#8221;]\n<p>\n<iframe loading=\"lazy\" style=\"border: 0;\" src=\"https:\/\/www.google.com\/maps\/embed?pb=!1m14!1m8!1m3!1d2667.8607285982457!2d9.029436!3d46.203617!3m2!1i1024!2i768!4f13.1!3m3!1m2!1s0x47844bce8e5d7495%3A0xb4787503ee40bea9!2sVia%20Pratocarasso%2037%2C%206500%20Bellinzona!5e1!3m2!1sde!2sch!4v1585907459216!5m2!1sde!2sch\" width=\"800\" height=\"600\" frameborder=\"0\"><\/iframe>\n<p>&nbsp;<\/p>\n[\/vc_column_text][\/vc_column][\/vc_row]\n","protected":false},"excerpt":{"rendered":"<p>[vc_row type=&#8221;in_container&#8221; full_screen_row_position=&#8221;middle&#8221; column_margin=&#8221;default&#8221; column_direction=&#8221;default&#8221; column_direction_tablet=&#8221;default&#8221; column_direction_phone=&#8221;default&#8221; scene_position=&#8221;center&#8221; text_color=&#8221;dark&#8221; text_align=&#8221;left&#8221; row_border_radius=&#8221;none&#8221; row_border_radius_applies=&#8221;bg&#8221; overflow=&#8221;visible&#8221; overlay_strength=&#8221;0.3&#8243; gradient_direction=&#8221;left_to_right&#8221; shape_divider_position=&#8221;bottom&#8221; bg_image_animation=&#8221;none&#8221;][vc_column column_padding=&#8221;no-extra-padding&#8221; column_padding_tablet=&#8221;inherit&#8221; column_padding_phone=&#8221;inherit&#8221; column_padding_position=&#8221;all&#8221; column_element_direction_desktop=&#8221;default&#8221; column_element_spacing=&#8221;default&#8221; desktop_text_alignment=&#8221;default&#8221; tablet_text_alignment=&#8221;default&#8221; phone_text_alignment=&#8221;default&#8221; background_color_opacity=&#8221;1&#8243; background_hover_color_opacity=&#8221;1&#8243; column_backdrop_filter=&#8221;none&#8221; column_shadow=&#8221;none&#8221;&#8230;<\/p>\n","protected":false},"author":1,"featured_media":29459,"comment_status":"open","ping_status":"open","sticky":false,"template":"","format":"standard","meta":{"footnotes":""},"categories":[10872,10867,10937,10870,10869,10874,10944],"tags":[],"jahr":[11104],"kanton":[11155],"land":[11170],"anlagentyp":[11200],"class_list":{"0":"post-36892","1":"post","2":"type-post","3":"status-publish","4":"format-standard","5":"has-post-thumbnail","7":"category-2013-en","8":"category-chronology","9":"category-climbing-facilities","10":"category-country","11":"category-system-type","12":"category-switzerland","13":"category-ti-en","14":"jahr-2013-en","15":"kanton-ti-en","16":"land-schweiz-en","17":"anlagentyp-kletteranlagen-en"},"_links":{"self":[{"href":"https:\/\/verticaltechnik.ch\/en\/wp-json\/wp\/v2\/posts\/36892","targetHints":{"allow":["GET"]}}],"collection":[{"href":"https:\/\/verticaltechnik.ch\/en\/wp-json\/wp\/v2\/posts"}],"about":[{"href":"https:\/\/verticaltechnik.ch\/en\/wp-json\/wp\/v2\/types\/post"}],"author":[{"embeddable":true,"href":"https:\/\/verticaltechnik.ch\/en\/wp-json\/wp\/v2\/users\/1"}],"replies":[{"embeddable":true,"href":"https:\/\/verticaltechnik.ch\/en\/wp-json\/wp\/v2\/comments?post=36892"}],"version-history":[{"count":0,"href":"https:\/\/verticaltechnik.ch\/en\/wp-json\/wp\/v2\/posts\/36892\/revisions"}],"wp:featuredmedia":[{"embeddable":true,"href":"https:\/\/verticaltechnik.ch\/en\/wp-json\/wp\/v2\/media\/29459"}],"wp:attachment":[{"href":"https:\/\/verticaltechnik.ch\/en\/wp-json\/wp\/v2\/media?parent=36892"}],"wp:term":[{"taxonomy":"category","embeddable":true,"href":"https:\/\/verticaltechnik.ch\/en\/wp-json\/wp\/v2\/categories?post=36892"},{"taxonomy":"post_tag","embeddable":true,"href":"https:\/\/verticaltechnik.ch\/en\/wp-json\/wp\/v2\/tags?post=36892"},{"taxonomy":"jahr","embeddable":true,"href":"https:\/\/verticaltechnik.ch\/en\/wp-json\/wp\/v2\/jahr?post=36892"},{"taxonomy":"kanton","embeddable":true,"href":"https:\/\/verticaltechnik.ch\/en\/wp-json\/wp\/v2\/kanton?post=36892"},{"taxonomy":"land","embeddable":true,"href":"https:\/\/verticaltechnik.ch\/en\/wp-json\/wp\/v2\/land?post=36892"},{"taxonomy":"anlagentyp","embeddable":true,"href":"https:\/\/verticaltechnik.ch\/en\/wp-json\/wp\/v2\/anlagentyp?post=36892"}],"curies":[{"name":"wp","href":"https:\/\/api.w.org\/{rel}","templated":true}]}}