{"id":36939,"date":"2016-07-29T13:23:46","date_gmt":"2016-07-29T13:23:46","guid":{"rendered":"http:\/\/newvt.verticaltechnik.ch\/news\/f-vendenheim-concrete-flow-park\/"},"modified":"2025-11-10T21:53:58","modified_gmt":"2025-11-10T21:53:58","slug":"f-vendenheim-concrete-flow-park","status":"publish","type":"post","link":"https:\/\/verticaltechnik.ch\/en\/f-vendenheim-concrete-flow-park\/","title":{"rendered":"F Vendenheim &#8211; Concrete Flow Park"},"content":{"rendered":"[vc_row type=&#8221;in_container&#8221; full_screen_row_position=&#8221;middle&#8221; column_margin=&#8221;default&#8221; column_direction=&#8221;default&#8221; column_direction_tablet=&#8221;default&#8221; column_direction_phone=&#8221;default&#8221; scene_position=&#8221;center&#8221; text_color=&#8221;dark&#8221; text_align=&#8221;left&#8221; row_border_radius=&#8221;none&#8221; row_border_radius_applies=&#8221;bg&#8221; overflow=&#8221;visible&#8221; overlay_strength=&#8221;0.3&#8243; gradient_direction=&#8221;left_to_right&#8221; shape_divider_position=&#8221;bottom&#8221; bg_image_animation=&#8221;none&#8221;][vc_column column_padding=&#8221;no-extra-padding&#8221; column_padding_tablet=&#8221;inherit&#8221; column_padding_phone=&#8221;inherit&#8221; column_padding_position=&#8221;all&#8221; column_element_direction_desktop=&#8221;default&#8221; column_element_spacing=&#8221;default&#8221; desktop_text_alignment=&#8221;default&#8221; tablet_text_alignment=&#8221;default&#8221; phone_text_alignment=&#8221;default&#8221; background_color_opacity=&#8221;1&#8243; background_hover_color_opacity=&#8221;1&#8243; column_backdrop_filter=&#8221;none&#8221; column_shadow=&#8221;none&#8221; column_border_radius=&#8221;none&#8221; column_link_target=&#8221;_self&#8221; column_position=&#8221;default&#8221; gradient_direction=&#8221;left_to_right&#8221; overlay_strength=&#8221;0.3&#8243; width=&#8221;1\/1&#8243; tablet_width_inherit=&#8221;default&#8221; animation_type=&#8221;default&#8221; bg_image_animation=&#8221;none&#8221; border_type=&#8221;simple&#8221; column_border_width=&#8221;none&#8221; column_border_style=&#8221;solid&#8221;][vc_column_text css=&#8221;&#8221; text_direction=&#8221;default&#8221;]\n<p>\nIm Jahr 2015 wandte sich die Stadt Vendenheim an Vertical Technik AG um einen neuen Skatepark aus Beton zu entwerfen. Die Stahlmodule aus dem Jahr 2002 waren veraltet und entsprachen nicht mehr der Norm EN 14974.\n<p>\nDie ASEV (Association Sports Extremes Vendenheim) und der Gemeinderat wurden am Entstehungsprozess beteiligt, einen lebendigen Ort f\u00fcr alle zu schaffen. F\u00fcr die ASEV, bestehend aus Skateboard Fahrer, Inline-Skater und BMX Fahrer, war das Ziel, ein vielseitigen Skatepark zu errichten, der sich sowohl an erfahrene Fahrer und auch an Anf\u00e4nger richtet. Der Verein f\u00fchrt regelm\u00e4\u00dfig Kurse in der st\u00e4dtischen Agglomeration von Strasbourg durch.<br\/>So entstand ein 290 m\u00b2 grosser Skatepark, der aus einer Street Zone und einem Flow Park zusammengesetzt ist. Die Street Zone ist zwischen zwei Plattformen angeordnet. Sie ist ausgestattet mit einem Handlauf, zwei Hubbas, einem London Gap, einer kleinen Mauer, einem Manual Pad und einer flachen rechteckigen Rail. Beide Plattformen sind durch eine Bordsteinkante und eine Pyramide getrennt. Die grosse Plattform ist durch eine gro\u00dfe Hip Quarterpipe verbunden welche eine Verl\u00e4ngerung pr\u00e4sentiert. Gegen\u00fcber steht ein China-Gap neben einer Speed Bump, daneben eine andere Hip im Flow Park. Die Anordnung dieser Elemente schafft eine sehr schnelle Strecke rund um den Skatepark. In der Mitte und in der Peripherie des Skateparks wurde der Asphalt durch Rasen ersetzt. Zwei Vertiefungen auf beiden Seiten des Feldes erlauben eine nat\u00fcrliche Versickerung von Regenwasser und verhindern gleichzeitig die Zufahrt von Kraftfahrzeugen auf den Skatepark.<br\/>Nachdem das 3D Konzept und die Ausf\u00fchrungspl\u00e4ne erstellt waren, bekam die Vertical Technik AG von der Gemeinde den Auftrag die Bauarbeiten zu begleiten. Die lokale Baufirma CDM wurde f\u00fcr die Zusammenarbeit mit der spezialisierten belgischen Skatepark Baufirma Concrete Flow ausgew\u00e4hlt um die Arbeiten auszuf\u00fchren. Die Arbeiten begannen am 19. Mai 2016 und konnten am 7. Juli abgeschlossen werden. Der Zeitplan konnte eingehalten werden. Somit konnte der Skatepark zu Beginn der Sommerferien und zur Freude der Jugendlichen er\u00f6ffnet werden. Wir danken den Mitgliedern des Gemeinderates, der ASEV und den Jugendlichen f\u00fcr ihre Teilnahme am Workshop. Wir danken auch der Stadt Vendenheim f\u00fcr ihr Vertrauen und die sehr gute Zusammenarbeit w\u00e4hrend des gesamten Projekts.<br\/>Ein gro\u00dfes Dankesch\u00f6n geht an die Firmen und Concrete Flow f\u00fcr die hochstehende Qualit\u00e4t der Arbeiten.\n<p>\nAdresse Skatepark:<br\/>Rue des Ch\u00e2taigniers<br\/>F-67550 Vendenheim (in der N\u00e4he des Sportzentrums)\n[vc_gallery css=&#8221;&#8221; type=&#8221;image_grid&#8221; images=&#8221;30838,30843,30847,30851,30855,30859,30863,30867,30871,30875,30879,30883,30887,30891,30895,30899,30903&#8243; image_grid_loading=&#8221;default&#8221; layout=&#8221;4&#8243; item_spacing=&#8221;default&#8221; gallery_style=&#8221;7&#8243; load_in_animation=&#8221;none&#8221;]\n<p>\n<iframe loading=\"lazy\" src=\"https:\/\/www.youtube.com\/embed\/TL1CYUq7nkw\" width=\"800\" height=\"450\" frameborder=\"0\"><\/iframe>\n<p>&nbsp;<\/p>\n[\/vc_column_text][\/vc_column][\/vc_row]\n","protected":false},"excerpt":{"rendered":"<p>[vc_row type=&#8221;in_container&#8221; full_screen_row_position=&#8221;middle&#8221; column_margin=&#8221;default&#8221; column_direction=&#8221;default&#8221; column_direction_tablet=&#8221;default&#8221; column_direction_phone=&#8221;default&#8221; scene_position=&#8221;center&#8221; text_color=&#8221;dark&#8221; text_align=&#8221;left&#8221; row_border_radius=&#8221;none&#8221; row_border_radius_applies=&#8221;bg&#8221; overflow=&#8221;visible&#8221; overlay_strength=&#8221;0.3&#8243; gradient_direction=&#8221;left_to_right&#8221; shape_divider_position=&#8221;bottom&#8221; bg_image_animation=&#8221;none&#8221;][vc_column column_padding=&#8221;no-extra-padding&#8221; column_padding_tablet=&#8221;inherit&#8221; column_padding_phone=&#8221;inherit&#8221; column_padding_position=&#8221;all&#8221; column_element_direction_desktop=&#8221;default&#8221; column_element_spacing=&#8221;default&#8221; desktop_text_alignment=&#8221;default&#8221; tablet_text_alignment=&#8221;default&#8221; phone_text_alignment=&#8221;default&#8221; background_color_opacity=&#8221;1&#8243; background_hover_color_opacity=&#8221;1&#8243; column_backdrop_filter=&#8221;none&#8221; column_shadow=&#8221;none&#8221;&#8230;<\/p>\n","protected":false},"author":1,"featured_media":30837,"comment_status":"open","ping_status":"open","sticky":false,"template":"","format":"standard","meta":{"footnotes":""},"categories":[10940,10867,10795,10870,10869,10796],"tags":[],"jahr":[11094],"kanton":[],"land":[11175],"anlagentyp":[11184],"class_list":{"0":"post-36939","1":"post","2":"type-post","3":"status-publish","4":"format-standard","5":"has-post-thumbnail","7":"category-2016-en","8":"category-chronology","9":"category-concrete-skate-parks","10":"category-country","11":"category-system-type","12":"category-france-en","13":"jahr-2016-en","14":"land-frankreich-en","15":"anlagentyp-beton-skateparks-en"},"_links":{"self":[{"href":"https:\/\/verticaltechnik.ch\/en\/wp-json\/wp\/v2\/posts\/36939","targetHints":{"allow":["GET"]}}],"collection":[{"href":"https:\/\/verticaltechnik.ch\/en\/wp-json\/wp\/v2\/posts"}],"about":[{"href":"https:\/\/verticaltechnik.ch\/en\/wp-json\/wp\/v2\/types\/post"}],"author":[{"embeddable":true,"href":"https:\/\/verticaltechnik.ch\/en\/wp-json\/wp\/v2\/users\/1"}],"replies":[{"embeddable":true,"href":"https:\/\/verticaltechnik.ch\/en\/wp-json\/wp\/v2\/comments?post=36939"}],"version-history":[{"count":0,"href":"https:\/\/verticaltechnik.ch\/en\/wp-json\/wp\/v2\/posts\/36939\/revisions"}],"wp:featuredmedia":[{"embeddable":true,"href":"https:\/\/verticaltechnik.ch\/en\/wp-json\/wp\/v2\/media\/30837"}],"wp:attachment":[{"href":"https:\/\/verticaltechnik.ch\/en\/wp-json\/wp\/v2\/media?parent=36939"}],"wp:term":[{"taxonomy":"category","embeddable":true,"href":"https:\/\/verticaltechnik.ch\/en\/wp-json\/wp\/v2\/categories?post=36939"},{"taxonomy":"post_tag","embeddable":true,"href":"https:\/\/verticaltechnik.ch\/en\/wp-json\/wp\/v2\/tags?post=36939"},{"taxonomy":"jahr","embeddable":true,"href":"https:\/\/verticaltechnik.ch\/en\/wp-json\/wp\/v2\/jahr?post=36939"},{"taxonomy":"kanton","embeddable":true,"href":"https:\/\/verticaltechnik.ch\/en\/wp-json\/wp\/v2\/kanton?post=36939"},{"taxonomy":"land","embeddable":true,"href":"https:\/\/verticaltechnik.ch\/en\/wp-json\/wp\/v2\/land?post=36939"},{"taxonomy":"anlagentyp","embeddable":true,"href":"https:\/\/verticaltechnik.ch\/en\/wp-json\/wp\/v2\/anlagentyp?post=36939"}],"curies":[{"name":"wp","href":"https:\/\/api.w.org\/{rel}","templated":true}]}}