{"id":37104,"date":"2018-09-18T13:23:46","date_gmt":"2018-09-18T13:23:46","guid":{"rendered":"http:\/\/newvt.verticaltechnik.ch\/news\/ch-reinach-bl-street-workout\/"},"modified":"2025-11-11T10:18:19","modified_gmt":"2025-11-11T10:18:19","slug":"ch-reinach-bl-street-workout","status":"publish","type":"post","link":"https:\/\/verticaltechnik.ch\/en\/ch-reinach-bl-street-workout\/","title":{"rendered":"CH Reinach (BL) &#8211; Street Workout"},"content":{"rendered":"[vc_row type=&#8221;in_container&#8221; full_screen_row_position=&#8221;middle&#8221; column_margin=&#8221;default&#8221; column_direction=&#8221;default&#8221; column_direction_tablet=&#8221;default&#8221; column_direction_phone=&#8221;default&#8221; scene_position=&#8221;center&#8221; text_color=&#8221;dark&#8221; text_align=&#8221;left&#8221; row_border_radius=&#8221;none&#8221; row_border_radius_applies=&#8221;bg&#8221; overflow=&#8221;visible&#8221; overlay_strength=&#8221;0.3&#8243; gradient_direction=&#8221;left_to_right&#8221; shape_divider_position=&#8221;bottom&#8221; bg_image_animation=&#8221;none&#8221;][vc_column column_padding=&#8221;no-extra-padding&#8221; column_padding_tablet=&#8221;inherit&#8221; column_padding_phone=&#8221;inherit&#8221; column_padding_position=&#8221;all&#8221; column_element_direction_desktop=&#8221;default&#8221; column_element_spacing=&#8221;default&#8221; desktop_text_alignment=&#8221;default&#8221; tablet_text_alignment=&#8221;default&#8221; phone_text_alignment=&#8221;default&#8221; background_color_opacity=&#8221;1&#8243; background_hover_color_opacity=&#8221;1&#8243; column_backdrop_filter=&#8221;none&#8221; column_shadow=&#8221;none&#8221; column_border_radius=&#8221;none&#8221; column_link_target=&#8221;_self&#8221; column_position=&#8221;default&#8221; gradient_direction=&#8221;left_to_right&#8221; overlay_strength=&#8221;0.3&#8243; width=&#8221;1\/1&#8243; tablet_width_inherit=&#8221;default&#8221; animation_type=&#8221;default&#8221; bg_image_animation=&#8221;none&#8221; border_type=&#8221;simple&#8221; column_border_width=&#8221;none&#8221; column_border_style=&#8221;solid&#8221;][vc_column_text css=&#8221;&#8221; text_direction=&#8221;default&#8221;]\n<p>\nDas Gartenbad in Reinach BL wurde nach einer umfangreichen Totalsanierung am 16. Juni 2018 wieder zur Benutzung frei gegeben. Die Vertical Technik AG hat den Auftrag f\u00fcr die Realisierung einer neuen Street Workout Anlage mit EPDM Fallschutz erhalten. Die Anlage steht an einer beliebten Joggingroute vor dem Schwimmbad Eingang und ist somit kostenlos, zeitlich unlimitiert und \u00f6ffentlich zug\u00e4nglich.\n<p>\nStreet Workout ist eine zeitgem\u00e4sse Art von Fitnesstraining und passt zum aktuellen Trend eines gesunden Lifestyles. Mit dem eigenen K\u00f6rpergewicht werden \u00dcbungen an Stangen und am Boden ausgef\u00fchrt. Street Workout bringt f\u00fcr den \u00f6ffentlichen Raum zus\u00e4tzliche sportliche Komponenten. Es erm\u00f6glicht die Ausf\u00fchrung von Kraft\u00fcbungen auf dem Nachhauseweg und bietet gleichgesinnte ein eine Plattform, wo sich Sportbegeisterte treffen k\u00f6nnen.\n[vc_gallery css=&#8221;&#8221; type=&#8221;image_grid&#8221; images=&#8221;32405,32410,32414,32418,32422,32426,32430,32434,32438,32442,32446,32450,32454,32458,32462,32466,32470&#8243; image_grid_loading=&#8221;default&#8221; layout=&#8221;4&#8243; item_spacing=&#8221;default&#8221; gallery_style=&#8221;7&#8243; load_in_animation=&#8221;none&#8221;]\n<p>&nbsp;<\/p>\n[\/vc_column_text][\/vc_column][\/vc_row]\n","protected":false},"excerpt":{"rendered":"<p>[vc_row type=&#8221;in_container&#8221; full_screen_row_position=&#8221;middle&#8221; column_margin=&#8221;default&#8221; column_direction=&#8221;default&#8221; column_direction_tablet=&#8221;default&#8221; column_direction_phone=&#8221;default&#8221; scene_position=&#8221;center&#8221; text_color=&#8221;dark&#8221; text_align=&#8221;left&#8221; row_border_radius=&#8221;none&#8221; row_border_radius_applies=&#8221;bg&#8221; overflow=&#8221;visible&#8221; overlay_strength=&#8221;0.3&#8243; gradient_direction=&#8221;left_to_right&#8221; shape_divider_position=&#8221;bottom&#8221; bg_image_animation=&#8221;none&#8221;][vc_column column_padding=&#8221;no-extra-padding&#8221; column_padding_tablet=&#8221;inherit&#8221; column_padding_phone=&#8221;inherit&#8221; column_padding_position=&#8221;all&#8221; column_element_direction_desktop=&#8221;default&#8221; column_element_spacing=&#8221;default&#8221; desktop_text_alignment=&#8221;default&#8221; tablet_text_alignment=&#8221;default&#8221; phone_text_alignment=&#8221;default&#8221; background_color_opacity=&#8221;1&#8243; background_hover_color_opacity=&#8221;1&#8243; column_backdrop_filter=&#8221;none&#8221; column_shadow=&#8221;none&#8221;&#8230;<\/p>\n","protected":false},"author":1,"featured_media":32404,"comment_status":"open","ping_status":"open","sticky":false,"template":"","format":"standard","meta":{"footnotes":""},"categories":[10981,10875,10867,10870,10869,10877,10874],"tags":[],"jahr":[11088],"kanton":[11122],"land":[11170],"anlagentyp":[11209],"class_list":{"0":"post-37104","1":"post","2":"type-post","3":"status-publish","4":"format-standard","5":"has-post-thumbnail","7":"category-2018-en","8":"category-bl-en","9":"category-chronology","10":"category-country","11":"category-system-type","12":"category-street-workout-en","13":"category-switzerland","14":"jahr-2018-en","15":"kanton-bl-en","16":"land-schweiz-en","17":"anlagentyp-streetworkout-en"},"_links":{"self":[{"href":"https:\/\/verticaltechnik.ch\/en\/wp-json\/wp\/v2\/posts\/37104","targetHints":{"allow":["GET"]}}],"collection":[{"href":"https:\/\/verticaltechnik.ch\/en\/wp-json\/wp\/v2\/posts"}],"about":[{"href":"https:\/\/verticaltechnik.ch\/en\/wp-json\/wp\/v2\/types\/post"}],"author":[{"embeddable":true,"href":"https:\/\/verticaltechnik.ch\/en\/wp-json\/wp\/v2\/users\/1"}],"replies":[{"embeddable":true,"href":"https:\/\/verticaltechnik.ch\/en\/wp-json\/wp\/v2\/comments?post=37104"}],"version-history":[{"count":0,"href":"https:\/\/verticaltechnik.ch\/en\/wp-json\/wp\/v2\/posts\/37104\/revisions"}],"wp:featuredmedia":[{"embeddable":true,"href":"https:\/\/verticaltechnik.ch\/en\/wp-json\/wp\/v2\/media\/32404"}],"wp:attachment":[{"href":"https:\/\/verticaltechnik.ch\/en\/wp-json\/wp\/v2\/media?parent=37104"}],"wp:term":[{"taxonomy":"category","embeddable":true,"href":"https:\/\/verticaltechnik.ch\/en\/wp-json\/wp\/v2\/categories?post=37104"},{"taxonomy":"post_tag","embeddable":true,"href":"https:\/\/verticaltechnik.ch\/en\/wp-json\/wp\/v2\/tags?post=37104"},{"taxonomy":"jahr","embeddable":true,"href":"https:\/\/verticaltechnik.ch\/en\/wp-json\/wp\/v2\/jahr?post=37104"},{"taxonomy":"kanton","embeddable":true,"href":"https:\/\/verticaltechnik.ch\/en\/wp-json\/wp\/v2\/kanton?post=37104"},{"taxonomy":"land","embeddable":true,"href":"https:\/\/verticaltechnik.ch\/en\/wp-json\/wp\/v2\/land?post=37104"},{"taxonomy":"anlagentyp","embeddable":true,"href":"https:\/\/verticaltechnik.ch\/en\/wp-json\/wp\/v2\/anlagentyp?post=37104"}],"curies":[{"name":"wp","href":"https:\/\/api.w.org\/{rel}","templated":true}]}}