{"id":36858,"date":"2014-09-26T13:23:46","date_gmt":"2014-09-26T13:23:46","guid":{"rendered":"http:\/\/newvt.verticaltechnik.ch\/news\/ch-zollikon-skatepark-mobile\/"},"modified":"2025-11-10T20:29:28","modified_gmt":"2025-11-10T20:29:28","slug":"ch-zollikon-skatepark-mobile","status":"publish","type":"post","link":"https:\/\/verticaltechnik.ch\/fr\/ch-zollikon-skatepark-mobile\/","title":{"rendered":"CH Zollikon - Skatepark mobile"},"content":{"rendered":"[vc_row type=\u00a0\u00bbin_container\u00a0\u00bb full_screen_row_position=\u00a0\u00bbmiddle\u00a0\u00bb column_margin=\u00a0\u00bbdefault\u00a0\u00bb column_direction=\u00a0\u00bbdefault\u00a0\u00bb column_direction_tablet=\u00a0\u00bbdefault\u00a0\u00bb column_direction_phone=\u00a0\u00bbdefault\u00a0\u00bb scene_position=\u00a0\u00bbcenter\u00a0\u00bb text_color=\u00a0\u00bbdark\u00a0\u00bb text_align=\u00a0\u00bbleft\u00a0\u00bb row_border_radius=\u00a0\u00bbnone\u00a0\u00bb row_border_radius_applies=\u00a0\u00bbbg\u00a0\u00bb overflow=\u00a0\u00bbvisible\u00a0\u00bb overlay_strength=\u00a0\u00bb0.3&Prime; gradient_direction=\u00a0\u00bbleft_to_right\u00a0\u00bb shape_divider_position=\u00a0\u00bbbottom\u00a0\u00bb bg_image_animation=\u00a0\u00bbnone\u00a0\u00bb][vc_column column_padding=\u00a0\u00bbno-extra-padding\u00a0\u00bb column_padding_tablet=\u00a0\u00bbinherit\u00a0\u00bb column_padding_phone=\u00a0\u00bbinherit\u00a0\u00bb column_padding_position=\u00a0\u00bball\u00a0\u00bb column_element_direction_desktop=\u00a0\u00bbdefault\u00a0\u00bb column_element_spacing=\u00a0\u00bbdefault\u00a0\u00bb desktop_text_alignment=\u00a0\u00bbdefault\u00a0\u00bb tablet_text_alignment=\u00a0\u00bbdefault\u00a0\u00bb phone_text_alignment=\u00a0\u00bbdefault\u00a0\u00bb background_color_opacity=\u00a0\u00bb1&Prime; background_hover_color_opacity=\u00a0\u00bb1&Prime; column_backdrop_filter=\u00a0\u00bbnone\u00a0\u00bb column_shadow=\u00a0\u00bbnone\u00a0\u00bb column_border_radius=\u00a0\u00bbnone\u00a0\u00bb column_link_target=\u00a0\u00bb_self\u00a0\u00bb column_position=\u00a0\u00bbdefault\u00a0\u00bb gradient_direction=\u00a0\u00bbleft_to_right\u00a0\u00bb overlay_strength=\u00a0\u00bb0.3&Prime; width=\u00a0\u00bb1\/1&Prime; tablet_width_inherit=\u00a0\u00bbdefault\u00a0\u00bb animation_type=\u00a0\u00bbdefault\u00a0\u00bb bg_image_animation=\u00a0\u00bbnone\u00a0\u00bb border_type=\u00a0\u00bbsimple\u00a0\u00bb column_border_width=\u00a0\u00bbnone\u00a0\u00bb column_border_style=\u00a0\u00bbsolid\u00a0\u00bb][vc_column_text css=\u00a0\u00bb\u00a0\u00bb text_direction=\u00a0\u00bbdefault\u00a0\u00bb]\n<p>\nDie Gemeinde Zollikon stand seit 2009 in Kontakt mit der Vertical Technik AG in Frenkendorf. Es sollte ein Konzept ausgearbeitet werden um die in die Jahre gekommenen Skatemodule zu ersetzen.<br\/>Die Vertical hat das Konzept in 3D visualisiert und mit dem BMX-Crack \u201eAdu\u201c aus Zollikon sowie anderen Nutzern des Skateparks abgestimmt. So wird eine 6 Meter breite und 1,4 Meter hohe Minirampe installiert. Das Besondere an dieser ist, dass die sie eine Extension aufweist und auf der Seite zum Street Parkour als Quarterpipe und Bank ausgebildet ist. Somit kann die Minirampe auch als Anlaufmodul genutzt werden, um das Zentralmodul \u201ePandora Box Step Up\u201c anzufahren. Hinzu kommt als weiteres Anlaufmodul eine sechs Meter breite 45\u00b0 steile Bank f\u00fcr Tailslides und Module. Dies sind zwei Kicker (kleine Schanzen), eine sechs Meter lange Rundrail, eine Roof Ledge (dachf\u00f6rmiges Modul), ein Manual Table und eine Stone Ledge sowie eine Curved Trick Box. Durch die Auswahl dieser Module lassen sich sowohl anspruchsvolle als auch einfache Lines fahren. Der Skatepark soll wieder ein Treffpunkt der Jugendlichen von Zollikon und Umgebung werden.\n<p>\nAm Montag und Dienstag den 22. und 23. September war es dann soweit. Die Montage wurde als Montage Workshop von Vertical geleitet, wobei die jugendlichen Eigenleistungen erbringen konnten. Da hiess es Bretter und Platten zu tragen, Schrauben festzuziehen, Fahrbel\u00e4ge zu s\u00e4ubern und vieles mehr. Der Gemeinde war es wichtig die Jugendlichen in dieses Konzept miteinzubeziehen. Die neuen Skatemodule wurden fachgerecht und entsprechend der geltenden EN 14974 Norm installiert.\n<p>\nEin grosses Dankesch\u00f6n geht an Herrn Camichel und Herrn Neuh\u00e4user der Gemeinde Zollikon, die sich zusammen mit den Jugendlichen stark f\u00fcr dieses Projekt eingesetzt haben. Adresse: Skatepark Zollikon Sportplatz Riet Gustav-Maurer-Strasse 24 8702 Zollikon\n<p>\n<strong><a href=\"https:\/\/www.zolliker-zumiker.ch\/default-cms.aspx?CMSID=655\" target=\"_blank\" rel=\"noreferrer noopener\">Zolliker-Zumiker<\/a><\/strong>\n[vc_gallery css=\u00a0\u00bb\u00a0\u00bb type=\u00a0\u00bbimage_grid\u00a0\u00bb images=\u00a0\u00bb29915&Prime; image_grid_loading=\u00a0\u00bbdefault\u00a0\u00bb layout=\u00a0\u00bb4&Prime; item_spacing=\u00a0\u00bbdefault\u00a0\u00bb gallery_style=\u00a0\u00bb7&Prime; load_in_animation=\u00a0\u00bbnone\u00a0\u00bb]\n<p>\n<iframe loading=\"lazy\" src=\"https:\/\/www.youtube.com\/embed\/Hci_Se7_W6M\" width=\"800\" height=\"450\" frameborder=\"0\"><\/iframe> <iframe loading=\"lazy\" style=\"border: 0;\" src=\"https:\/\/www.google.com\/maps\/embed?pb=!1m14!1m8!1m3!1d5406.811372937547!2d8.572987!3d47.345477!3m2!1i1024!2i768!4f13.1!3m3!1m2!1s0x479aa7228c2ae7c9%3A0x35a09beb71c6eb4f!2sGustav-Maurer-Strasse%2024%2C%208702%20Zollikon!5e0!3m2!1sde!2sch!4v1585321734636!5m2!1sde!2sch\" width=\"800\" height=\"600\" frameborder=\"0\"><\/iframe>\n<p>&nbsp;<\/p>\n[\/vc_column_text][\/vc_column][\/vc_row]\n","protected":false},"excerpt":{"rendered":"<p>[vc_row type=\u00a0\u00bbin_container\u00a0\u00bb full_screen_row_position=\u00a0\u00bbmiddle\u00a0\u00bb column_margin=\u00a0\u00bbdefault\u00a0\u00bb column_direction=\u00a0\u00bbdefault\u00a0\u00bb column_direction_tablet=\u00a0\u00bbdefault\u00a0\u00bb column_direction_phone=\u00a0\u00bbdefault\u00a0\u00bb scene_position=\u00a0\u00bbcenter\u00a0\u00bb text_color=\u00a0\u00bbdark\u00a0\u00bb text_align=\u00a0\u00bbleft\u00a0\u00bb row_border_radius=\u00a0\u00bbnone\u00a0\u00bb row_border_radius_applies=\u00a0\u00bbbg\u00a0\u00bb overflow=\u00a0\u00bbvisible\u00a0\u00bb overlay_strength=\u00a0\u00bb0.3&Prime; gradient_direction=\u00a0\u00bbleft_to_right\u00a0\u00bb shape_divider_position=\u00a0\u00bbbottom\u00a0\u00bb bg_image_animation=\u00a0\u00bbnone\u00a0\u00bb][vc_column column_padding=\u00a0\u00bbno-extra-padding\u00a0\u00bb column_padding_tablet=\u00a0\u00bbinherit\u00a0\u00bb column_padding_phone=\u00a0\u00bbinherit\u00a0\u00bb column_padding_position=\u00a0\u00bball\u00a0\u00bb column_element_direction_desktop=\u00a0\u00bbdefault\u00a0\u00bb column_element_spacing=\u00a0\u00bbdefault\u00a0\u00bb desktop_text_alignment=\u00a0\u00bbdefault\u00a0\u00bb tablet_text_alignment=\u00a0\u00bbdefault\u00a0\u00bb phone_text_alignment=\u00a0\u00bbdefault\u00a0\u00bb background_color_opacity=\u00a0\u00bb1&Prime; background_hover_color_opacity=\u00a0\u00bb1&Prime; column_backdrop_filter=\u00a0\u00bbnone\u00a0\u00bb column_shadow=\u00a0\u00bbnone\u00a0\u00bb&#8230;<\/p>\n","protected":false},"author":1,"featured_media":29913,"comment_status":"open","ping_status":"open","sticky":false,"template":"","format":"standard","meta":{"footnotes":""},"categories":[10958,10856,10858,10860,10861,10857,10916],"tags":[],"jahr":[11100],"kanton":[11166],"land":[11169],"anlagentyp":[],"class_list":{"0":"post-36858","1":"post","2":"type-post","3":"status-publish","4":"format-standard","5":"has-post-thumbnail","7":"category-2014-fr","8":"category-chronologie-fr","9":"category-pays","10":"category-installations-de-skate-mobiles","11":"category-suisse","12":"category-type-dinstallation","13":"category-zh-fr","14":"jahr-2014-fr","15":"kanton-zh-fr","16":"land-schweiz-fr"},"_links":{"self":[{"href":"https:\/\/verticaltechnik.ch\/fr\/wp-json\/wp\/v2\/posts\/36858","targetHints":{"allow":["GET"]}}],"collection":[{"href":"https:\/\/verticaltechnik.ch\/fr\/wp-json\/wp\/v2\/posts"}],"about":[{"href":"https:\/\/verticaltechnik.ch\/fr\/wp-json\/wp\/v2\/types\/post"}],"author":[{"embeddable":true,"href":"https:\/\/verticaltechnik.ch\/fr\/wp-json\/wp\/v2\/users\/1"}],"replies":[{"embeddable":true,"href":"https:\/\/verticaltechnik.ch\/fr\/wp-json\/wp\/v2\/comments?post=36858"}],"version-history":[{"count":0,"href":"https:\/\/verticaltechnik.ch\/fr\/wp-json\/wp\/v2\/posts\/36858\/revisions"}],"wp:featuredmedia":[{"embeddable":true,"href":"https:\/\/verticaltechnik.ch\/fr\/wp-json\/wp\/v2\/media\/29913"}],"wp:attachment":[{"href":"https:\/\/verticaltechnik.ch\/fr\/wp-json\/wp\/v2\/media?parent=36858"}],"wp:term":[{"taxonomy":"category","embeddable":true,"href":"https:\/\/verticaltechnik.ch\/fr\/wp-json\/wp\/v2\/categories?post=36858"},{"taxonomy":"post_tag","embeddable":true,"href":"https:\/\/verticaltechnik.ch\/fr\/wp-json\/wp\/v2\/tags?post=36858"},{"taxonomy":"jahr","embeddable":true,"href":"https:\/\/verticaltechnik.ch\/fr\/wp-json\/wp\/v2\/jahr?post=36858"},{"taxonomy":"kanton","embeddable":true,"href":"https:\/\/verticaltechnik.ch\/fr\/wp-json\/wp\/v2\/kanton?post=36858"},{"taxonomy":"land","embeddable":true,"href":"https:\/\/verticaltechnik.ch\/fr\/wp-json\/wp\/v2\/land?post=36858"},{"taxonomy":"anlagentyp","embeddable":true,"href":"https:\/\/verticaltechnik.ch\/fr\/wp-json\/wp\/v2\/anlagentyp?post=36858"}],"curies":[{"name":"wp","href":"https:\/\/api.w.org\/{rel}","templated":true}]}}