{"id":36935,"date":"2016-07-29T13:23:46","date_gmt":"2016-07-29T13:23:46","guid":{"rendered":"http:\/\/newvt.verticaltechnik.ch\/news\/f-vendenheim-flow-park-en-beton\/"},"modified":"2025-11-10T21:53:57","modified_gmt":"2025-11-10T21:53:57","slug":"f-vendenheim-flow-park-en-beton","status":"publish","type":"post","link":"https:\/\/verticaltechnik.ch\/fr\/f-vendenheim-flow-park-en-beton\/","title":{"rendered":"F Vendenheim - Flow Park en b\u00e9ton"},"content":{"rendered":"[vc_row type=\u00a0\u00bbin_container\u00a0\u00bb full_screen_row_position=\u00a0\u00bbmiddle\u00a0\u00bb column_margin=\u00a0\u00bbdefault\u00a0\u00bb column_direction=\u00a0\u00bbdefault\u00a0\u00bb column_direction_tablet=\u00a0\u00bbdefault\u00a0\u00bb column_direction_phone=\u00a0\u00bbdefault\u00a0\u00bb scene_position=\u00a0\u00bbcenter\u00a0\u00bb text_color=\u00a0\u00bbdark\u00a0\u00bb text_align=\u00a0\u00bbleft\u00a0\u00bb row_border_radius=\u00a0\u00bbnone\u00a0\u00bb row_border_radius_applies=\u00a0\u00bbbg\u00a0\u00bb overflow=\u00a0\u00bbvisible\u00a0\u00bb overlay_strength=\u00a0\u00bb0.3&Prime; gradient_direction=\u00a0\u00bbleft_to_right\u00a0\u00bb shape_divider_position=\u00a0\u00bbbottom\u00a0\u00bb bg_image_animation=\u00a0\u00bbnone\u00a0\u00bb][vc_column column_padding=\u00a0\u00bbno-extra-padding\u00a0\u00bb column_padding_tablet=\u00a0\u00bbinherit\u00a0\u00bb column_padding_phone=\u00a0\u00bbinherit\u00a0\u00bb column_padding_position=\u00a0\u00bball\u00a0\u00bb column_element_direction_desktop=\u00a0\u00bbdefault\u00a0\u00bb column_element_spacing=\u00a0\u00bbdefault\u00a0\u00bb desktop_text_alignment=\u00a0\u00bbdefault\u00a0\u00bb tablet_text_alignment=\u00a0\u00bbdefault\u00a0\u00bb phone_text_alignment=\u00a0\u00bbdefault\u00a0\u00bb background_color_opacity=\u00a0\u00bb1&Prime; background_hover_color_opacity=\u00a0\u00bb1&Prime; column_backdrop_filter=\u00a0\u00bbnone\u00a0\u00bb column_shadow=\u00a0\u00bbnone\u00a0\u00bb column_border_radius=\u00a0\u00bbnone\u00a0\u00bb column_link_target=\u00a0\u00bb_self\u00a0\u00bb column_position=\u00a0\u00bbdefault\u00a0\u00bb gradient_direction=\u00a0\u00bbleft_to_right\u00a0\u00bb overlay_strength=\u00a0\u00bb0.3&Prime; width=\u00a0\u00bb1\/1&Prime; tablet_width_inherit=\u00a0\u00bbdefault\u00a0\u00bb animation_type=\u00a0\u00bbdefault\u00a0\u00bb bg_image_animation=\u00a0\u00bbnone\u00a0\u00bb border_type=\u00a0\u00bbsimple\u00a0\u00bb column_border_width=\u00a0\u00bbnone\u00a0\u00bb column_border_style=\u00a0\u00bbsolid\u00a0\u00bb][vc_column_text css=\u00a0\u00bb\u00a0\u00bb text_direction=\u00a0\u00bbdefault\u00a0\u00bb]\n<p>\nIm Jahr 2015 wandte sich die Stadt Vendenheim an Vertical Technik AG um einen neuen Skatepark aus Beton zu entwerfen. Die Stahlmodule aus dem Jahr 2002 waren veraltet und entsprachen nicht mehr der Norm EN 14974.\n<p>\nDie ASEV (Association Sports Extremes Vendenheim) und der Gemeinderat wurden am Entstehungsprozess beteiligt, einen lebendigen Ort f\u00fcr alle zu schaffen. F\u00fcr die ASEV, bestehend aus Skateboard Fahrer, Inline-Skater und BMX Fahrer, war das Ziel, ein vielseitigen Skatepark zu errichten, der sich sowohl an erfahrene Fahrer und auch an Anf\u00e4nger richtet. Der Verein f\u00fchrt regelm\u00e4\u00dfig Kurse in der st\u00e4dtischen Agglomeration von Strasbourg durch.<br\/>So entstand ein 290 m\u00b2 grosser Skatepark, der aus einer Street Zone und einem Flow Park zusammengesetzt ist. Die Street Zone ist zwischen zwei Plattformen angeordnet. Sie ist ausgestattet mit einem Handlauf, zwei Hubbas, einem London Gap, einer kleinen Mauer, einem Manual Pad und einer flachen rechteckigen Rail. Beide Plattformen sind durch eine Bordsteinkante und eine Pyramide getrennt. Die grosse Plattform ist durch eine gro\u00dfe Hip Quarterpipe verbunden welche eine Verl\u00e4ngerung pr\u00e4sentiert. Gegen\u00fcber steht ein China-Gap neben einer Speed Bump, daneben eine andere Hip im Flow Park. Die Anordnung dieser Elemente schafft eine sehr schnelle Strecke rund um den Skatepark. In der Mitte und in der Peripherie des Skateparks wurde der Asphalt durch Rasen ersetzt. Zwei Vertiefungen auf beiden Seiten des Feldes erlauben eine nat\u00fcrliche Versickerung von Regenwasser und verhindern gleichzeitig die Zufahrt von Kraftfahrzeugen auf den Skatepark.<br\/>Nachdem das 3D Konzept und die Ausf\u00fchrungspl\u00e4ne erstellt waren, bekam die Vertical Technik AG von der Gemeinde den Auftrag die Bauarbeiten zu begleiten. Die lokale Baufirma CDM wurde f\u00fcr die Zusammenarbeit mit der spezialisierten belgischen Skatepark Baufirma Concrete Flow ausgew\u00e4hlt um die Arbeiten auszuf\u00fchren. Die Arbeiten begannen am 19. Mai 2016 und konnten am 7. Juli abgeschlossen werden. Der Zeitplan konnte eingehalten werden. Somit konnte der Skatepark zu Beginn der Sommerferien und zur Freude der Jugendlichen er\u00f6ffnet werden. Wir danken den Mitgliedern des Gemeinderates, der ASEV und den Jugendlichen f\u00fcr ihre Teilnahme am Workshop. Wir danken auch der Stadt Vendenheim f\u00fcr ihr Vertrauen und die sehr gute Zusammenarbeit w\u00e4hrend des gesamten Projekts.<br\/>Ein gro\u00dfes Dankesch\u00f6n geht an die Firmen und Concrete Flow f\u00fcr die hochstehende Qualit\u00e4t der Arbeiten.\n<p>\nAdresse Skatepark:<br\/>Rue des Ch\u00e2taigniers<br\/>F-67550 Vendenheim (in der N\u00e4he des Sportzentrums)\n[vc_gallery css=\u00a0\u00bb\u00a0\u00bb type=\u00a0\u00bbimage_grid\u00a0\u00bb images=\u00a0\u00bb30839,30844,30848,30852,30856,30860,30864,30868,30872,30876,30880,30884,30888,30892,30896,30900,30904&Prime; image_grid_loading=\u00a0\u00bbdefault\u00a0\u00bb layout=\u00a0\u00bb4&Prime; item_spacing=\u00a0\u00bbdefault\u00a0\u00bb gallery_style=\u00a0\u00bb7&Prime; load_in_animation=\u00a0\u00bbnone\u00a0\u00bb]\n<p>\n<iframe loading=\"lazy\" src=\"https:\/\/www.youtube.com\/embed\/TL1CYUq7nkw\" width=\"800\" height=\"450\" frameborder=\"0\"><\/iframe>\n<p>&nbsp;<\/p>\n[\/vc_column_text][\/vc_column][\/vc_row]\n","protected":false},"excerpt":{"rendered":"<p>[vc_row type=\u00a0\u00bbin_container\u00a0\u00bb full_screen_row_position=\u00a0\u00bbmiddle\u00a0\u00bb column_margin=\u00a0\u00bbdefault\u00a0\u00bb column_direction=\u00a0\u00bbdefault\u00a0\u00bb column_direction_tablet=\u00a0\u00bbdefault\u00a0\u00bb column_direction_phone=\u00a0\u00bbdefault\u00a0\u00bb scene_position=\u00a0\u00bbcenter\u00a0\u00bb text_color=\u00a0\u00bbdark\u00a0\u00bb text_align=\u00a0\u00bbleft\u00a0\u00bb row_border_radius=\u00a0\u00bbnone\u00a0\u00bb row_border_radius_applies=\u00a0\u00bbbg\u00a0\u00bb overflow=\u00a0\u00bbvisible\u00a0\u00bb overlay_strength=\u00a0\u00bb0.3&Prime; gradient_direction=\u00a0\u00bbleft_to_right\u00a0\u00bb shape_divider_position=\u00a0\u00bbbottom\u00a0\u00bb bg_image_animation=\u00a0\u00bbnone\u00a0\u00bb][vc_column column_padding=\u00a0\u00bbno-extra-padding\u00a0\u00bb column_padding_tablet=\u00a0\u00bbinherit\u00a0\u00bb column_padding_phone=\u00a0\u00bbinherit\u00a0\u00bb column_padding_position=\u00a0\u00bball\u00a0\u00bb column_element_direction_desktop=\u00a0\u00bbdefault\u00a0\u00bb column_element_spacing=\u00a0\u00bbdefault\u00a0\u00bb desktop_text_alignment=\u00a0\u00bbdefault\u00a0\u00bb tablet_text_alignment=\u00a0\u00bbdefault\u00a0\u00bb phone_text_alignment=\u00a0\u00bbdefault\u00a0\u00bb background_color_opacity=\u00a0\u00bb1&Prime; background_hover_color_opacity=\u00a0\u00bb1&Prime; column_backdrop_filter=\u00a0\u00bbnone\u00a0\u00bb column_shadow=\u00a0\u00bbnone\u00a0\u00bb&#8230;<\/p>\n","protected":false},"author":1,"featured_media":30837,"comment_status":"open","ping_status":"open","sticky":false,"template":"","format":"standard","meta":{"footnotes":""},"categories":[10939,10856,10792,10858,10791,10857],"tags":[],"jahr":[11093],"kanton":[],"land":[11174],"anlagentyp":[],"class_list":{"0":"post-36935","1":"post","2":"type-post","3":"status-publish","4":"format-standard","5":"has-post-thumbnail","7":"category-2016-fr","8":"category-chronologie-fr","9":"category-france","10":"category-pays","11":"category-skateparks-en-beton","12":"category-type-dinstallation","13":"jahr-2016-fr","14":"land-frankreich-fr"},"_links":{"self":[{"href":"https:\/\/verticaltechnik.ch\/fr\/wp-json\/wp\/v2\/posts\/36935","targetHints":{"allow":["GET"]}}],"collection":[{"href":"https:\/\/verticaltechnik.ch\/fr\/wp-json\/wp\/v2\/posts"}],"about":[{"href":"https:\/\/verticaltechnik.ch\/fr\/wp-json\/wp\/v2\/types\/post"}],"author":[{"embeddable":true,"href":"https:\/\/verticaltechnik.ch\/fr\/wp-json\/wp\/v2\/users\/1"}],"replies":[{"embeddable":true,"href":"https:\/\/verticaltechnik.ch\/fr\/wp-json\/wp\/v2\/comments?post=36935"}],"version-history":[{"count":0,"href":"https:\/\/verticaltechnik.ch\/fr\/wp-json\/wp\/v2\/posts\/36935\/revisions"}],"wp:featuredmedia":[{"embeddable":true,"href":"https:\/\/verticaltechnik.ch\/fr\/wp-json\/wp\/v2\/media\/30837"}],"wp:attachment":[{"href":"https:\/\/verticaltechnik.ch\/fr\/wp-json\/wp\/v2\/media?parent=36935"}],"wp:term":[{"taxonomy":"category","embeddable":true,"href":"https:\/\/verticaltechnik.ch\/fr\/wp-json\/wp\/v2\/categories?post=36935"},{"taxonomy":"post_tag","embeddable":true,"href":"https:\/\/verticaltechnik.ch\/fr\/wp-json\/wp\/v2\/tags?post=36935"},{"taxonomy":"jahr","embeddable":true,"href":"https:\/\/verticaltechnik.ch\/fr\/wp-json\/wp\/v2\/jahr?post=36935"},{"taxonomy":"kanton","embeddable":true,"href":"https:\/\/verticaltechnik.ch\/fr\/wp-json\/wp\/v2\/kanton?post=36935"},{"taxonomy":"land","embeddable":true,"href":"https:\/\/verticaltechnik.ch\/fr\/wp-json\/wp\/v2\/land?post=36935"},{"taxonomy":"anlagentyp","embeddable":true,"href":"https:\/\/verticaltechnik.ch\/fr\/wp-json\/wp\/v2\/anlagentyp?post=36935"}],"curies":[{"name":"wp","href":"https:\/\/api.w.org\/{rel}","templated":true}]}}