{"id":36961,"date":"2016-04-30T13:23:46","date_gmt":"2016-04-30T13:23:46","guid":{"rendered":"http:\/\/newvt.verticaltechnik.ch\/news\/ch-crans-pres-celigny-ouverture-du-skatepark\/"},"modified":"2025-11-10T21:52:42","modified_gmt":"2025-11-10T21:52:42","slug":"ch-crans-pres-celigny-ouverture-du-skatepark","status":"publish","type":"post","link":"https:\/\/verticaltechnik.ch\/fr\/ch-crans-pres-celigny-ouverture-du-skatepark\/","title":{"rendered":"CH Crans-pr\u00e8s-C\u00e9ligny - Ouverture du skatepark"},"content":{"rendered":"[vc_row type=\u00a0\u00bbin_container\u00a0\u00bb full_screen_row_position=\u00a0\u00bbmiddle\u00a0\u00bb column_margin=\u00a0\u00bbdefault\u00a0\u00bb column_direction=\u00a0\u00bbdefault\u00a0\u00bb column_direction_tablet=\u00a0\u00bbdefault\u00a0\u00bb column_direction_phone=\u00a0\u00bbdefault\u00a0\u00bb scene_position=\u00a0\u00bbcenter\u00a0\u00bb text_color=\u00a0\u00bbdark\u00a0\u00bb text_align=\u00a0\u00bbleft\u00a0\u00bb row_border_radius=\u00a0\u00bbnone\u00a0\u00bb row_border_radius_applies=\u00a0\u00bbbg\u00a0\u00bb overflow=\u00a0\u00bbvisible\u00a0\u00bb overlay_strength=\u00a0\u00bb0.3&Prime; gradient_direction=\u00a0\u00bbleft_to_right\u00a0\u00bb shape_divider_position=\u00a0\u00bbbottom\u00a0\u00bb bg_image_animation=\u00a0\u00bbnone\u00a0\u00bb][vc_column column_padding=\u00a0\u00bbno-extra-padding\u00a0\u00bb column_padding_tablet=\u00a0\u00bbinherit\u00a0\u00bb column_padding_phone=\u00a0\u00bbinherit\u00a0\u00bb column_padding_position=\u00a0\u00bball\u00a0\u00bb column_element_direction_desktop=\u00a0\u00bbdefault\u00a0\u00bb column_element_spacing=\u00a0\u00bbdefault\u00a0\u00bb desktop_text_alignment=\u00a0\u00bbdefault\u00a0\u00bb tablet_text_alignment=\u00a0\u00bbdefault\u00a0\u00bb phone_text_alignment=\u00a0\u00bbdefault\u00a0\u00bb background_color_opacity=\u00a0\u00bb1&Prime; background_hover_color_opacity=\u00a0\u00bb1&Prime; column_backdrop_filter=\u00a0\u00bbnone\u00a0\u00bb column_shadow=\u00a0\u00bbnone\u00a0\u00bb column_border_radius=\u00a0\u00bbnone\u00a0\u00bb column_link_target=\u00a0\u00bb_self\u00a0\u00bb column_position=\u00a0\u00bbdefault\u00a0\u00bb gradient_direction=\u00a0\u00bbleft_to_right\u00a0\u00bb overlay_strength=\u00a0\u00bb0.3&Prime; width=\u00a0\u00bb1\/1&Prime; tablet_width_inherit=\u00a0\u00bbdefault\u00a0\u00bb animation_type=\u00a0\u00bbdefault\u00a0\u00bb bg_image_animation=\u00a0\u00bbnone\u00a0\u00bb border_type=\u00a0\u00bbsimple\u00a0\u00bb column_border_width=\u00a0\u00bbnone\u00a0\u00bb column_border_style=\u00a0\u00bbsolid\u00a0\u00bb][vc_column_text css=\u00a0\u00bb\u00a0\u00bb text_direction=\u00a0\u00bbdefault\u00a0\u00bb]\n<p>\nBei unsicherer Wetterlage wurde der Skatepark am 30. April 2016 mit einer Skateboard Session eingeweiht. Dabei f\u00fchrten die lokalen Skater und sechs aus Z\u00fcrich angereiste Skateboard Amateure ihre Tricks auf der Skate Plaza vor. Luca B\u00f6hi, Ben Chamino, Dome Zollinger, Jannick Burri, Simon Garcia und Lucas Maurer testeten den Park auf Herz und Nieren. Es kamen viele Anwohner aus Crans, aber auch Interessierte aus anderen Gemeinden, um das spezielle Projekt zu besichtigen.\n<p>\nDer Projektleiter und Gemeinderat Robert Middleton hielt die Ansprache und verdanke alle Beteiligten. Arthur, der Vizepr\u00e4sident, und Loic, der Pr\u00e4sident des Vereins, beschrieben die Geschichte der Entstehung des Projektes. Das Design wurde von Vertical vorgeschlagen und mit einem Workshop verfeinert.<br\/>Die Gartenbaufirma Boccard hatte alle Erdarbeiten inklusive Vorbereitung der Formen f\u00fcr Vertical erstellt. Somit konnte der Skatepark von Vertical Technik AG in kurzer Zeit realisiert werden. Die Zusammenarbeit ging Hand in Hand und das Resultat wurde fantastisch.<br\/>Der Skatepark konnte ideal in die Landschaft integriert werden. Er besteht aus einem Rundkurs der in beide Richtungen gefahren werden kann. In der Mitte und ringsum wurden Gr\u00fcnfl\u00e4chen sowie Bepflanzungen realisiert. Dieses Projekt hebt sich von den \u201enormalen\u201c Skateparks ab, welche grosse betonierte Fl\u00e4chen aufweisen. Auch wurden einige Elemente aus Granit gebaut, um die Qualit\u00e4t des Projektes anzuheben.<br\/>Bei der Konzeption wurde auch darauf geachtet, dass unterschiedliche Bed\u00fcrfnisse der Benutzer ber\u00fccksichtigt werden. Beim Eingang zum Skatepark wurden Sitzb\u00e4nke und Tische installiert wo sich Zuschauer zu den Jugendlichen gesellen k\u00f6nnen. Neben dem Skatepark wurde ein kleiner Bewegungspark installiert, um auch f\u00fcr die \u00e4lteren Dorfbewohner eine Bewegungsm\u00f6glichkeit zu schaffen. Allerdings freuen sich auch Kinder und Jugendliche \u00fcber diese Ger\u00e4te.\n[vc_gallery css=\u00a0\u00bb\u00a0\u00bb type=\u00a0\u00bbimage_grid\u00a0\u00bb images=\u00a0\u00bb31118&Prime; image_grid_loading=\u00a0\u00bbdefault\u00a0\u00bb layout=\u00a0\u00bb4&Prime; item_spacing=\u00a0\u00bbdefault\u00a0\u00bb gallery_style=\u00a0\u00bb7&Prime; load_in_animation=\u00a0\u00bbnone\u00a0\u00bb]\n<p>\n<iframe loading=\"lazy\" style=\"border: 0;\" src=\"https:\/\/www.google.com\/maps\/embed?pb=!1m14!1m8!1m3!1d42447.049890919014!2d6.203668!3d46.362996!3m2!1i1024!2i768!4f13.1!3m3!1m2!1s0x478c5d414eb52163%3A0x90cd1cfa4bb5f7f8!2sChemin%20des%20Sports%2C%201299%20Crans-pr%C3%A8s-C%C3%A9ligny!5e1!3m2!1sde!2sch!4v1585296557450!5m2!1sde!2sch\" width=\"800\" height=\"600\" frameborder=\"0\"><\/iframe>\n<p><iframe loading=\"lazy\" src=\"https:\/\/www.youtube.com\/embed\/R28QRnfxfH4\" width=\"800\" height=\"450\" frameborder=\"0\"><\/iframe><\/p>\n<p>&nbsp;<\/p>\n[\/vc_column_text][\/vc_column][\/vc_row]\n","protected":false},"excerpt":{"rendered":"<p>[vc_row type=\u00a0\u00bbin_container\u00a0\u00bb full_screen_row_position=\u00a0\u00bbmiddle\u00a0\u00bb column_margin=\u00a0\u00bbdefault\u00a0\u00bb column_direction=\u00a0\u00bbdefault\u00a0\u00bb column_direction_tablet=\u00a0\u00bbdefault\u00a0\u00bb column_direction_phone=\u00a0\u00bbdefault\u00a0\u00bb scene_position=\u00a0\u00bbcenter\u00a0\u00bb text_color=\u00a0\u00bbdark\u00a0\u00bb text_align=\u00a0\u00bbleft\u00a0\u00bb row_border_radius=\u00a0\u00bbnone\u00a0\u00bb row_border_radius_applies=\u00a0\u00bbbg\u00a0\u00bb overflow=\u00a0\u00bbvisible\u00a0\u00bb overlay_strength=\u00a0\u00bb0.3&Prime; gradient_direction=\u00a0\u00bbleft_to_right\u00a0\u00bb shape_divider_position=\u00a0\u00bbbottom\u00a0\u00bb bg_image_animation=\u00a0\u00bbnone\u00a0\u00bb][vc_column column_padding=\u00a0\u00bbno-extra-padding\u00a0\u00bb column_padding_tablet=\u00a0\u00bbinherit\u00a0\u00bb column_padding_phone=\u00a0\u00bbinherit\u00a0\u00bb column_padding_position=\u00a0\u00bball\u00a0\u00bb column_element_direction_desktop=\u00a0\u00bbdefault\u00a0\u00bb column_element_spacing=\u00a0\u00bbdefault\u00a0\u00bb desktop_text_alignment=\u00a0\u00bbdefault\u00a0\u00bb tablet_text_alignment=\u00a0\u00bbdefault\u00a0\u00bb phone_text_alignment=\u00a0\u00bbdefault\u00a0\u00bb background_color_opacity=\u00a0\u00bb1&Prime; background_hover_color_opacity=\u00a0\u00bb1&Prime; column_backdrop_filter=\u00a0\u00bbnone\u00a0\u00bb column_shadow=\u00a0\u00bbnone\u00a0\u00bb&#8230;<\/p>\n","protected":false},"author":1,"featured_media":31116,"comment_status":"open","ping_status":"open","sticky":false,"template":"","format":"standard","meta":{"footnotes":""},"categories":[10939,10856,10858,10791,10861,10857,10955],"tags":[],"jahr":[11093],"kanton":[11157],"land":[11169],"anlagentyp":[],"class_list":{"0":"post-36961","1":"post","2":"type-post","3":"status-publish","4":"format-standard","5":"has-post-thumbnail","7":"category-2016-fr","8":"category-chronologie-fr","9":"category-pays","10":"category-skateparks-en-beton","11":"category-suisse","12":"category-type-dinstallation","13":"category-vd-fr","14":"jahr-2016-fr","15":"kanton-vd-fr","16":"land-schweiz-fr"},"_links":{"self":[{"href":"https:\/\/verticaltechnik.ch\/fr\/wp-json\/wp\/v2\/posts\/36961","targetHints":{"allow":["GET"]}}],"collection":[{"href":"https:\/\/verticaltechnik.ch\/fr\/wp-json\/wp\/v2\/posts"}],"about":[{"href":"https:\/\/verticaltechnik.ch\/fr\/wp-json\/wp\/v2\/types\/post"}],"author":[{"embeddable":true,"href":"https:\/\/verticaltechnik.ch\/fr\/wp-json\/wp\/v2\/users\/1"}],"replies":[{"embeddable":true,"href":"https:\/\/verticaltechnik.ch\/fr\/wp-json\/wp\/v2\/comments?post=36961"}],"version-history":[{"count":0,"href":"https:\/\/verticaltechnik.ch\/fr\/wp-json\/wp\/v2\/posts\/36961\/revisions"}],"wp:featuredmedia":[{"embeddable":true,"href":"https:\/\/verticaltechnik.ch\/fr\/wp-json\/wp\/v2\/media\/31116"}],"wp:attachment":[{"href":"https:\/\/verticaltechnik.ch\/fr\/wp-json\/wp\/v2\/media?parent=36961"}],"wp:term":[{"taxonomy":"category","embeddable":true,"href":"https:\/\/verticaltechnik.ch\/fr\/wp-json\/wp\/v2\/categories?post=36961"},{"taxonomy":"post_tag","embeddable":true,"href":"https:\/\/verticaltechnik.ch\/fr\/wp-json\/wp\/v2\/tags?post=36961"},{"taxonomy":"jahr","embeddable":true,"href":"https:\/\/verticaltechnik.ch\/fr\/wp-json\/wp\/v2\/jahr?post=36961"},{"taxonomy":"kanton","embeddable":true,"href":"https:\/\/verticaltechnik.ch\/fr\/wp-json\/wp\/v2\/kanton?post=36961"},{"taxonomy":"land","embeddable":true,"href":"https:\/\/verticaltechnik.ch\/fr\/wp-json\/wp\/v2\/land?post=36961"},{"taxonomy":"anlagentyp","embeddable":true,"href":"https:\/\/verticaltechnik.ch\/fr\/wp-json\/wp\/v2\/anlagentyp?post=36961"}],"curies":[{"name":"wp","href":"https:\/\/api.w.org\/{rel}","templated":true}]}}