{"id":37008,"date":"2023-02-22T13:23:46","date_gmt":"2023-02-22T13:23:46","guid":{"rendered":"http:\/\/newvt.verticaltechnik.ch\/news\/ch-thal-skatepark-en-beton\/"},"modified":"2025-11-11T13:57:22","modified_gmt":"2025-11-11T13:57:22","slug":"ch-thal-skatepark-en-beton","status":"publish","type":"post","link":"https:\/\/verticaltechnik.ch\/fr\/ch-thal-skatepark-en-beton\/","title":{"rendered":"CH Thal \u2013 Skatepark en b\u00e9ton"},"content":{"rendered":"\n<p>Outre une installation de street workout, Vertical a \u00e9galement travaill\u00e9 sur un projet de skatepark pour le complexe sportif Skillsarena \u00e0 Thal. Le concept a \u00e9t\u00e9 d\u00e9velopp\u00e9 lors de plusieurs ateliers de conception avec les jeunes de la commune. Le skatepark est tr\u00e8s compact, mais offre de nombreuses possibilit\u00e9s. Il comprend une mini-rampe spine et une ligne de saut. Les travaux de construction ont eu lieu \u00e0 l&rsquo;automne 2022. L&rsquo;ouverture est toutefois pr\u00e9vue plus tard en 2023, apr\u00e8s l&rsquo;ach\u00e8vement du pumptrack et des travaux d&rsquo;am\u00e9nagement (\u00e9ventuellement au printemps\/\u00e9t\u00e9 2023).     <\/p>\n\n<p>Nous remercions la commune de Thal pour sa confiance et le bureau de planification OePlan pour son excellente collaboration. <\/p>\n\n<p>Lien vers le site web : <a href=\"https:\/\/skillsarena-thal.ch\/\" target=\"_blank\" rel=\"noreferrer noopener\">https:\/\/skillsarena-thal.ch\/<strong><\/strong><\/a><\/p>\n\n<p>Adresse<br\/>Skills Arena <br\/>B\u00fctzelstrasse 1<br\/>9422 Staad<\/p>\n<p><!-- \/wp:post-content -->[vc_gallery css=\u00a0\u00bb\u00a0\u00bb type=\u00a0\u00bbimage_grid\u00a0\u00bb images=\u00a0\u00bb35003,34979,34983,34987,34991,34997,34998,35007,35013,35014,35034,35029,35031,35039,35019,35023&Prime; image_grid_loading=\u00a0\u00bbdefault\u00a0\u00bb layout=\u00a0\u00bb4&Prime; item_spacing=\u00a0\u00bbdefault\u00a0\u00bb gallery_style=\u00a0\u00bb7&Prime; load_in_animation=\u00a0\u00bbnone\u00a0\u00bb]<!-- wp:paragraph -->\n<p><\/p>\n<!-- \/wp:paragraph -->","protected":false},"excerpt":{"rendered":"<p>Outre une installation de street workout, Vertical a \u00e9galement travaill\u00e9 sur un projet de skatepark pour le complexe sportif Skillsarena \u00e0 Thal. Le concept a \u00e9t\u00e9 d\u00e9velopp\u00e9 lors de plusieurs&#8230;<\/p>\n","protected":false},"author":1,"featured_media":34999,"comment_status":"open","ping_status":"open","sticky":false,"template":"","format":"standard","meta":{"footnotes":""},"categories":[10973,10856,10858,10903,10791,10861,10857],"tags":[],"jahr":[11074],"kanton":[11145],"land":[11169],"anlagentyp":[],"class_list":{"0":"post-37008","1":"post","2":"type-post","3":"status-publish","4":"format-standard","5":"has-post-thumbnail","7":"category-2023-fr","8":"category-chronologie-fr","9":"category-pays","10":"category-sg-fr","11":"category-skateparks-en-beton","12":"category-suisse","13":"category-type-dinstallation","14":"jahr-2023-fr","15":"kanton-sg-fr","16":"land-schweiz-fr"},"_links":{"self":[{"href":"https:\/\/verticaltechnik.ch\/fr\/wp-json\/wp\/v2\/posts\/37008","targetHints":{"allow":["GET"]}}],"collection":[{"href":"https:\/\/verticaltechnik.ch\/fr\/wp-json\/wp\/v2\/posts"}],"about":[{"href":"https:\/\/verticaltechnik.ch\/fr\/wp-json\/wp\/v2\/types\/post"}],"author":[{"embeddable":true,"href":"https:\/\/verticaltechnik.ch\/fr\/wp-json\/wp\/v2\/users\/1"}],"replies":[{"embeddable":true,"href":"https:\/\/verticaltechnik.ch\/fr\/wp-json\/wp\/v2\/comments?post=37008"}],"version-history":[{"count":0,"href":"https:\/\/verticaltechnik.ch\/fr\/wp-json\/wp\/v2\/posts\/37008\/revisions"}],"wp:featuredmedia":[{"embeddable":true,"href":"https:\/\/verticaltechnik.ch\/fr\/wp-json\/wp\/v2\/media\/34999"}],"wp:attachment":[{"href":"https:\/\/verticaltechnik.ch\/fr\/wp-json\/wp\/v2\/media?parent=37008"}],"wp:term":[{"taxonomy":"category","embeddable":true,"href":"https:\/\/verticaltechnik.ch\/fr\/wp-json\/wp\/v2\/categories?post=37008"},{"taxonomy":"post_tag","embeddable":true,"href":"https:\/\/verticaltechnik.ch\/fr\/wp-json\/wp\/v2\/tags?post=37008"},{"taxonomy":"jahr","embeddable":true,"href":"https:\/\/verticaltechnik.ch\/fr\/wp-json\/wp\/v2\/jahr?post=37008"},{"taxonomy":"kanton","embeddable":true,"href":"https:\/\/verticaltechnik.ch\/fr\/wp-json\/wp\/v2\/kanton?post=37008"},{"taxonomy":"land","embeddable":true,"href":"https:\/\/verticaltechnik.ch\/fr\/wp-json\/wp\/v2\/land?post=37008"},{"taxonomy":"anlagentyp","embeddable":true,"href":"https:\/\/verticaltechnik.ch\/fr\/wp-json\/wp\/v2\/anlagentyp?post=37008"}],"curies":[{"name":"wp","href":"https:\/\/api.w.org\/{rel}","templated":true}]}}