{"id":37073,"date":"2018-08-14T13:23:46","date_gmt":"2018-08-14T13:23:46","guid":{"rendered":"http:\/\/newvt.verticaltechnik.ch\/news\/ch-avenches-skatepark-en-beton\/"},"modified":"2025-11-11T13:59:03","modified_gmt":"2025-11-11T13:59:03","slug":"ch-avenches-skatepark-en-beton","status":"publish","type":"post","link":"https:\/\/verticaltechnik.ch\/fr\/ch-avenches-skatepark-en-beton\/","title":{"rendered":"CH Avenches - Skatepark en b\u00e9ton"},"content":{"rendered":"\n<figure class=\"wp-block-image size-full\"><img loading=\"lazy\" decoding=\"async\" width=\"800\" height=\"600\" src=\"https:\/\/newvt.verticaltechnik.ch\/wp-content\/uploads\/2018\/08\/7b8sgdtw.png\" alt=\"\" class=\"wp-image-32620\" srcset=\"https:\/\/verticaltechnik.ch\/wp-content\/uploads\/2018\/08\/7b8sgdtw.png 800w, https:\/\/verticaltechnik.ch\/wp-content\/uploads\/2018\/08\/7b8sgdtw-600x450.png 600w, https:\/\/verticaltechnik.ch\/wp-content\/uploads\/2018\/08\/7b8sgdtw-300x225.png 300w, https:\/\/verticaltechnik.ch\/wp-content\/uploads\/2018\/08\/7b8sgdtw-768x576.png 768w\" sizes=\"auto, (max-width: 800px) 100vw, 800px\" \/><\/figure>\n\n<p>La ville historique d&rsquo;Avenches, dans le canton de Fribourg, poss\u00e8de un amphith\u00e9\u00e2tre bien conserv\u00e9 depuis l&rsquo;\u00e9poque romaine. Depuis le printemps 2018, la ville est \u00e9galement l&rsquo;heureuse propri\u00e9taire d&rsquo;un sympathique skatepark en b\u00e9ton. <\/p>\n\n<p>La soci\u00e9t\u00e9 Vertical Technik AG a \u00e9t\u00e9 mandat\u00e9e par la commune d&rsquo;Avenches pour r\u00e9aliser la conception, la planification et la construction dans le cadre d&rsquo;un contrat d&rsquo;entreprise totale. D\u00e8s 2016, les besoins ont \u00e9t\u00e9 \u00e9valu\u00e9s avec les jeunes de la r\u00e9gion au moyen d&rsquo;un atelier de conception de skatepark. Le skatepark est con\u00e7u comme un parcours circulaire de flowpark, qui offre sur une surface d&rsquo;environ 250m2 des possibilit\u00e9s pour les bons riders et les enfants. Outre un bowl corner \u00e0 180\u00b0 avec hip et slappy curbs, une A-Frame Hubba avec pyramide, un escalier avec 2 handrails diff\u00e9rents ainsi qu&rsquo;un manual pad avec straight rail sont \u00e0 disposition. Le skatepark se trouve dans la nouvelle zone sportive \u00e0 c\u00f4t\u00e9 de la gare.<br\/> <br\/>Adresse:<br\/>Zone Sportive<br\/>Chemin du Milieu<br\/>1580 Avenches    <\/p>\n<p><!-- \/wp:post-content -->[vc_gallery css=\u00a0\u00bb\u00a0\u00bb type=\u00a0\u00bbimage_grid\u00a0\u00bb images=\u00a0\u00bb32627,32631,32635,32639,32643,32647,32651,32655,32659,32663,32667,32671,32675,32679,32683,32687,32691,32695,32699,32703,32707,32711,32715,32719,32723,32727,32731,32735,32739,32743,32747,32751,32755,32759&Prime; image_grid_loading=\u00a0\u00bbdefault\u00a0\u00bb layout=\u00a0\u00bb4&Prime; item_spacing=\u00a0\u00bbdefault\u00a0\u00bb gallery_style=\u00a0\u00bb7&Prime; load_in_animation=\u00a0\u00bbnone\u00a0\u00bb]","protected":false},"excerpt":{"rendered":"<p>La ville historique d&rsquo;Avenches, dans le canton de Fribourg, poss\u00e8de un amphith\u00e9\u00e2tre bien conserv\u00e9 depuis l&rsquo;\u00e9poque romaine. Depuis le printemps 2018, la ville est \u00e9galement l&rsquo;heureuse propri\u00e9taire d&rsquo;un sympathique skatepark&#8230;<\/p>\n","protected":false},"author":1,"featured_media":32620,"comment_status":"open","ping_status":"open","sticky":false,"template":"","format":"standard","meta":{"footnotes":""},"categories":[10980,10856,10858,10791,10861,10857,10955],"tags":[],"jahr":[11087],"kanton":[11157],"land":[11169],"anlagentyp":[],"class_list":{"0":"post-37073","1":"post","2":"type-post","3":"status-publish","4":"format-standard","5":"has-post-thumbnail","7":"category-2018-fr","8":"category-chronologie-fr","9":"category-pays","10":"category-skateparks-en-beton","11":"category-suisse","12":"category-type-dinstallation","13":"category-vd-fr","14":"jahr-2018-fr","15":"kanton-vd-fr","16":"land-schweiz-fr"},"_links":{"self":[{"href":"https:\/\/verticaltechnik.ch\/fr\/wp-json\/wp\/v2\/posts\/37073","targetHints":{"allow":["GET"]}}],"collection":[{"href":"https:\/\/verticaltechnik.ch\/fr\/wp-json\/wp\/v2\/posts"}],"about":[{"href":"https:\/\/verticaltechnik.ch\/fr\/wp-json\/wp\/v2\/types\/post"}],"author":[{"embeddable":true,"href":"https:\/\/verticaltechnik.ch\/fr\/wp-json\/wp\/v2\/users\/1"}],"replies":[{"embeddable":true,"href":"https:\/\/verticaltechnik.ch\/fr\/wp-json\/wp\/v2\/comments?post=37073"}],"version-history":[{"count":0,"href":"https:\/\/verticaltechnik.ch\/fr\/wp-json\/wp\/v2\/posts\/37073\/revisions"}],"wp:featuredmedia":[{"embeddable":true,"href":"https:\/\/verticaltechnik.ch\/fr\/wp-json\/wp\/v2\/media\/32620"}],"wp:attachment":[{"href":"https:\/\/verticaltechnik.ch\/fr\/wp-json\/wp\/v2\/media?parent=37073"}],"wp:term":[{"taxonomy":"category","embeddable":true,"href":"https:\/\/verticaltechnik.ch\/fr\/wp-json\/wp\/v2\/categories?post=37073"},{"taxonomy":"post_tag","embeddable":true,"href":"https:\/\/verticaltechnik.ch\/fr\/wp-json\/wp\/v2\/tags?post=37073"},{"taxonomy":"jahr","embeddable":true,"href":"https:\/\/verticaltechnik.ch\/fr\/wp-json\/wp\/v2\/jahr?post=37073"},{"taxonomy":"kanton","embeddable":true,"href":"https:\/\/verticaltechnik.ch\/fr\/wp-json\/wp\/v2\/kanton?post=37073"},{"taxonomy":"land","embeddable":true,"href":"https:\/\/verticaltechnik.ch\/fr\/wp-json\/wp\/v2\/land?post=37073"},{"taxonomy":"anlagentyp","embeddable":true,"href":"https:\/\/verticaltechnik.ch\/fr\/wp-json\/wp\/v2\/anlagentyp?post=37073"}],"curies":[{"name":"wp","href":"https:\/\/api.w.org\/{rel}","templated":true}]}}