{"id":37075,"date":"2018-08-17T13:23:46","date_gmt":"2018-08-17T13:23:46","guid":{"rendered":"http:\/\/newvt.verticaltechnik.ch\/news\/ch-brig-centre-national-de-performance-cnp\/"},"modified":"2025-11-11T10:17:42","modified_gmt":"2025-11-11T10:17:42","slug":"ch-brig-centre-national-de-performance-cnp","status":"publish","type":"post","link":"https:\/\/verticaltechnik.ch\/fr\/ch-brig-centre-national-de-performance-cnp\/","title":{"rendered":"CH Brig - Centre national de performance (CNP)"},"content":{"rendered":"[vc_row type=\u00a0\u00bbin_container\u00a0\u00bb full_screen_row_position=\u00a0\u00bbmiddle\u00a0\u00bb column_margin=\u00a0\u00bbdefault\u00a0\u00bb column_direction=\u00a0\u00bbdefault\u00a0\u00bb column_direction_tablet=\u00a0\u00bbdefault\u00a0\u00bb column_direction_phone=\u00a0\u00bbdefault\u00a0\u00bb scene_position=\u00a0\u00bbcenter\u00a0\u00bb text_color=\u00a0\u00bbdark\u00a0\u00bb text_align=\u00a0\u00bbleft\u00a0\u00bb row_border_radius=\u00a0\u00bbnone\u00a0\u00bb row_border_radius_applies=\u00a0\u00bbbg\u00a0\u00bb overflow=\u00a0\u00bbvisible\u00a0\u00bb overlay_strength=\u00a0\u00bb0.3&Prime; gradient_direction=\u00a0\u00bbleft_to_right\u00a0\u00bb shape_divider_position=\u00a0\u00bbbottom\u00a0\u00bb bg_image_animation=\u00a0\u00bbnone\u00a0\u00bb][vc_column column_padding=\u00a0\u00bbno-extra-padding\u00a0\u00bb column_padding_tablet=\u00a0\u00bbinherit\u00a0\u00bb column_padding_phone=\u00a0\u00bbinherit\u00a0\u00bb column_padding_position=\u00a0\u00bball\u00a0\u00bb column_element_direction_desktop=\u00a0\u00bbdefault\u00a0\u00bb column_element_spacing=\u00a0\u00bbdefault\u00a0\u00bb desktop_text_alignment=\u00a0\u00bbdefault\u00a0\u00bb tablet_text_alignment=\u00a0\u00bbdefault\u00a0\u00bb phone_text_alignment=\u00a0\u00bbdefault\u00a0\u00bb background_color_opacity=\u00a0\u00bb1&Prime; background_hover_color_opacity=\u00a0\u00bb1&Prime; column_backdrop_filter=\u00a0\u00bbnone\u00a0\u00bb column_shadow=\u00a0\u00bbnone\u00a0\u00bb column_border_radius=\u00a0\u00bbnone\u00a0\u00bb column_link_target=\u00a0\u00bb_self\u00a0\u00bb column_position=\u00a0\u00bbdefault\u00a0\u00bb gradient_direction=\u00a0\u00bbleft_to_right\u00a0\u00bb overlay_strength=\u00a0\u00bb0.3&Prime; width=\u00a0\u00bb1\/1&Prime; tablet_width_inherit=\u00a0\u00bbdefault\u00a0\u00bb animation_type=\u00a0\u00bbdefault\u00a0\u00bb bg_image_animation=\u00a0\u00bbnone\u00a0\u00bb border_type=\u00a0\u00bbsimple\u00a0\u00bb column_border_width=\u00a0\u00bbnone\u00a0\u00bb column_border_style=\u00a0\u00bbsolid\u00a0\u00bb][vc_column_text css=\u00a0\u00bb\u00a0\u00bb text_direction=\u00a0\u00bbdefault\u00a0\u00bb]\n<p>\nF\u00fcr das Kollegium Spiritus Sanctus in Brig wurde ein Nationales Leistungszentrum (NLZ) f\u00fcr Nachwuchssportler von der Vertical Technik AG realisiert. Das ehemalige Hallenbad St. Ursula wurde aussen nach den Richtlinien des Heimatschutzes saniert und innen an die Bed\u00fcrfnisse der Sportler angepasst. Die Vertical Technik AG wurde als Totalunternehmung beauftragt, die Planung, Bauleitung und Ausf\u00fchrung innerhalb von nur 3 Monaten umzusetzen.\n<p>\nDie Er\u00f6ffnung findet am 20. August 2018 statt. Ab diesem Datum werden folgende Anlagen im NLZ zur Verf\u00fcgung stehen: Ein Skateboard Bowl mit einer Hip, ein Big Air mit Landing Airbag, ein Dry Slope mit Rail und Quarterpipe, zwei Eurotramp Grandmaster Trampoline mit Wall Walk und Pit Airbag, ein Five Square Trampolin, sowie ein 20 m langer Air Track, mobile Parkour Elemente von Cube, eine Slackline, ein Laufband mit Laserschiess- Einrichtung f\u00fcr Biathlon, ein Minitramp und eine Functional Fitness Zone.\n<p>Le CNP reste r\u00e9serv\u00e9 aux \u00e9l\u00e8ves du coll\u00e8ge et aucune utilisation publique n&rsquo;est pr\u00e9vue pour le moment.<\/p>\n<p>L&rsquo;\u00e9quipe Vertical remercie Nadine Tscherrig, prorectrice de l&rsquo;\u00e9cole de sport, ainsi que Philipp Jordan, chef de section Investissements, pour leur excellente collaboration et pour la confiance accord\u00e9e \u00e0 Vertical pour la r\u00e9alisation de ce mandat.<\/p>\n<p>Nous souhaitons beaucoup de succ\u00e8s \u00e0 l&rsquo;\u00e9cole de sport dans la promotion des talents. En m\u00eame temps, nous esp\u00e9rons avoir contribu\u00e9 \u00e0 ce que l&rsquo;\u00e9lite sportive dans les disciplines freestyle puisse atteindre un niveau mondial gr\u00e2ce \u00e0 nos infrastructures. <\/p>\n<p>Adresse :<br\/>Alte Simplonstrasse<br\/>3900 Brig<\/p>\n[vc_gallery css=\u00a0\u00bb\u00a0\u00bb type=\u00a0\u00bbimage_grid\u00a0\u00bb images=\u00a0\u00bb32530,32534,32539,32543,32547,32551,32555,32559,32563,32567,32571,32575,32579,32583,32587,32591,32595,32599,32603,32607&Prime; image_grid_loading=\u00a0\u00bbdefault\u00a0\u00bb layout=\u00a0\u00bb4&Prime; item_spacing=\u00a0\u00bbdefault\u00a0\u00bb gallery_style=\u00a0\u00bb7&Prime; load_in_animation=\u00a0\u00bbnone\u00a0\u00bb]\n<p>&nbsp;<\/p>\n[\/vc_column_text][\/vc_column][\/vc_row]\n","protected":false},"excerpt":{"rendered":"<p>[vc_row type=\u00a0\u00bbin_container\u00a0\u00bb full_screen_row_position=\u00a0\u00bbmiddle\u00a0\u00bb column_margin=\u00a0\u00bbdefault\u00a0\u00bb column_direction=\u00a0\u00bbdefault\u00a0\u00bb column_direction_tablet=\u00a0\u00bbdefault\u00a0\u00bb column_direction_phone=\u00a0\u00bbdefault\u00a0\u00bb scene_position=\u00a0\u00bbcenter\u00a0\u00bb text_color=\u00a0\u00bbdark\u00a0\u00bb text_align=\u00a0\u00bbleft\u00a0\u00bb row_border_radius=\u00a0\u00bbnone\u00a0\u00bb row_border_radius_applies=\u00a0\u00bbbg\u00a0\u00bb overflow=\u00a0\u00bbvisible\u00a0\u00bb overlay_strength=\u00a0\u00bb0.3&Prime; gradient_direction=\u00a0\u00bbleft_to_right\u00a0\u00bb shape_divider_position=\u00a0\u00bbbottom\u00a0\u00bb bg_image_animation=\u00a0\u00bbnone\u00a0\u00bb][vc_column column_padding=\u00a0\u00bbno-extra-padding\u00a0\u00bb column_padding_tablet=\u00a0\u00bbinherit\u00a0\u00bb column_padding_phone=\u00a0\u00bbinherit\u00a0\u00bb column_padding_position=\u00a0\u00bball\u00a0\u00bb column_element_direction_desktop=\u00a0\u00bbdefault\u00a0\u00bb column_element_spacing=\u00a0\u00bbdefault\u00a0\u00bb desktop_text_alignment=\u00a0\u00bbdefault\u00a0\u00bb tablet_text_alignment=\u00a0\u00bbdefault\u00a0\u00bb phone_text_alignment=\u00a0\u00bbdefault\u00a0\u00bb background_color_opacity=\u00a0\u00bb1&Prime; background_hover_color_opacity=\u00a0\u00bb1&Prime; column_backdrop_filter=\u00a0\u00bbnone\u00a0\u00bb column_shadow=\u00a0\u00bbnone\u00a0\u00bb&#8230;<\/p>\n","protected":false},"author":1,"featured_media":32528,"comment_status":"open","ping_status":"open","sticky":false,"template":"","format":"standard","meta":{"footnotes":""},"categories":[10980,10856,10858,10882,10861,10857,10895],"tags":[],"jahr":[11087],"kanton":[11160],"land":[11169],"anlagentyp":[],"class_list":{"0":"post-37075","1":"post","2":"type-post","3":"status-publish","4":"format-standard","5":"has-post-thumbnail","7":"category-2018-fr","8":"category-chronologie-fr","9":"category-pays","10":"category-skateparks-couverts","11":"category-suisse","12":"category-type-dinstallation","13":"category-vs-fr","14":"jahr-2018-fr","15":"kanton-vs-fr","16":"land-schweiz-fr"},"_links":{"self":[{"href":"https:\/\/verticaltechnik.ch\/fr\/wp-json\/wp\/v2\/posts\/37075","targetHints":{"allow":["GET"]}}],"collection":[{"href":"https:\/\/verticaltechnik.ch\/fr\/wp-json\/wp\/v2\/posts"}],"about":[{"href":"https:\/\/verticaltechnik.ch\/fr\/wp-json\/wp\/v2\/types\/post"}],"author":[{"embeddable":true,"href":"https:\/\/verticaltechnik.ch\/fr\/wp-json\/wp\/v2\/users\/1"}],"replies":[{"embeddable":true,"href":"https:\/\/verticaltechnik.ch\/fr\/wp-json\/wp\/v2\/comments?post=37075"}],"version-history":[{"count":0,"href":"https:\/\/verticaltechnik.ch\/fr\/wp-json\/wp\/v2\/posts\/37075\/revisions"}],"wp:featuredmedia":[{"embeddable":true,"href":"https:\/\/verticaltechnik.ch\/fr\/wp-json\/wp\/v2\/media\/32528"}],"wp:attachment":[{"href":"https:\/\/verticaltechnik.ch\/fr\/wp-json\/wp\/v2\/media?parent=37075"}],"wp:term":[{"taxonomy":"category","embeddable":true,"href":"https:\/\/verticaltechnik.ch\/fr\/wp-json\/wp\/v2\/categories?post=37075"},{"taxonomy":"post_tag","embeddable":true,"href":"https:\/\/verticaltechnik.ch\/fr\/wp-json\/wp\/v2\/tags?post=37075"},{"taxonomy":"jahr","embeddable":true,"href":"https:\/\/verticaltechnik.ch\/fr\/wp-json\/wp\/v2\/jahr?post=37075"},{"taxonomy":"kanton","embeddable":true,"href":"https:\/\/verticaltechnik.ch\/fr\/wp-json\/wp\/v2\/kanton?post=37075"},{"taxonomy":"land","embeddable":true,"href":"https:\/\/verticaltechnik.ch\/fr\/wp-json\/wp\/v2\/land?post=37075"},{"taxonomy":"anlagentyp","embeddable":true,"href":"https:\/\/verticaltechnik.ch\/fr\/wp-json\/wp\/v2\/anlagentyp?post=37075"}],"curies":[{"name":"wp","href":"https:\/\/api.w.org\/{rel}","templated":true}]}}