{"id":37438,"date":"2019-07-30T13:23:46","date_gmt":"2019-07-30T13:23:46","guid":{"rendered":"http:\/\/newvt.verticaltechnik.ch\/news\/ch-le-grand-saconnex-agrandissement-du-skatepark-2\/"},"modified":"2025-07-09T11:06:45","modified_gmt":"2025-07-09T11:06:45","slug":"ch-le-grand-saconnex-agrandissement-du-skatepark-2","status":"publish","type":"post","link":"https:\/\/verticaltechnik.ch\/fr\/ch-le-grand-saconnex-agrandissement-du-skatepark-2\/","title":{"rendered":"CH Le Grand Saconnex - Agrandissement du skatepark"},"content":{"rendered":"\n<figure class=\"wp-block-image size-full\"><img loading=\"lazy\" decoding=\"async\" width=\"800\" height=\"600\" src=\"https:\/\/newvt.verticaltechnik.ch\/wp-content\/uploads\/2019\/07\/1gesoubu.png\" alt=\"\" class=\"wp-image-34291\" srcset=\"https:\/\/verticaltechnik.ch\/wp-content\/uploads\/2019\/07\/1gesoubu.png 800w, https:\/\/verticaltechnik.ch\/wp-content\/uploads\/2019\/07\/1gesoubu-600x450.png 600w, https:\/\/verticaltechnik.ch\/wp-content\/uploads\/2019\/07\/1gesoubu-300x225.png 300w, https:\/\/verticaltechnik.ch\/wp-content\/uploads\/2019\/07\/1gesoubu-768x576.png 768w\" sizes=\"auto, (max-width: 800px) 100vw, 800px\" \/><\/figure>\n\n<p>Le skatepark existant au Grand Saconnex, pr\u00e8s de l&rsquo;a\u00e9roport de Gen\u00e8ve Cointrin, a \u00e9t\u00e9 agrandi pour l&rsquo;\u00e9t\u00e9 2019. Une mini-rampe de 7,5 m de large et de 1,9 m de haut avec extension est d\u00e9sormais disponible pour les amateurs de rampes. Le rev\u00eatement est compos\u00e9 de plaques Skateface qui ont toujours fait leurs preuves pour les installations de skate. Les street skateurs ont opt\u00e9 pour une table manuelle en granit, qui est la variante la plus luxueuse. La longueur totale de la table est de 4,8 m et deux hauteurs sont disponibles (0,2 m et 0,4 m). Le granit est poli tout autour et sur la surface. Le sol en asphalte a \u00e9t\u00e9 r\u00e9par\u00e9, ce qui permet d\u00e9sormais un roulement id\u00e9al.      <\/p>\n\n<p>L&rsquo;ancien quarterpipe a \u00e9t\u00e9 remplac\u00e9 par un nouveau de 4,5 m de large et 1,7 m de haut. Les installations existantes sont un roof box avec rail et ledge ainsi qu&rsquo;un banc de 4.5 m de large et 1.5 m de haut. A c\u00f4t\u00e9 se trouve une Curved Trick Box qui est d\u00e9j\u00e0 parfaitement rod\u00e9e.  <br\/><br\/>Le montage des installations a \u00e9t\u00e9 r\u00e9alis\u00e9 par l&rsquo;\u00e9quipe de Vertical en 3 jours, ce qui est un exploit compte tenu des circonstances. Tous les mat\u00e9riaux ont d\u00fb \u00eatre soulev\u00e9s de la route vers le skatepark \u00e0 l&rsquo;aide d&rsquo;une grue sur pneus. Pour ce faire, une voie de circulation a d\u00fb \u00eatre ferm\u00e9e pour le bus public des TPG \u00e0 c\u00f4t\u00e9 du b\u00e2timent de Palexpo. Nous remercions tous les acteurs de Palexpo, l&rsquo;entreprise de grues Matthey-Petit, le BPA et le client, la ville du Grand Saconnex, pour leur collaboration sans faille.   <br\/><br\/>Gauche :<br\/><strong><a href=\"https:\/\/palexpo.ch\/\" target=\"_blank\" rel=\"noreferrer noopener\">Palexpo<\/a><\/strong><br\/><strong><a href=\"http:\/\/www.matthey-petit.ch\/\" target=\"_blank\" rel=\"noreferrer noopener\">Entreprise de grues Matthey-Petit<\/a><\/strong><br\/><strong><a href=\"https:\/\/www.bfu.ch\/de\" target=\"_blank\" rel=\"noreferrer noopener\">BfU<\/a><\/strong><br\/><strong><a href=\"https:\/\/www.grand-saconnex.ch\/fr\/\" target=\"_blank\" rel=\"noreferrer noopener\">Le Grand Saconnex<\/a><\/strong><br\/><strong><a href=\"https:\/\/www.google.com\/maps\/place\/Skatepark+de+Palexpo\/@46.2344389,6.1164731,15z\/data=!4m5!3m4!1s0x0:0xf45d973556cade78!8m2!3d46.2344389!4d6.1164731\" target=\"_blank\" rel=\"noreferrer noopener\">Google Maps<\/a><\/strong><\/p>\n\n<p><\/p>\n","protected":false},"excerpt":{"rendered":"<p>Le skatepark existant au Grand Saconnex, pr\u00e8s de l&rsquo;a\u00e9roport de Gen\u00e8ve Cointrin, a \u00e9t\u00e9 agrandi pour l&rsquo;\u00e9t\u00e9 2019. Une mini-rampe de 7,5 m de large et de 1,9 m de&#8230;<\/p>\n","protected":false},"author":1,"featured_media":34291,"comment_status":"open","ping_status":"open","sticky":false,"template":"","format":"standard","meta":{"footnotes":""},"categories":[10987,10856,10910,10858,10860,10861,10857],"tags":[],"jahr":[11086],"kanton":[11130],"land":[11169],"anlagentyp":[],"class_list":{"0":"post-37438","1":"post","2":"type-post","3":"status-publish","4":"format-standard","5":"has-post-thumbnail","7":"category-2019-fr-2","8":"category-chronologie-fr","9":"category-ge-fr","10":"category-pays","11":"category-installations-de-skate-mobiles","12":"category-suisse","13":"category-type-dinstallation","14":"jahr-2019-fr","15":"kanton-ge-fr","16":"land-schweiz-fr"},"_links":{"self":[{"href":"https:\/\/verticaltechnik.ch\/fr\/wp-json\/wp\/v2\/posts\/37438","targetHints":{"allow":["GET"]}}],"collection":[{"href":"https:\/\/verticaltechnik.ch\/fr\/wp-json\/wp\/v2\/posts"}],"about":[{"href":"https:\/\/verticaltechnik.ch\/fr\/wp-json\/wp\/v2\/types\/post"}],"author":[{"embeddable":true,"href":"https:\/\/verticaltechnik.ch\/fr\/wp-json\/wp\/v2\/users\/1"}],"replies":[{"embeddable":true,"href":"https:\/\/verticaltechnik.ch\/fr\/wp-json\/wp\/v2\/comments?post=37438"}],"version-history":[{"count":0,"href":"https:\/\/verticaltechnik.ch\/fr\/wp-json\/wp\/v2\/posts\/37438\/revisions"}],"wp:featuredmedia":[{"embeddable":true,"href":"https:\/\/verticaltechnik.ch\/fr\/wp-json\/wp\/v2\/media\/34291"}],"wp:attachment":[{"href":"https:\/\/verticaltechnik.ch\/fr\/wp-json\/wp\/v2\/media?parent=37438"}],"wp:term":[{"taxonomy":"category","embeddable":true,"href":"https:\/\/verticaltechnik.ch\/fr\/wp-json\/wp\/v2\/categories?post=37438"},{"taxonomy":"post_tag","embeddable":true,"href":"https:\/\/verticaltechnik.ch\/fr\/wp-json\/wp\/v2\/tags?post=37438"},{"taxonomy":"jahr","embeddable":true,"href":"https:\/\/verticaltechnik.ch\/fr\/wp-json\/wp\/v2\/jahr?post=37438"},{"taxonomy":"kanton","embeddable":true,"href":"https:\/\/verticaltechnik.ch\/fr\/wp-json\/wp\/v2\/kanton?post=37438"},{"taxonomy":"land","embeddable":true,"href":"https:\/\/verticaltechnik.ch\/fr\/wp-json\/wp\/v2\/land?post=37438"},{"taxonomy":"anlagentyp","embeddable":true,"href":"https:\/\/verticaltechnik.ch\/fr\/wp-json\/wp\/v2\/anlagentyp?post=37438"}],"curies":[{"name":"wp","href":"https:\/\/api.w.org\/{rel}","templated":true}]}}