{"id":37457,"date":"2019-08-19T13:23:46","date_gmt":"2019-08-19T13:23:46","guid":{"rendered":"http:\/\/newvt.verticaltechnik.ch\/news\/f-cernay-microrampe-2\/"},"modified":"2025-07-09T11:06:57","modified_gmt":"2025-07-09T11:06:57","slug":"f-cernay-microrampe-2","status":"publish","type":"post","link":"https:\/\/verticaltechnik.ch\/fr\/f-cernay-microrampe-2\/","title":{"rendered":"F Cernay - Microrampe"},"content":{"rendered":"\n<figure class=\"wp-block-image size-full\"><img loading=\"lazy\" decoding=\"async\" width=\"800\" height=\"600\" src=\"https:\/\/newvt.verticaltechnik.ch\/wp-content\/uploads\/2019\/08\/bj36hmk2.png\" alt=\"\" class=\"wp-image-34220\" srcset=\"https:\/\/verticaltechnik.ch\/wp-content\/uploads\/2019\/08\/bj36hmk2.png 800w, https:\/\/verticaltechnik.ch\/wp-content\/uploads\/2019\/08\/bj36hmk2-600x450.png 600w, https:\/\/verticaltechnik.ch\/wp-content\/uploads\/2019\/08\/bj36hmk2-300x225.png 300w, https:\/\/verticaltechnik.ch\/wp-content\/uploads\/2019\/08\/bj36hmk2-768x576.png 768w\" sizes=\"auto, (max-width: 800px) 100vw, 800px\" \/><\/figure>\n\n<p>En 2018, la ville de Cernay s&rsquo;est adress\u00e9e \u00e0 Vertical Technik SA pour am\u00e9liorer son skatepark en asphalte et b\u00e9ton. Les jeunes voulaient une nouvelle microrampe en b\u00e9ton pour compl\u00e9ter l&rsquo;ancienne installation. Le skatepark a \u00e9t\u00e9 construit par une entreprise de construction locale en 2007.  <\/p>\n\n<p>Apr\u00e8s un atelier, Vertical a propos\u00e9 un design original : une microrampe avec spine, hip, volcano, coping curved et une petite pandora box. L&rsquo;objectif \u00e9tait \u00e9galement de r\u00e9nover un quarterpipe et d&rsquo;ajouter un flatrail.<br\/>Vertical a pr\u00e9par\u00e9 les plans et les documents pour l&rsquo;appel d&rsquo;offres. L&rsquo;entreprise de construction de skatepark Antidote a \u00e9t\u00e9 choisie pour r\u00e9aliser les travaux. Pour le plus grand plaisir des jeunes, les travaux ont d\u00e9j\u00e0 \u00e9t\u00e9 achev\u00e9s \u00e0 la moiti\u00e9 des vacances d&rsquo;\u00e9t\u00e9 2019.   <br\/><br\/>Nous remercions la ville de Cernay pour sa confiance et sa tr\u00e8s bonne collaboration tout au long du projet. Un grand merci \u00e0 l&rsquo;entreprise Antidote pour la haute qualit\u00e9 des travaux. <br\/><br\/>Adresse<br\/>20 Rue Ren\u00e9 Guibert<br\/>F-68700 Cernay<br\/><br\/><strong><a href=\"https:\/\/www.instagram.com\/antidoteskateparks\/\" target=\"_blank\" rel=\"noreferrer noopener\">Instagram<\/a><\/strong><\/p>\n\n<p><\/p>\n","protected":false},"excerpt":{"rendered":"<p>En 2018, la ville de Cernay s&rsquo;est adress\u00e9e \u00e0 Vertical Technik SA pour am\u00e9liorer son skatepark en asphalte et b\u00e9ton. Les jeunes voulaient une nouvelle microrampe en b\u00e9ton pour compl\u00e9ter&#8230;<\/p>\n","protected":false},"author":1,"featured_media":34220,"comment_status":"open","ping_status":"open","sticky":false,"template":"","format":"standard","meta":{"footnotes":""},"categories":[10987,10856,10792,10858,10791,10857],"tags":[],"jahr":[11086],"kanton":[],"land":[11174],"anlagentyp":[],"class_list":{"0":"post-37457","1":"post","2":"type-post","3":"status-publish","4":"format-standard","5":"has-post-thumbnail","7":"category-2019-fr-2","8":"category-chronologie-fr","9":"category-france","10":"category-pays","11":"category-skateparks-en-beton","12":"category-type-dinstallation","13":"jahr-2019-fr","14":"land-frankreich-fr"},"_links":{"self":[{"href":"https:\/\/verticaltechnik.ch\/fr\/wp-json\/wp\/v2\/posts\/37457","targetHints":{"allow":["GET"]}}],"collection":[{"href":"https:\/\/verticaltechnik.ch\/fr\/wp-json\/wp\/v2\/posts"}],"about":[{"href":"https:\/\/verticaltechnik.ch\/fr\/wp-json\/wp\/v2\/types\/post"}],"author":[{"embeddable":true,"href":"https:\/\/verticaltechnik.ch\/fr\/wp-json\/wp\/v2\/users\/1"}],"replies":[{"embeddable":true,"href":"https:\/\/verticaltechnik.ch\/fr\/wp-json\/wp\/v2\/comments?post=37457"}],"version-history":[{"count":0,"href":"https:\/\/verticaltechnik.ch\/fr\/wp-json\/wp\/v2\/posts\/37457\/revisions"}],"wp:featuredmedia":[{"embeddable":true,"href":"https:\/\/verticaltechnik.ch\/fr\/wp-json\/wp\/v2\/media\/34220"}],"wp:attachment":[{"href":"https:\/\/verticaltechnik.ch\/fr\/wp-json\/wp\/v2\/media?parent=37457"}],"wp:term":[{"taxonomy":"category","embeddable":true,"href":"https:\/\/verticaltechnik.ch\/fr\/wp-json\/wp\/v2\/categories?post=37457"},{"taxonomy":"post_tag","embeddable":true,"href":"https:\/\/verticaltechnik.ch\/fr\/wp-json\/wp\/v2\/tags?post=37457"},{"taxonomy":"jahr","embeddable":true,"href":"https:\/\/verticaltechnik.ch\/fr\/wp-json\/wp\/v2\/jahr?post=37457"},{"taxonomy":"kanton","embeddable":true,"href":"https:\/\/verticaltechnik.ch\/fr\/wp-json\/wp\/v2\/kanton?post=37457"},{"taxonomy":"land","embeddable":true,"href":"https:\/\/verticaltechnik.ch\/fr\/wp-json\/wp\/v2\/land?post=37457"},{"taxonomy":"anlagentyp","embeddable":true,"href":"https:\/\/verticaltechnik.ch\/fr\/wp-json\/wp\/v2\/anlagentyp?post=37457"}],"curies":[{"name":"wp","href":"https:\/\/api.w.org\/{rel}","templated":true}]}}