{"id":37466,"date":"2019-08-12T13:23:46","date_gmt":"2019-08-12T13:23:46","guid":{"rendered":"http:\/\/newvt.verticaltechnik.ch\/news\/f-morschwiller-le-bas-parc-de-skate-en-beton-2\/"},"modified":"2025-11-11T13:58:38","modified_gmt":"2025-11-11T13:58:38","slug":"f-morschwiller-le-bas-parc-de-skate-en-beton-2","status":"publish","type":"post","link":"https:\/\/verticaltechnik.ch\/fr\/f-morschwiller-le-bas-parc-de-skate-en-beton-2\/","title":{"rendered":"F Morschwiller-le-Bas - Parc de skate en b\u00e9ton"},"content":{"rendered":"\n<figure class=\"wp-block-image size-full\"><img loading=\"lazy\" decoding=\"async\" width=\"800\" height=\"600\" src=\"https:\/\/newvt.verticaltechnik.ch\/wp-content\/uploads\/2019\/08\/v93xhazx.png\" alt=\"\" class=\"wp-image-34228\" srcset=\"https:\/\/verticaltechnik.ch\/wp-content\/uploads\/2019\/08\/v93xhazx.png 800w, https:\/\/verticaltechnik.ch\/wp-content\/uploads\/2019\/08\/v93xhazx-600x450.png 600w, https:\/\/verticaltechnik.ch\/wp-content\/uploads\/2019\/08\/v93xhazx-300x225.png 300w, https:\/\/verticaltechnik.ch\/wp-content\/uploads\/2019\/08\/v93xhazx-768x576.png 768w\" sizes=\"auto, (max-width: 800px) 100vw, 800px\" \/><\/figure>\n\n<p>Dans le cadre de la r\u00e9habilitation de l&rsquo;aire de jeux, la commune de Morschwiller-le-Bas a souhait\u00e9 ajouter un skatepark en b\u00e9ton. Vertical a d\u00e9velopp\u00e9 le design et le concept avec des skateurs locaux en mode atelier. Apr\u00e8s la phase d&rsquo;appel d&rsquo;offres, les travaux ont \u00e9t\u00e9 confi\u00e9s \u00e0 l&rsquo;entreprise de construction Albizzati. En tant que ma\u00eetre d&rsquo;\u0153uvre, Vertical a suivi les travaux et les a contr\u00f4l\u00e9s chaque semaine.   <\/p>\n\n<p>Le skatepark se compose d&rsquo;un noyau vert avec des plantes et des surfaces en b\u00e9ton \u00e0 diff\u00e9rents niveaux qui courent tout autour. Un hip-quaterpipe et un hip-bank avec un parking-block servent d&rsquo;\u00e9l\u00e9ments d&rsquo;\u00e9lan. Entre les deux se trouvent des curbs, un rail, un speed-bump avec un rainbow-rail et deux stair sets avec hubba. L&rsquo;aire de jeux adjacente comprend de nombreux \u00e9l\u00e9ments pour les enfants et une zone sportive.   <br\/><br\/>Nous remercions vivement la ville de Morschwiller-le-Bas pour la confiance qu&rsquo;elle nous a accord\u00e9e. Nous tenons tout particuli\u00e8rement \u00e0 remercier les architectes paysagistes LAP&rsquo;s pour leur agr\u00e9able collaboration ! <br\/><br\/>Adresse<br\/>Rue du Moulin<br\/>F-68790 Morschwiller-le-Bas (pr\u00e8s du centre sportif)<\/p>\n\n<p><strong><a href=\"https:\/\/www.facebook.com\/morschwillerlebas\/\" target=\"_blank\" rel=\"noreferrer noopener\">Facebook Morschwiller-le-Bas<\/a><\/strong><br\/><strong><a href=\"https:\/\/vimeo.com\/345336884\" target=\"_blank\" rel=\"noreferrer noopener\">Vid\u00e9o<\/a><\/strong><\/p>\n<p><!-- \/wp:post-content -->[vc_gallery css=\u00a0\u00bb\u00a0\u00bb type=\u00a0\u00bbimage_grid\u00a0\u00bb images=\u00a0\u00bb34235,34239,34243,34247,34251,34255,34259,34263,34267,34271,34275,34279&Prime; image_grid_loading=\u00a0\u00bbdefault\u00a0\u00bb layout=\u00a0\u00bb4&Prime; item_spacing=\u00a0\u00bbdefault\u00a0\u00bb gallery_style=\u00a0\u00bb7&Prime; load_in_animation=\u00a0\u00bbnone\u00a0\u00bb]","protected":false},"excerpt":{"rendered":"<p>Dans le cadre de la r\u00e9habilitation de l&rsquo;aire de jeux, la commune de Morschwiller-le-Bas a souhait\u00e9 ajouter un skatepark en b\u00e9ton. Vertical a d\u00e9velopp\u00e9 le design et le concept avec&#8230;<\/p>\n","protected":false},"author":1,"featured_media":34228,"comment_status":"open","ping_status":"open","sticky":false,"template":"","format":"standard","meta":{"footnotes":""},"categories":[10987,10856,10792,10858,10791,10857],"tags":[],"jahr":[11086],"kanton":[],"land":[11174],"anlagentyp":[],"class_list":{"0":"post-37466","1":"post","2":"type-post","3":"status-publish","4":"format-standard","5":"has-post-thumbnail","7":"category-2019-fr-2","8":"category-chronologie-fr","9":"category-france","10":"category-pays","11":"category-skateparks-en-beton","12":"category-type-dinstallation","13":"jahr-2019-fr","14":"land-frankreich-fr"},"_links":{"self":[{"href":"https:\/\/verticaltechnik.ch\/fr\/wp-json\/wp\/v2\/posts\/37466","targetHints":{"allow":["GET"]}}],"collection":[{"href":"https:\/\/verticaltechnik.ch\/fr\/wp-json\/wp\/v2\/posts"}],"about":[{"href":"https:\/\/verticaltechnik.ch\/fr\/wp-json\/wp\/v2\/types\/post"}],"author":[{"embeddable":true,"href":"https:\/\/verticaltechnik.ch\/fr\/wp-json\/wp\/v2\/users\/1"}],"replies":[{"embeddable":true,"href":"https:\/\/verticaltechnik.ch\/fr\/wp-json\/wp\/v2\/comments?post=37466"}],"version-history":[{"count":0,"href":"https:\/\/verticaltechnik.ch\/fr\/wp-json\/wp\/v2\/posts\/37466\/revisions"}],"wp:featuredmedia":[{"embeddable":true,"href":"https:\/\/verticaltechnik.ch\/fr\/wp-json\/wp\/v2\/media\/34228"}],"wp:attachment":[{"href":"https:\/\/verticaltechnik.ch\/fr\/wp-json\/wp\/v2\/media?parent=37466"}],"wp:term":[{"taxonomy":"category","embeddable":true,"href":"https:\/\/verticaltechnik.ch\/fr\/wp-json\/wp\/v2\/categories?post=37466"},{"taxonomy":"post_tag","embeddable":true,"href":"https:\/\/verticaltechnik.ch\/fr\/wp-json\/wp\/v2\/tags?post=37466"},{"taxonomy":"jahr","embeddable":true,"href":"https:\/\/verticaltechnik.ch\/fr\/wp-json\/wp\/v2\/jahr?post=37466"},{"taxonomy":"kanton","embeddable":true,"href":"https:\/\/verticaltechnik.ch\/fr\/wp-json\/wp\/v2\/kanton?post=37466"},{"taxonomy":"land","embeddable":true,"href":"https:\/\/verticaltechnik.ch\/fr\/wp-json\/wp\/v2\/land?post=37466"},{"taxonomy":"anlagentyp","embeddable":true,"href":"https:\/\/verticaltechnik.ch\/fr\/wp-json\/wp\/v2\/anlagentyp?post=37466"}],"curies":[{"name":"wp","href":"https:\/\/api.w.org\/{rel}","templated":true}]}}