{"id":37646,"date":"2019-04-18T13:23:46","date_gmt":"2019-04-18T13:23:46","guid":{"rendered":"http:\/\/newvt.verticaltechnik.ch\/news\/ch-mies-vd-skatepark-en-beton-2\/"},"modified":"2025-11-11T13:58:49","modified_gmt":"2025-11-11T13:58:49","slug":"ch-mies-vd-skatepark-en-beton-2","status":"publish","type":"post","link":"https:\/\/verticaltechnik.ch\/fr\/ch-mies-vd-skatepark-en-beton-2\/","title":{"rendered":"CH Mies (VD) - Skatepark en b\u00e9ton"},"content":{"rendered":"\n<figure class=\"wp-block-image size-full\"><img loading=\"lazy\" decoding=\"async\" width=\"800\" height=\"600\" src=\"https:\/\/newvt.verticaltechnik.ch\/wp-content\/uploads\/2019\/04\/cauhh3u6.png\" alt=\"\" class=\"wp-image-34614\" srcset=\"https:\/\/verticaltechnik.ch\/wp-content\/uploads\/2019\/04\/cauhh3u6.png 800w, https:\/\/verticaltechnik.ch\/wp-content\/uploads\/2019\/04\/cauhh3u6-600x450.png 600w, https:\/\/verticaltechnik.ch\/wp-content\/uploads\/2019\/04\/cauhh3u6-300x225.png 300w, https:\/\/verticaltechnik.ch\/wp-content\/uploads\/2019\/04\/cauhh3u6-768x576.png 768w\" sizes=\"auto, (max-width: 800px) 100vw, 800px\" \/><\/figure>\n\n<p>Vertical a construit un skatepark en b\u00e9ton \u00e0 Mies (canton de Vaud). Il s&rsquo;\u00e9tend sur environ 700m2 et se compose d&rsquo;une mini-rampe et d&rsquo;une zone de street. Vertical a d\u00e9velopp\u00e9 le design et le concept avec les architectes CCHE de Nyon. Les travaux de terrassement et de d\u00e9grossissage ont \u00e9t\u00e9 pr\u00e9alablement r\u00e9alis\u00e9s par l&rsquo;entreprise de construction Perrin.   <\/p>\n\n<p>Sur la plateforme, un escalier avec handrail et hubba, ainsi qu&rsquo;un manual pad avec London Gap sont disponibles. De l&rsquo;autre c\u00f4t\u00e9, il y a une mini-rampe de 6 m\u00e8tres de large et un banc avec wall ride. Entre les deux se trouvent une pyramide, des curbs, un rail et un A-frame avec gap. Les \u00e9l\u00e9ments sont dispos\u00e9s de mani\u00e8re \u00e0 permettre des lignes fluides et \u00e0 \u00eatre utilis\u00e9s par des riders exp\u00e9riment\u00e9s comme par des d\u00e9butants.   <br\/> <br\/>L&rsquo;aspect g\u00e9om\u00e9trique du skatepark est accentu\u00e9 par du b\u00e9ton noir dans les diagonales. Le si\u00e8ge principal de la FIBA \u00e9tant situ\u00e9 \u00e0 Mies, un nouveau terrain de basket-ball \u00ab 3&#215;3 \u00bb a \u00e9galement \u00e9t\u00e9 construit \u00e0 c\u00f4t\u00e9 du skatepark. Le projet comprend \u00e9galement un nouveau parking, des espaces verts et une fontaine.<br\/> <br\/>Inauguration\u00a0: 11\u00a0mai\u00a02019<br\/> <br\/>Vertical Technik AG remercie tous les participants pour leur agr\u00e9able collaboration\u00a0!<br\/> <br\/>Adresse\u00a0:<br\/>Route de Veytay<br\/>1295\u00a0Mies  <br\/> <br\/><strong><a href=\"https:\/\/www.perrin-freres.ch\/\" target=\"_blank\" rel=\"noreferrer noopener\">Lien Perrin<\/a><\/strong><br\/><strong><a href=\"http:\/\/cche.ch\/\" target=\"_blank\" rel=\"noreferrer noopener\">Lien CCHE<\/a><\/strong><br\/><strong><a href=\"http:\/\/www.fiba.basketball\/\" target=\"_blank\" rel=\"noreferrer noopener\">Lien FIBA<\/a><\/strong><\/p>\n\n<p><iframe loading=\"lazy\" width=\"800\" height=\"450\" src=\"https:\/\/www.youtube.com\/embed\/iGGjCQgNGvk\" frameborder=\"0\"><\/iframe><\/p>\n<p><!-- \/wp:post-content -->[vc_gallery css=\u00a0\u00bb\u00a0\u00bb type=\u00a0\u00bbimage_grid\u00a0\u00bb images=\u00a0\u00bb34630,34735,34654,34649,34679,34708,34691,34712,37649,34734,34642,34648,34658,34638,34662,34672,34634,37648,34687,34666,34701,34724,34673,34744,34703,34700,34716,34720,34683,34740,34760,34728,34756,34748,34752&Prime; image_grid_loading=\u00a0\u00bbdefault\u00a0\u00bb layout=\u00a0\u00bb4&Prime; item_spacing=\u00a0\u00bbdefault\u00a0\u00bb gallery_style=\u00a0\u00bb7&Prime; load_in_animation=\u00a0\u00bbnone\u00a0\u00bb]","protected":false},"excerpt":{"rendered":"<p>Vertical a construit un skatepark en b\u00e9ton \u00e0 Mies (canton de Vaud). Il s&rsquo;\u00e9tend sur environ 700m2 et se compose d&rsquo;une mini-rampe et d&rsquo;une zone de street. Vertical a d\u00e9velopp\u00e9&#8230;<\/p>\n","protected":false},"author":1,"featured_media":34614,"comment_status":"open","ping_status":"open","sticky":false,"template":"","format":"standard","meta":{"footnotes":""},"categories":[10987,10856,10858,10791,10861,10857,10955],"tags":[],"jahr":[11086],"kanton":[11157],"land":[11169],"anlagentyp":[],"class_list":{"0":"post-37646","1":"post","2":"type-post","3":"status-publish","4":"format-standard","5":"has-post-thumbnail","7":"category-2019-fr-2","8":"category-chronologie-fr","9":"category-pays","10":"category-skateparks-en-beton","11":"category-suisse","12":"category-type-dinstallation","13":"category-vd-fr","14":"jahr-2019-fr","15":"kanton-vd-fr","16":"land-schweiz-fr"},"_links":{"self":[{"href":"https:\/\/verticaltechnik.ch\/fr\/wp-json\/wp\/v2\/posts\/37646","targetHints":{"allow":["GET"]}}],"collection":[{"href":"https:\/\/verticaltechnik.ch\/fr\/wp-json\/wp\/v2\/posts"}],"about":[{"href":"https:\/\/verticaltechnik.ch\/fr\/wp-json\/wp\/v2\/types\/post"}],"author":[{"embeddable":true,"href":"https:\/\/verticaltechnik.ch\/fr\/wp-json\/wp\/v2\/users\/1"}],"replies":[{"embeddable":true,"href":"https:\/\/verticaltechnik.ch\/fr\/wp-json\/wp\/v2\/comments?post=37646"}],"version-history":[{"count":0,"href":"https:\/\/verticaltechnik.ch\/fr\/wp-json\/wp\/v2\/posts\/37646\/revisions"}],"wp:featuredmedia":[{"embeddable":true,"href":"https:\/\/verticaltechnik.ch\/fr\/wp-json\/wp\/v2\/media\/34614"}],"wp:attachment":[{"href":"https:\/\/verticaltechnik.ch\/fr\/wp-json\/wp\/v2\/media?parent=37646"}],"wp:term":[{"taxonomy":"category","embeddable":true,"href":"https:\/\/verticaltechnik.ch\/fr\/wp-json\/wp\/v2\/categories?post=37646"},{"taxonomy":"post_tag","embeddable":true,"href":"https:\/\/verticaltechnik.ch\/fr\/wp-json\/wp\/v2\/tags?post=37646"},{"taxonomy":"jahr","embeddable":true,"href":"https:\/\/verticaltechnik.ch\/fr\/wp-json\/wp\/v2\/jahr?post=37646"},{"taxonomy":"kanton","embeddable":true,"href":"https:\/\/verticaltechnik.ch\/fr\/wp-json\/wp\/v2\/kanton?post=37646"},{"taxonomy":"land","embeddable":true,"href":"https:\/\/verticaltechnik.ch\/fr\/wp-json\/wp\/v2\/land?post=37646"},{"taxonomy":"anlagentyp","embeddable":true,"href":"https:\/\/verticaltechnik.ch\/fr\/wp-json\/wp\/v2\/anlagentyp?post=37646"}],"curies":[{"name":"wp","href":"https:\/\/api.w.org\/{rel}","templated":true}]}}