{"id":58768,"date":"2026-04-16T10:43:22","date_gmt":"2026-04-16T10:43:22","guid":{"rendered":"https:\/\/verticaltechnik.ch\/ch-liestal-nouveau-parc-de-sport-et-de-loisirs\/"},"modified":"2026-04-16T11:04:03","modified_gmt":"2026-04-16T11:04:03","slug":"ch-liestal-nouveau-parc-de-sport-et-de-loisirs","status":"publish","type":"post","link":"https:\/\/verticaltechnik.ch\/fr\/ch-liestal-nouveau-parc-de-sport-et-de-loisirs\/","title":{"rendered":"CH Liestal - nouveau parc de sport et de loisirs"},"content":{"rendered":"[vc_row type=\u00a0\u00bbin_container\u00a0\u00bb full_screen_row_position=\u00a0\u00bbmiddle\u00a0\u00bb column_margin=\u00a0\u00bbdefault\u00a0\u00bb column_direction=\u00a0\u00bbdefault\u00a0\u00bb column_direction_tablet=\u00a0\u00bbdefault\u00a0\u00bb column_direction_phone=\u00a0\u00bbdefault\u00a0\u00bb scene_position=\u00a0\u00bbcenter\u00a0\u00bb text_color=\u00a0\u00bbdark\u00a0\u00bb text_align=\u00a0\u00bbleft\u00a0\u00bb row_border_radius=\u00a0\u00bbnone\u00a0\u00bb row_border_radius_applies=\u00a0\u00bbbg\u00a0\u00bb overflow=\u00a0\u00bbvisible\u00a0\u00bb overlay_strength=\u00a0\u00bb0.3&Prime; gradient_direction=\u00a0\u00bbleft_to_right\u00a0\u00bb shape_divider_position=\u00a0\u00bbbottom\u00a0\u00bb bg_image_animation=\u00a0\u00bbnone\u00a0\u00bb][vc_column column_padding=\u00a0\u00bbno-extra-padding\u00a0\u00bb column_padding_tablet=\u00a0\u00bbinherit\u00a0\u00bb column_padding_phone=\u00a0\u00bbinherit\u00a0\u00bb column_padding_position=\u00a0\u00bball\u00a0\u00bb column_element_direction_desktop=\u00a0\u00bbdefault\u00a0\u00bb column_element_spacing=\u00a0\u00bbdefault\u00a0\u00bb desktop_text_alignment=\u00a0\u00bbdefault\u00a0\u00bb tablet_text_alignment=\u00a0\u00bbdefault\u00a0\u00bb phone_text_alignment=\u00a0\u00bbdefault\u00a0\u00bb background_color_opacity=\u00a0\u00bb1&Prime; background_hover_color_opacity=\u00a0\u00bb1&Prime; column_backdrop_filter=\u00a0\u00bbnone\u00a0\u00bb column_shadow=\u00a0\u00bbnone\u00a0\u00bb column_border_radius=\u00a0\u00bbnone\u00a0\u00bb column_link_target=\u00a0\u00bb_self\u00a0\u00bb column_position=\u00a0\u00bbdefault\u00a0\u00bb gradient_direction=\u00a0\u00bbleft_to_right\u00a0\u00bb overlay_strength=\u00a0\u00bb0.3&Prime; width=\u00a0\u00bb1\/1&Prime; tablet_width_inherit=\u00a0\u00bbdefault\u00a0\u00bb animation_type=\u00a0\u00bbdefault\u00a0\u00bb bg_image_animation=\u00a0\u00bbnone\u00a0\u00bb border_type=\u00a0\u00bbsimple\u00a0\u00bb column_border_width=\u00a0\u00bbnone\u00a0\u00bb column_border_style=\u00a0\u00bbsolid\u00a0\u00bb][vc_column_text css=\u00a0\u00bb\u00a0\u00bb text_direction=\u00a0\u00bbdefault\u00a0\u00bb]<strong>Nouveau parc sportif et de loisirs \u00e0 Liestal officiellement inaugur\u00e9<\/strong><\/p>\n<p><strong>Un espace de mouvement polyvalent pour toutes les g\u00e9n\u00e9rations<\/strong><\/p>\n<p>Ces derni\u00e8res semaines, l\u2019Office des sports de B\u00e2le-Campagne a r\u00e9alis\u00e9 \u00e0 Liestal un nouveau parc sportif et de loisirs innovant. Depuis le <strong>29 avril 2026<\/strong>, la population dispose d\u2019une installation ext\u00e9rieure moderne qui r\u00e9unit mouvement, rencontres et jeux pour tous les \u00e2ges \u2014 et ce, gratuitement. <\/p>\n<p>Le nouveau parc interg\u00e9n\u00e9rationnel propose une offre vari\u00e9e : <strong>des terrains de p\u00e9tanque, un pumptrack, un \u00e9chiquier g\u00e9ant, des appareils de fitness outdoor vGYM et un mur de bloc<\/strong> <strong>de Vertical, un terrain de pickleball, <\/strong>ainsi que d\u2019autres possibilit\u00e9s de mouvement et de jeu invitent \u00e0 s\u2019y attarder activement. Il en r\u00e9sulte un lieu d\u2019entra\u00eenement et de rencontre facilement accessible, permettant un entra\u00eenement outdoor complet \u2014 comparable \u00e0 une salle de fitness indoor moderne \u00e0 ciel ouvert. <\/p>\n<p><strong>Inauguration officielle avec des invit\u00e9s du monde politique et du sport<\/strong><\/p>\n<p>L\u2019inauguration de l\u2019installation a eu lieu le mercredi 29 avril 2026, en pr\u00e9sence de nombreux invit\u00e9s. Les personnes pr\u00e9sentes ont \u00e9t\u00e9 accueillies par <strong>Thomas Beugger, chef de l\u2019Office des sports de B\u00e2le-Campagne<\/strong>, suivi du discours officiel de <strong>Markus Eigenmann, conseiller d\u2019\u00c9tat<\/strong>. <\/p>\n<p>Ensuite, <strong>Christian Saladin, chef adjoint de l\u2019Office des sports<\/strong>, a pr\u00e9sent\u00e9 le projet en d\u00e9tail. Un moment fort a \u00e9t\u00e9 l\u2019interview de <strong>Daniel Schaub avec le participant olympique Mathieu Hersperger<\/strong> de l\u2019\u00e9quipe de bobsleigh \u00e0 4 Rohner, qui a donn\u00e9 un aper\u00e7u personnel de l\u2019importance des espaces d\u2019entra\u00eenement et de mouvement modernes. <\/p>\n<p>Apr\u00e8s la partie officielle, les invit\u00e9s ont profit\u00e9 de l\u2019occasion pour essayer eux-m\u00eames la nouvelle installation et se faire une id\u00e9e de la diversit\u00e9 de l\u2019offre.<\/p>\n<p><strong>Mouvement, jeu et rencontres dans l\u2019espace public<\/strong><\/p>\n<p>L\u2019installation est compl\u00e9t\u00e9e par de robustes <strong>bancs d\u2019assise en granit de Vertical<\/strong>, souvent utilis\u00e9s dans les skateparks. Ils allient fonctionnalit\u00e9 et design urbain et offrent en m\u00eame temps des assises durables et esth\u00e9tiques dans l\u2019espace public. <\/p>\n<p>De plus, <strong>deux parkings \u00e0 v\u00e9los<\/strong> ont \u00e9t\u00e9 install\u00e9s afin de favoriser un acc\u00e8s confortable et durable \u00e0 v\u00e9lo.<\/p>\n<p><strong>Un projet pour l\u2019avenir de la culture du mouvement<\/strong><\/p>\n<p>Avec ce nouveau parc sportif et de loisirs, l\u2019Office des sports de B\u00e2le-Campagne envoie un signal fort en faveur de la promotion du mouvement accessible \u00e0 tous, de l\u2019utilisation interg\u00e9n\u00e9rationnelle et d\u2019une infrastructure sportive moderne dans l\u2019espace public.<\/p>\n<p>Le site de Liestal doit s\u2019\u00e9tablir comme un lieu de rencontre vivant \u2014 pour le sport, les \u00e9changes et la d\u00e9tente active au quotidien.<\/p>\n<p><strong>Remerciements<\/strong><\/p>\n<p>Un remerciement particulier s\u2019adresse \u00e0 l\u2019Office des sports de B\u00e2le-Campagne, en particulier \u00e0 <strong>Christian Saladin<\/strong>, pour la collaboration et la confiance accord\u00e9e aux innovants <strong>appareils de fitness outdoor vGYM de Vertical<\/strong>, ainsi que pour la possibilit\u00e9 de r\u00e9aliser le montage du pumptrack et des autres installations.<\/p>\n<p><strong> <\/strong><\/p>\n<p><strong>Emplacement<\/strong><\/p>\n<p><strong>Parc sportif et de loisirs de Liestal<\/strong><br \/>\nGoldbrunnenstrasse 14<br \/>\n4410 Liestal, Suisse<\/p>\n<p>Google Maps <strong>47\u00b029&rsquo;24.9&Prime;N 7\u00b043&rsquo;21.0&Prime;E<\/strong>[\/vc_column_text][vc_gallery css=\u00a0\u00bb\u00a0\u00bb type=\u00a0\u00bbimage_grid\u00a0\u00bb images=\u00a0\u00bb58791,58792,58793,58794,58795,58796,58797,58798,58799,58800,58801&Prime; image_grid_loading=\u00a0\u00bbdefault\u00a0\u00bb layout=\u00a0\u00bb4&Prime; item_spacing=\u00a0\u00bbdefault\u00a0\u00bb gallery_style=\u00a0\u00bb7&Prime; load_in_animation=\u00a0\u00bbnone\u00a0\u00bb][\/vc_column][\/vc_row]\n","protected":false},"excerpt":{"rendered":"<p>[vc_row type=\u00a0\u00bbin_container\u00a0\u00bb full_screen_row_position=\u00a0\u00bbmiddle\u00a0\u00bb column_margin=\u00a0\u00bbdefault\u00a0\u00bb column_direction=\u00a0\u00bbdefault\u00a0\u00bb column_direction_tablet=\u00a0\u00bbdefault\u00a0\u00bb column_direction_phone=\u00a0\u00bbdefault\u00a0\u00bb scene_position=\u00a0\u00bbcenter\u00a0\u00bb text_color=\u00a0\u00bbdark\u00a0\u00bb text_align=\u00a0\u00bbleft\u00a0\u00bb row_border_radius=\u00a0\u00bbnone\u00a0\u00bb row_border_radius_applies=\u00a0\u00bbbg\u00a0\u00bb overflow=\u00a0\u00bbvisible\u00a0\u00bb overlay_strength=\u00a0\u00bb0.3&Prime; gradient_direction=\u00a0\u00bbleft_to_right\u00a0\u00bb shape_divider_position=\u00a0\u00bbbottom\u00a0\u00bb bg_image_animation=\u00a0\u00bbnone\u00a0\u00bb][vc_column column_padding=\u00a0\u00bbno-extra-padding\u00a0\u00bb column_padding_tablet=\u00a0\u00bbinherit\u00a0\u00bb column_padding_phone=\u00a0\u00bbinherit\u00a0\u00bb column_padding_position=\u00a0\u00bball\u00a0\u00bb column_element_direction_desktop=\u00a0\u00bbdefault\u00a0\u00bb column_element_spacing=\u00a0\u00bbdefault\u00a0\u00bb desktop_text_alignment=\u00a0\u00bbdefault\u00a0\u00bb tablet_text_alignment=\u00a0\u00bbdefault\u00a0\u00bb phone_text_alignment=\u00a0\u00bbdefault\u00a0\u00bb background_color_opacity=\u00a0\u00bb1&Prime; background_hover_color_opacity=\u00a0\u00bb1&Prime; column_backdrop_filter=\u00a0\u00bbnone\u00a0\u00bb column_shadow=\u00a0\u00bbnone\u00a0\u00bb&#8230;<\/p>\n","protected":false},"author":28,"featured_media":58776,"comment_status":"closed","ping_status":"open","sticky":false,"template":"","format":"gallery","meta":{"footnotes":""},"categories":[12422,10864,10856,10936,10858,12423,10861,10857,12424],"tags":[],"jahr":[],"kanton":[],"land":[],"anlagentyp":[],"class_list":{"0":"post-58768","1":"post","2":"type-post","3":"status-publish","4":"format-gallery","5":"has-post-thumbnail","7":"category-12422","8":"category-bl-fr","9":"category-chronologie-fr","10":"category-installations-descalade","11":"category-pays","12":"category-pumptrack","13":"category-suisse","14":"category-type-dinstallation","15":"category-vgym","16":"post_format-post-format-gallery"},"_links":{"self":[{"href":"https:\/\/verticaltechnik.ch\/fr\/wp-json\/wp\/v2\/posts\/58768","targetHints":{"allow":["GET"]}}],"collection":[{"href":"https:\/\/verticaltechnik.ch\/fr\/wp-json\/wp\/v2\/posts"}],"about":[{"href":"https:\/\/verticaltechnik.ch\/fr\/wp-json\/wp\/v2\/types\/post"}],"author":[{"embeddable":true,"href":"https:\/\/verticaltechnik.ch\/fr\/wp-json\/wp\/v2\/users\/28"}],"replies":[{"embeddable":true,"href":"https:\/\/verticaltechnik.ch\/fr\/wp-json\/wp\/v2\/comments?post=58768"}],"version-history":[{"count":6,"href":"https:\/\/verticaltechnik.ch\/fr\/wp-json\/wp\/v2\/posts\/58768\/revisions"}],"predecessor-version":[{"id":58819,"href":"https:\/\/verticaltechnik.ch\/fr\/wp-json\/wp\/v2\/posts\/58768\/revisions\/58819"}],"wp:featuredmedia":[{"embeddable":true,"href":"https:\/\/verticaltechnik.ch\/fr\/wp-json\/wp\/v2\/media\/58776"}],"wp:attachment":[{"href":"https:\/\/verticaltechnik.ch\/fr\/wp-json\/wp\/v2\/media?parent=58768"}],"wp:term":[{"taxonomy":"category","embeddable":true,"href":"https:\/\/verticaltechnik.ch\/fr\/wp-json\/wp\/v2\/categories?post=58768"},{"taxonomy":"post_tag","embeddable":true,"href":"https:\/\/verticaltechnik.ch\/fr\/wp-json\/wp\/v2\/tags?post=58768"},{"taxonomy":"jahr","embeddable":true,"href":"https:\/\/verticaltechnik.ch\/fr\/wp-json\/wp\/v2\/jahr?post=58768"},{"taxonomy":"kanton","embeddable":true,"href":"https:\/\/verticaltechnik.ch\/fr\/wp-json\/wp\/v2\/kanton?post=58768"},{"taxonomy":"land","embeddable":true,"href":"https:\/\/verticaltechnik.ch\/fr\/wp-json\/wp\/v2\/land?post=58768"},{"taxonomy":"anlagentyp","embeddable":true,"href":"https:\/\/verticaltechnik.ch\/fr\/wp-json\/wp\/v2\/anlagentyp?post=58768"}],"curies":[{"name":"wp","href":"https:\/\/api.w.org\/{rel}","templated":true}]}}