{"id":24240,"date":"2025-04-22T15:38:49","date_gmt":"2025-04-22T15:38:49","guid":{"rendered":"https:\/\/newvt.verticaltechnik.ch\/ch-arlesheim-apertura-dello-skatepark\/"},"modified":"2025-04-22T15:45:22","modified_gmt":"2025-04-22T15:45:22","slug":"ch-arlesheim-apertura-dello-skatepark","status":"publish","type":"post","link":"https:\/\/verticaltechnik.ch\/it\/ch-arlesheim-apertura-dello-skatepark\/","title":{"rendered":"CH Arlesheim - Apertura dello Skatepark"},"content":{"rendered":"[vc_row type=&#8221;in_container&#8221; full_screen_row_position=&#8221;middle&#8221; column_margin=&#8221;default&#8221; column_direction=&#8221;default&#8221; column_direction_tablet=&#8221;default&#8221; column_direction_phone=&#8221;default&#8221; scene_position=&#8221;center&#8221; text_color=&#8221;dark&#8221; text_align=&#8221;left&#8221; row_border_radius=&#8221;none&#8221; row_border_radius_applies=&#8221;bg&#8221; overflow=&#8221;visible&#8221; overlay_strength=&#8221;0.3&#8243; gradient_direction=&#8221;left_to_right&#8221; shape_divider_position=&#8221;bottom&#8221; bg_image_animation=&#8221;none&#8221;][vc_column column_padding=&#8221;no-extra-padding&#8221; column_padding_tablet=&#8221;inherit&#8221; column_padding_phone=&#8221;inherit&#8221; column_padding_position=&#8221;all&#8221; column_element_direction_desktop=&#8221;default&#8221; column_element_spacing=&#8221;default&#8221; desktop_text_alignment=&#8221;default&#8221; tablet_text_alignment=&#8221;default&#8221; phone_text_alignment=&#8221;default&#8221; background_color_opacity=&#8221;1&#8243; background_hover_color_opacity=&#8221;1&#8243; column_backdrop_filter=&#8221;none&#8221; column_shadow=&#8221;none&#8221; column_border_radius=&#8221;none&#8221; column_link_target=&#8221;_self&#8221; column_position=&#8221;default&#8221; gradient_direction=&#8221;left_to_right&#8221; overlay_strength=&#8221;0.3&#8243; width=&#8221;1\/1&#8243; tablet_width_inherit=&#8221;default&#8221; animation_type=&#8221;default&#8221; bg_image_animation=&#8221;none&#8221; border_type=&#8221;simple&#8221; column_border_width=&#8221;none&#8221; column_border_style=&#8221;solid&#8221;][image_with_animation image_url=&#8221;24235&#8243; image_size=&#8221;full&#8221; animation_type=&#8221;entrance&#8221; animation=&#8221;None&#8221; animation_movement_type=&#8221;transform_y&#8221; hover_animation=&#8221;none&#8221; alignment=&#8221;&#8221; border_radius=&#8221;none&#8221; box_shadow=&#8221;none&#8221; image_loading=&#8221;default&#8221; max_width=&#8221;100%&#8221; max_width_mobile=&#8221;default&#8221;][vc_column_text css=&#8221;&#8221; text_direction=&#8221;default&#8221;]I bambini e i giovani di Arlesheim sono entusiasti. Sabato 31 agosto 2019 \u00e8 stato inaugurato il nuovo skate park accanto alla piscina alla presenza dei consiglieri comunali Ursula Laager e Felix Berchten. <\/p>\n<p>Poco dopo le due, bambini e adolescenti hanno preso d&#8217;assalto il parco per il giro inaugurale. Il parco \u00e8 stato messo alla prova con tutti i tipi di veicoli. In particolare, la nuova micro-rampa \u00e8 stata accolta con entusiasmo. Anche il salto al centro del parco, che pu\u00f2 essere percorso da entrambi i lati, ha fatto battere il cuore degli skater. Dopotutto avevano sentito la mancanza dello skate park ed erano contenti di avere di nuovo una struttura, ha detto un giovane atleta. Gli elementi di nuova costruzione del Vertical Technik sono stati volutamente mantenuti bassi e accessibili a tutti, in modo che lo skate park offra opportunit\u00e0 e sicurezza non solo ai pattinatori esperti, ma anche ai principianti.     <\/p>\n<p><strong>Un sondaggio tra i giovani ha portato a<br \/><\/strong>Dopo aver dovuto rimuovere lo skate park, ormai obsoleto, il comune di Arlesheim ha chiesto a tutti i residenti di et\u00e0 inferiore ai 26 anni le loro preferenze. Sono state selezionate diverse alternative per l&#8217;utilizzo dello spazio lasciato libero, con lo skate park, il parkour e lo street workout al centro dell&#8217;attenzione. Una nuova struttura per il tempo libero \u00e8 stata sviluppata in un successivo workshop con la partecipazione di bambini e ragazzi di Arlesheim. Grazie alla sponsorizzazione della BLKB, del Gasverbund Mittelland e al sostegno finanziario del comune e del fondo della lotteria, lo skate park ha potuto essere realizzato. Lo skate park \u00e8 gestito dall&#8217;associazione &#8220;Freiraum Jugendhaus und Kindertreff&#8221;.    <\/p>\n<p><strong>I piani restano grandi<br \/><\/strong>Come ha spiegato Gaby Meyer del centro giovanile di Arlesheim durante l&#8217;evento di inaugurazione, le strutture per il tempo libero nell&#8217;area verde di fronte all&#8217;ingresso della piscina saranno ampliate. I lavori di ristrutturazione inizieranno dopo la stagione delle piscine. Una struttura per il parkour con un allenamento in strada e una slackline prender\u00e0 il posto dei parcheggi e porter\u00e0 pi\u00f9 movimento nella vita del villaggio. La struttura di street workout servir\u00e0 a tenersi in forma facendo esercizi con il proprio peso. I salti acrobatici tra muri e pali saranno eseguiti sul percorso di parkour. Quest&#8217;ultimo \u00e8 stato sviluppato dall&#8217;attuale campione mondiale di parkour e professionista ninja Chris Harmat in collaborazione con Paul Heuberger di Vertical Technik AG. Si tratta della prima struttura di parkour della regione progettata per principianti e atleti esperti. Il comune pu\u00f2 contare ancora una volta sulla collaborazione dei bambini. Anche se concordano sul fatto che le strutture per il tempo libero sono belle, hanno comunque dei suggerimenti per migliorarle: Ad esempio, i giovani atleti vorrebbero un trampolino o potrebbero immaginare di aggiungere un tocco di colore al cemento grigio e di dipingere con lo spray il pavimento delle strutture. Anche il comune e il centro giovanile guarderanno con favore a questi suggerimenti.         <\/p>\n<p><strong>Indirizzo<\/strong><br \/>Piscina di Arlesheim (di fronte all&#8217;ingresso)<br \/>Schwimmbadweg 10<br \/>4144 Arlesheim[\/vc_column_text][\/vc_column][\/vc_row]\n","protected":false},"excerpt":{"rendered":"<p>[vc_row type=&#8221;in_container&#8221; full_screen_row_position=&#8221;middle&#8221; column_margin=&#8221;default&#8221; column_direction=&#8221;default&#8221; column_direction_tablet=&#8221;default&#8221; column_direction_phone=&#8221;default&#8221; scene_position=&#8221;center&#8221; text_color=&#8221;dark&#8221; text_align=&#8221;left&#8221; row_border_radius=&#8221;none&#8221; row_border_radius_applies=&#8221;bg&#8221; overflow=&#8221;visible&#8221; overlay_strength=&#8221;0.3&#8243; gradient_direction=&#8221;left_to_right&#8221; shape_divider_position=&#8221;bottom&#8221; bg_image_animation=&#8221;none&#8221;][vc_column column_padding=&#8221;no-extra-padding&#8221; column_padding_tablet=&#8221;inherit&#8221; column_padding_phone=&#8221;inherit&#8221; column_padding_position=&#8221;all&#8221; column_element_direction_desktop=&#8221;default&#8221; column_element_spacing=&#8221;default&#8221; desktop_text_alignment=&#8221;default&#8221; tablet_text_alignment=&#8221;default&#8221; phone_text_alignment=&#8221;default&#8221; background_color_opacity=&#8221;1&#8243; background_hover_color_opacity=&#8221;1&#8243; column_backdrop_filter=&#8221;none&#8221; column_shadow=&#8221;none&#8221;&#8230;<\/p>\n","protected":false},"author":1,"featured_media":0,"comment_status":"open","ping_status":"open","sticky":false,"template":"","format":"standard","meta":{"footnotes":""},"categories":[33],"tags":[],"jahr":[],"kanton":[],"land":[],"anlagentyp":[],"class_list":{"0":"post-24240","1":"post","2":"type-post","3":"status-publish","4":"format-standard","6":"category-senza-categoria"},"_links":{"self":[{"href":"https:\/\/verticaltechnik.ch\/it\/wp-json\/wp\/v2\/posts\/24240","targetHints":{"allow":["GET"]}}],"collection":[{"href":"https:\/\/verticaltechnik.ch\/it\/wp-json\/wp\/v2\/posts"}],"about":[{"href":"https:\/\/verticaltechnik.ch\/it\/wp-json\/wp\/v2\/types\/post"}],"author":[{"embeddable":true,"href":"https:\/\/verticaltechnik.ch\/it\/wp-json\/wp\/v2\/users\/1"}],"replies":[{"embeddable":true,"href":"https:\/\/verticaltechnik.ch\/it\/wp-json\/wp\/v2\/comments?post=24240"}],"version-history":[{"count":0,"href":"https:\/\/verticaltechnik.ch\/it\/wp-json\/wp\/v2\/posts\/24240\/revisions"}],"wp:attachment":[{"href":"https:\/\/verticaltechnik.ch\/it\/wp-json\/wp\/v2\/media?parent=24240"}],"wp:term":[{"taxonomy":"category","embeddable":true,"href":"https:\/\/verticaltechnik.ch\/it\/wp-json\/wp\/v2\/categories?post=24240"},{"taxonomy":"post_tag","embeddable":true,"href":"https:\/\/verticaltechnik.ch\/it\/wp-json\/wp\/v2\/tags?post=24240"},{"taxonomy":"jahr","embeddable":true,"href":"https:\/\/verticaltechnik.ch\/it\/wp-json\/wp\/v2\/jahr?post=24240"},{"taxonomy":"kanton","embeddable":true,"href":"https:\/\/verticaltechnik.ch\/it\/wp-json\/wp\/v2\/kanton?post=24240"},{"taxonomy":"land","embeddable":true,"href":"https:\/\/verticaltechnik.ch\/it\/wp-json\/wp\/v2\/land?post=24240"},{"taxonomy":"anlagentyp","embeddable":true,"href":"https:\/\/verticaltechnik.ch\/it\/wp-json\/wp\/v2\/anlagentyp?post=24240"}],"curies":[{"name":"wp","href":"https:\/\/api.w.org\/{rel}","templated":true}]}}