{"id":24472,"date":"2025-04-22T17:22:21","date_gmt":"2025-04-22T17:22:21","guid":{"rendered":"https:\/\/newvt.verticaltechnik.ch\/ch-pratteln-allenamento-in-strada\/"},"modified":"2025-04-22T17:29:50","modified_gmt":"2025-04-22T17:29:50","slug":"ch-pratteln-allenamento-in-strada","status":"publish","type":"post","link":"https:\/\/verticaltechnik.ch\/it\/ch-pratteln-allenamento-in-strada\/","title":{"rendered":"CH Pratteln - Allenamento in strada"},"content":{"rendered":"[vc_row type=&#8221;in_container&#8221; full_screen_row_position=&#8221;middle&#8221; column_margin=&#8221;default&#8221; column_direction=&#8221;default&#8221; column_direction_tablet=&#8221;default&#8221; column_direction_phone=&#8221;default&#8221; scene_position=&#8221;center&#8221; text_color=&#8221;dark&#8221; text_align=&#8221;left&#8221; row_border_radius=&#8221;none&#8221; row_border_radius_applies=&#8221;bg&#8221; overflow=&#8221;visible&#8221; overlay_strength=&#8221;0.3&#8243; gradient_direction=&#8221;left_to_right&#8221; shape_divider_position=&#8221;bottom&#8221; bg_image_animation=&#8221;none&#8221;][vc_column column_padding=&#8221;no-extra-padding&#8221; column_padding_tablet=&#8221;inherit&#8221; column_padding_phone=&#8221;inherit&#8221; column_padding_position=&#8221;all&#8221; column_element_direction_desktop=&#8221;default&#8221; column_element_spacing=&#8221;default&#8221; desktop_text_alignment=&#8221;default&#8221; tablet_text_alignment=&#8221;default&#8221; phone_text_alignment=&#8221;default&#8221; background_color_opacity=&#8221;1&#8243; background_hover_color_opacity=&#8221;1&#8243; column_backdrop_filter=&#8221;none&#8221; column_shadow=&#8221;none&#8221; column_border_radius=&#8221;none&#8221; column_link_target=&#8221;_self&#8221; column_position=&#8221;default&#8221; gradient_direction=&#8221;left_to_right&#8221; overlay_strength=&#8221;0.3&#8243; width=&#8221;1\/1&#8243; tablet_width_inherit=&#8221;default&#8221; animation_type=&#8221;default&#8221; bg_image_animation=&#8221;none&#8221; border_type=&#8221;simple&#8221; column_border_width=&#8221;none&#8221; column_border_style=&#8221;solid&#8221;][image_with_animation image_url=&#8221;24455&#8243; image_size=&#8221;full&#8221; animation_type=&#8221;entrance&#8221; animation=&#8221;None&#8221; animation_movement_type=&#8221;transform_y&#8221; hover_animation=&#8221;none&#8221; alignment=&#8221;&#8221; border_radius=&#8221;none&#8221; box_shadow=&#8221;none&#8221; image_loading=&#8221;default&#8221; max_width=&#8221;100%&#8221; max_width_mobile=&#8221;default&#8221;][vc_column_text css=&#8221;&#8221; text_direction=&#8221;default&#8221;]Accanto allo skate park di Pratteln \u00e8 stata recentemente installata una struttura per l&#8217;allenamento in strada. La posizione accanto alla piscina di Pratteln e al centro sportivo di Sandgruben si adatta perfettamente al concetto di sport del comune. La struttura per l&#8217;allenamento in strada comprende vari elementi come un sollevatore di gambe, un modulo per le flessioni, un&#8217;asta per le bandiere, ecc. ed \u00e8 aperta al pubblico. Il parcheggio per le auto \u00e8 disponibile accanto alla struttura. Il pavimento \u00e8 coperto da una superficie anticaduta in EPDM, che pu\u00f2 essere utilizzata anche per gli esercizi a terra.    <\/p>\n<p>Vertical Technik AG ringrazia il cliente, il comune di Pratteln, per la fiducia e la collaborazione e augura a tutti gli utenti sessioni di formazione costruttive.<\/p>\n<p>Localit\u00e0:<br \/>Steet Workout Pratteln<br \/>Giebenacherstrasse 10<br \/>4133 Pratteln[\/vc_column_text][\/vc_column][\/vc_row]\n","protected":false},"excerpt":{"rendered":"<p>[vc_row type=&#8221;in_container&#8221; full_screen_row_position=&#8221;middle&#8221; column_margin=&#8221;default&#8221; column_direction=&#8221;default&#8221; column_direction_tablet=&#8221;default&#8221; column_direction_phone=&#8221;default&#8221; scene_position=&#8221;center&#8221; text_color=&#8221;dark&#8221; text_align=&#8221;left&#8221; row_border_radius=&#8221;none&#8221; row_border_radius_applies=&#8221;bg&#8221; overflow=&#8221;visible&#8221; overlay_strength=&#8221;0.3&#8243; gradient_direction=&#8221;left_to_right&#8221; shape_divider_position=&#8221;bottom&#8221; bg_image_animation=&#8221;none&#8221;][vc_column column_padding=&#8221;no-extra-padding&#8221; column_padding_tablet=&#8221;inherit&#8221; column_padding_phone=&#8221;inherit&#8221; column_padding_position=&#8221;all&#8221; column_element_direction_desktop=&#8221;default&#8221; column_element_spacing=&#8221;default&#8221; desktop_text_alignment=&#8221;default&#8221; tablet_text_alignment=&#8221;default&#8221; phone_text_alignment=&#8221;default&#8221; background_color_opacity=&#8221;1&#8243; background_hover_color_opacity=&#8221;1&#8243; column_backdrop_filter=&#8221;none&#8221; column_shadow=&#8221;none&#8221;&#8230;<\/p>\n","protected":false},"author":1,"featured_media":0,"comment_status":"open","ping_status":"open","sticky":false,"template":"","format":"standard","meta":{"footnotes":""},"categories":[33],"tags":[],"jahr":[],"kanton":[],"land":[],"anlagentyp":[],"class_list":{"0":"post-24472","1":"post","2":"type-post","3":"status-publish","4":"format-standard","6":"category-senza-categoria"},"_links":{"self":[{"href":"https:\/\/verticaltechnik.ch\/it\/wp-json\/wp\/v2\/posts\/24472","targetHints":{"allow":["GET"]}}],"collection":[{"href":"https:\/\/verticaltechnik.ch\/it\/wp-json\/wp\/v2\/posts"}],"about":[{"href":"https:\/\/verticaltechnik.ch\/it\/wp-json\/wp\/v2\/types\/post"}],"author":[{"embeddable":true,"href":"https:\/\/verticaltechnik.ch\/it\/wp-json\/wp\/v2\/users\/1"}],"replies":[{"embeddable":true,"href":"https:\/\/verticaltechnik.ch\/it\/wp-json\/wp\/v2\/comments?post=24472"}],"version-history":[{"count":0,"href":"https:\/\/verticaltechnik.ch\/it\/wp-json\/wp\/v2\/posts\/24472\/revisions"}],"wp:attachment":[{"href":"https:\/\/verticaltechnik.ch\/it\/wp-json\/wp\/v2\/media?parent=24472"}],"wp:term":[{"taxonomy":"category","embeddable":true,"href":"https:\/\/verticaltechnik.ch\/it\/wp-json\/wp\/v2\/categories?post=24472"},{"taxonomy":"post_tag","embeddable":true,"href":"https:\/\/verticaltechnik.ch\/it\/wp-json\/wp\/v2\/tags?post=24472"},{"taxonomy":"jahr","embeddable":true,"href":"https:\/\/verticaltechnik.ch\/it\/wp-json\/wp\/v2\/jahr?post=24472"},{"taxonomy":"kanton","embeddable":true,"href":"https:\/\/verticaltechnik.ch\/it\/wp-json\/wp\/v2\/kanton?post=24472"},{"taxonomy":"land","embeddable":true,"href":"https:\/\/verticaltechnik.ch\/it\/wp-json\/wp\/v2\/land?post=24472"},{"taxonomy":"anlagentyp","embeddable":true,"href":"https:\/\/verticaltechnik.ch\/it\/wp-json\/wp\/v2\/anlagentyp?post=24472"}],"curies":[{"name":"wp","href":"https:\/\/api.w.org\/{rel}","templated":true}]}}