{"id":24597,"date":"2025-04-22T17:54:14","date_gmt":"2025-04-22T17:54:14","guid":{"rendered":"https:\/\/newvt.verticaltechnik.ch\/ch-wohlen-bowl-sportpark-buenzmatt\/"},"modified":"2025-04-22T17:57:15","modified_gmt":"2025-04-22T17:57:15","slug":"ch-wohlen-bowl-sportpark-buenzmatt","status":"publish","type":"post","link":"https:\/\/verticaltechnik.ch\/it\/ch-wohlen-bowl-sportpark-buenzmatt\/","title":{"rendered":"CH Wohlen - Bowl Sportpark B\u00fcnzmatt"},"content":{"rendered":"[vc_row type=&#8221;in_container&#8221; full_screen_row_position=&#8221;middle&#8221; column_margin=&#8221;default&#8221; column_direction=&#8221;default&#8221; column_direction_tablet=&#8221;default&#8221; column_direction_phone=&#8221;default&#8221; scene_position=&#8221;center&#8221; text_color=&#8221;dark&#8221; text_align=&#8221;left&#8221; row_border_radius=&#8221;none&#8221; row_border_radius_applies=&#8221;bg&#8221; overflow=&#8221;visible&#8221; overlay_strength=&#8221;0.3&#8243; gradient_direction=&#8221;left_to_right&#8221; shape_divider_position=&#8221;bottom&#8221; bg_image_animation=&#8221;none&#8221;][vc_column column_padding=&#8221;no-extra-padding&#8221; column_padding_tablet=&#8221;inherit&#8221; column_padding_phone=&#8221;inherit&#8221; column_padding_position=&#8221;all&#8221; column_element_direction_desktop=&#8221;default&#8221; column_element_spacing=&#8221;default&#8221; desktop_text_alignment=&#8221;default&#8221; tablet_text_alignment=&#8221;default&#8221; phone_text_alignment=&#8221;default&#8221; background_color_opacity=&#8221;1&#8243; background_hover_color_opacity=&#8221;1&#8243; column_backdrop_filter=&#8221;none&#8221; column_shadow=&#8221;none&#8221; column_border_radius=&#8221;none&#8221; column_link_target=&#8221;_self&#8221; column_position=&#8221;default&#8221; gradient_direction=&#8221;left_to_right&#8221; overlay_strength=&#8221;0.3&#8243; width=&#8221;1\/1&#8243; tablet_width_inherit=&#8221;default&#8221; animation_type=&#8221;default&#8221; bg_image_animation=&#8221;none&#8221; border_type=&#8221;simple&#8221; column_border_width=&#8221;none&#8221; column_border_style=&#8221;solid&#8221;][image_with_animation image_url=&#8221;24575&#8243; image_size=&#8221;full&#8221; animation_type=&#8221;entrance&#8221; animation=&#8221;None&#8221; animation_movement_type=&#8221;transform_y&#8221; hover_animation=&#8221;none&#8221; alignment=&#8221;&#8221; border_radius=&#8221;none&#8221; box_shadow=&#8221;none&#8221; image_loading=&#8221;default&#8221; max_width=&#8221;100%&#8221; max_width_mobile=&#8221;default&#8221;][vc_column_text css=&#8221;&#8221; text_direction=&#8221;default&#8221;]Il 20 ottobre 2018 \u00e8 stato inaugurato il parco sportivo B\u00fcnzmatt a Wohlen. L&#8217;enorme sito \u00e8 stato progettato dagli architetti di phalt AG di Zurigo. Oltre a varie attivit\u00e0 sportive, il parco sportivo ospita ora anche uno skate park in cemento.  <\/p>\n<p>La pista \u00e8 formata da tre angoli con un&#8217;estensione a sponde e piccoli fianchi a sinistra e a destra. La piattaforma della bowl \u00e8 pi\u00f9 alta rispetto al resto dello skate park ed \u00e8 a gradini su un lato. In questo modo si \u00e8 creata un&#8217;area lunga che funge da pad manuale con un downrail. La pista \u00e8 stata progettata e costruita da Vertical Technik AG. Inoltre, la superficie della pavimentazione in cemento intorno allo skate park \u00e8 stata lucidata in modo da poter essere utilizzata anche per il pattinaggio. Lo skate park \u00e8 sempre accessibile, anche al di fuori degli orari di apertura del parco sportivo.     <\/p>\n<p>Desideriamo ringraziare il committente, il comune di Wohlen, per la sua fiducia e lo studio di architettura phalt AG per l&#8217;eccellente collaborazione. Siamo lieti di aver dato il nostro contributo a questo grande impianto sportivo. <\/p>\n<p>Localit\u00e0:<br \/>Sportpark B\u00fcnzmatt<br \/>Sorenb\u00fchlweg 44<br \/>5610 Wohlen<\/p>\n<p><span style=\"color: #d0121a;\"><strong><a href=\"https:\/\/xn--schwo-park-ceb.ch\/\" target=\"_blank\" rel=\"noreferrer noopener\">Homepage Parco Sch\u00fcwo<\/a><\/strong><\/span>[\/vc_column_text][vc_raw_html css=&#8221;&#8221;]PGlmcmFtZSB3aWR0aD0iODAwIiBoZWlnaHQ9IjQ1MCIgc3JjPSJodHRwczovL3d3dy55b3V0dWJlLmNvbS9lbWJlZC9Rb1lmdlh5T1dhMCIgZnJhbWVib3JkZXI9IjAiPjwvaWZyYW1lPg==[\/vc_raw_html][\/vc_column][\/vc_row]\n","protected":false},"excerpt":{"rendered":"<p>[vc_row type=&#8221;in_container&#8221; full_screen_row_position=&#8221;middle&#8221; column_margin=&#8221;default&#8221; column_direction=&#8221;default&#8221; column_direction_tablet=&#8221;default&#8221; column_direction_phone=&#8221;default&#8221; scene_position=&#8221;center&#8221; text_color=&#8221;dark&#8221; text_align=&#8221;left&#8221; row_border_radius=&#8221;none&#8221; row_border_radius_applies=&#8221;bg&#8221; overflow=&#8221;visible&#8221; overlay_strength=&#8221;0.3&#8243; gradient_direction=&#8221;left_to_right&#8221; shape_divider_position=&#8221;bottom&#8221; bg_image_animation=&#8221;none&#8221;][vc_column column_padding=&#8221;no-extra-padding&#8221; column_padding_tablet=&#8221;inherit&#8221; column_padding_phone=&#8221;inherit&#8221; column_padding_position=&#8221;all&#8221; column_element_direction_desktop=&#8221;default&#8221; column_element_spacing=&#8221;default&#8221; desktop_text_alignment=&#8221;default&#8221; tablet_text_alignment=&#8221;default&#8221; phone_text_alignment=&#8221;default&#8221; background_color_opacity=&#8221;1&#8243; background_hover_color_opacity=&#8221;1&#8243; column_backdrop_filter=&#8221;none&#8221; column_shadow=&#8221;none&#8221;&#8230;<\/p>\n","protected":false},"author":1,"featured_media":0,"comment_status":"open","ping_status":"open","sticky":false,"template":"","format":"standard","meta":{"footnotes":""},"categories":[33],"tags":[],"jahr":[],"kanton":[],"land":[],"anlagentyp":[],"class_list":{"0":"post-24597","1":"post","2":"type-post","3":"status-publish","4":"format-standard","6":"category-senza-categoria"},"_links":{"self":[{"href":"https:\/\/verticaltechnik.ch\/it\/wp-json\/wp\/v2\/posts\/24597","targetHints":{"allow":["GET"]}}],"collection":[{"href":"https:\/\/verticaltechnik.ch\/it\/wp-json\/wp\/v2\/posts"}],"about":[{"href":"https:\/\/verticaltechnik.ch\/it\/wp-json\/wp\/v2\/types\/post"}],"author":[{"embeddable":true,"href":"https:\/\/verticaltechnik.ch\/it\/wp-json\/wp\/v2\/users\/1"}],"replies":[{"embeddable":true,"href":"https:\/\/verticaltechnik.ch\/it\/wp-json\/wp\/v2\/comments?post=24597"}],"version-history":[{"count":0,"href":"https:\/\/verticaltechnik.ch\/it\/wp-json\/wp\/v2\/posts\/24597\/revisions"}],"wp:attachment":[{"href":"https:\/\/verticaltechnik.ch\/it\/wp-json\/wp\/v2\/media?parent=24597"}],"wp:term":[{"taxonomy":"category","embeddable":true,"href":"https:\/\/verticaltechnik.ch\/it\/wp-json\/wp\/v2\/categories?post=24597"},{"taxonomy":"post_tag","embeddable":true,"href":"https:\/\/verticaltechnik.ch\/it\/wp-json\/wp\/v2\/tags?post=24597"},{"taxonomy":"jahr","embeddable":true,"href":"https:\/\/verticaltechnik.ch\/it\/wp-json\/wp\/v2\/jahr?post=24597"},{"taxonomy":"kanton","embeddable":true,"href":"https:\/\/verticaltechnik.ch\/it\/wp-json\/wp\/v2\/kanton?post=24597"},{"taxonomy":"land","embeddable":true,"href":"https:\/\/verticaltechnik.ch\/it\/wp-json\/wp\/v2\/land?post=24597"},{"taxonomy":"anlagentyp","embeddable":true,"href":"https:\/\/verticaltechnik.ch\/it\/wp-json\/wp\/v2\/anlagentyp?post=24597"}],"curies":[{"name":"wp","href":"https:\/\/api.w.org\/{rel}","templated":true}]}}