{"id":24693,"date":"2025-04-24T15:18:33","date_gmt":"2025-04-24T15:18:33","guid":{"rendered":"https:\/\/newvt.verticaltechnik.ch\/d-schopfheim-parco-skate-in-cemento\/"},"modified":"2025-04-25T15:24:35","modified_gmt":"2025-04-25T15:24:35","slug":"d-schopfheim-parco-skate-in-cemento","status":"publish","type":"post","link":"https:\/\/verticaltechnik.ch\/it\/d-schopfheim-parco-skate-in-cemento\/","title":{"rendered":"D Schopfheim - Parco skate in cemento"},"content":{"rendered":"[vc_row type=&#8221;in_container&#8221; full_screen_row_position=&#8221;middle&#8221; column_margin=&#8221;default&#8221; column_direction=&#8221;default&#8221; column_direction_tablet=&#8221;default&#8221; column_direction_phone=&#8221;default&#8221; scene_position=&#8221;center&#8221; text_color=&#8221;dark&#8221; text_align=&#8221;left&#8221; row_border_radius=&#8221;none&#8221; row_border_radius_applies=&#8221;bg&#8221; overflow=&#8221;visible&#8221; overlay_strength=&#8221;0.3&#8243; gradient_direction=&#8221;left_to_right&#8221; shape_divider_position=&#8221;bottom&#8221; bg_image_animation=&#8221;none&#8221;][vc_column column_padding=&#8221;no-extra-padding&#8221; column_padding_tablet=&#8221;inherit&#8221; column_padding_phone=&#8221;inherit&#8221; column_padding_position=&#8221;all&#8221; column_element_direction_desktop=&#8221;default&#8221; column_element_spacing=&#8221;default&#8221; desktop_text_alignment=&#8221;default&#8221; tablet_text_alignment=&#8221;default&#8221; phone_text_alignment=&#8221;default&#8221; background_color_opacity=&#8221;1&#8243; background_hover_color_opacity=&#8221;1&#8243; column_backdrop_filter=&#8221;none&#8221; column_shadow=&#8221;none&#8221; column_border_radius=&#8221;none&#8221; column_link_target=&#8221;_self&#8221; column_position=&#8221;default&#8221; gradient_direction=&#8221;left_to_right&#8221; overlay_strength=&#8221;0.3&#8243; width=&#8221;1\/1&#8243; tablet_width_inherit=&#8221;default&#8221; animation_type=&#8221;default&#8221; bg_image_animation=&#8221;none&#8221; border_type=&#8221;simple&#8221; column_border_width=&#8221;none&#8221; column_border_style=&#8221;solid&#8221;][image_with_animation image_url=&#8221;24684&#8243; image_size=&#8221;full&#8221; animation_type=&#8221;entrance&#8221; animation=&#8221;None&#8221; animation_movement_type=&#8221;transform_y&#8221; hover_animation=&#8221;none&#8221; alignment=&#8221;&#8221; border_radius=&#8221;none&#8221; box_shadow=&#8221;none&#8221; image_loading=&#8221;default&#8221; max_width=&#8221;100%&#8221; max_width_mobile=&#8221;default&#8221;][vc_column_text css=&#8221;&#8221; text_direction=&#8221;default&#8221;]L&#8217;inaugurazione del nuovo skate park in cemento a Schopfheim \u00e8 avvenuta il 30 settembre 2018. Il luogo si trova alla fermata della S-Bahn West di Schopfheim. Lo skate park di 700 m2, progettato da Vertical Technik AG di Frenkendorf e costruito da Maxi H\u00e4ring di Monaco, \u00e8 stato testato fino a tarda sera. Lo skate park \u00e8 dotato di una bowl, un triple set con corrimano e hubbas, un A-frame e un pad manuale con un cordolo slappy. La struttura \u00e8 stata progettata insieme agli skater locali e al parlamento dei giovani in modalit\u00e0 workshop con Vertical. Per la costruzione sono stati utilizzati 180 metri cubi di cemento e 4 tonnellate di acciaio. Il nuovo skate park \u00e8 stato accolto con grande entusiasmo dagli utenti. Nonostante la grande affluenza del giorno dell&#8217;inaugurazione, l&#8217;atmosfera era eccellente.       <\/p>\n<p><strong>Jacob, 23 anni, Schopfheim:<\/strong> Il sistema \u00e8 fantastico. \u00c8 davvero bello che abbia funzionato dopo tanti anni. Ho avuto modo di partecipare alla progettazione e devo dire che il parco si \u00e8 rivelato migliore di quanto avremmo mai potuto sognare. A mio parere, \u00e8 il miglior skate park della zona. Ad esempio, ogni elemento pu\u00f2 essere percorso in pi\u00f9 di un modo: \u00e8 super versatile. Inoltre, abbiamo una vasca, il che \u00e8 molto bello. \u00c8 l&#8217;unico skatepark non commerciale della zona. &#8220;Badische Zeitung del 1 ottobre 2018&#8221;       <\/p>\n<p><strong>Kalle, 14 anni, Schallbach:<\/strong> Il parco \u00e8 davvero bello, divertente e gratuito. La pista \u00e8 davvero bella da guidare: Diventa molto veloce e si pu\u00f2 saltare molto bene. Al momento \u00e8 un po&#8217; affollato, ma \u00e8 divertente. &#8220;Badische Zeitung del 1 ottobre 2018&#8221;   <\/p>\n<p>Vertical Technik AG ringrazia tutti i partecipanti per la piacevole collaborazione!<\/p>\n<p><span style=\"color: #d0121a;\"><strong><a href=\"http:\/\/www.badische-zeitung.de\/schopfheim\/so-gut-kommt-schopfheims-neuer-skaterpark-bei-den-skatern-an\" target=\"_blank\" rel=\"noreferrer noopener\">Articolo di giornale<\/a><\/strong><\/span><\/p>\n<p>Posizione:<br \/>Hohe-Flum-Strasse<br \/>79650 Schopfheim[\/vc_column_text][\/vc_column][\/vc_row][vc_row type=&#8221;in_container&#8221; full_screen_row_position=&#8221;middle&#8221; column_margin=&#8221;default&#8221; column_direction=&#8221;default&#8221; column_direction_tablet=&#8221;default&#8221; column_direction_phone=&#8221;default&#8221; scene_position=&#8221;center&#8221; text_color=&#8221;dark&#8221; text_align=&#8221;left&#8221; row_border_radius=&#8221;none&#8221; row_border_radius_applies=&#8221;bg&#8221; overflow=&#8221;visible&#8221; overlay_strength=&#8221;0.3&#8243; gradient_direction=&#8221;left_to_right&#8221; shape_divider_position=&#8221;bottom&#8221; bg_image_animation=&#8221;none&#8221;][vc_column column_padding=&#8221;no-extra-padding&#8221; column_padding_tablet=&#8221;inherit&#8221; column_padding_phone=&#8221;inherit&#8221; column_padding_position=&#8221;all&#8221; column_element_direction_desktop=&#8221;default&#8221; column_element_spacing=&#8221;default&#8221; desktop_text_alignment=&#8221;default&#8221; tablet_text_alignment=&#8221;default&#8221; phone_text_alignment=&#8221;default&#8221; background_color_opacity=&#8221;1&#8243; background_hover_color_opacity=&#8221;1&#8243; column_backdrop_filter=&#8221;none&#8221; column_shadow=&#8221;none&#8221; column_border_radius=&#8221;none&#8221; column_link_target=&#8221;_self&#8221; column_position=&#8221;default&#8221; gradient_direction=&#8221;left_to_right&#8221; overlay_strength=&#8221;0.3&#8243; width=&#8221;1\/1&#8243; tablet_width_inherit=&#8221;default&#8221; animation_type=&#8221;default&#8221; bg_image_animation=&#8221;none&#8221; border_type=&#8221;simple&#8221; column_border_width=&#8221;none&#8221; column_border_style=&#8221;solid&#8221;][vc_raw_html css=&#8221;&#8221;]PGlmcmFtZSB3aWR0aD0iODAwIiBoZWlnaHQ9IjQ1MCIgc3JjPSJodHRwczovL3d3dy55b3V0dWJlLmNvbS9lbWJlZC9mOGZKbE1zdTFpdyIgZnJhbWVib3JkZXI9IjAiPjwvaWZyYW1lPgo8aWZyYW1lIHdpZHRoPSI4MDAiIGhlaWdodD0iNjAwIiBzdHlsZT0iYm9yZGVyOiAwOyIgc3JjPSJodHRwczovL3d3dy5nb29nbGUuY29tL21hcHMvZW1iZWQ\/cGI9ITR2MTU4MzMyMzc3OTg4MCE2bTghMW03ITFzQ0FvU0xFRkdNVkZwY0UxV2RWOVNObE5pZW5oNVkyOWZOMEo2ZDNabmJuVjVNVmRYTFRGallXdEdObVZoYW5OMCEybTIhMWQ0Ny42NDU3ODEzMDA1MTkzNiEyZDcuNzk4OTIzNzAxMDQ3ODk2ITNmMTc3LjI2MTc5MzA0OTA3OTQ3ITRmMS4yNDAyNzM0ODkyOTc2MjEzITVmMC40MDAwMDAwMDAwMDAwMDAyIiBmcmFtZWJvcmRlcj0iMCI+PC9pZnJhbWU+[\/vc_raw_html][\/vc_column][\/vc_row]\n","protected":false},"excerpt":{"rendered":"<p>[vc_row type=&#8221;in_container&#8221; full_screen_row_position=&#8221;middle&#8221; column_margin=&#8221;default&#8221; column_direction=&#8221;default&#8221; column_direction_tablet=&#8221;default&#8221; column_direction_phone=&#8221;default&#8221; scene_position=&#8221;center&#8221; text_color=&#8221;dark&#8221; text_align=&#8221;left&#8221; row_border_radius=&#8221;none&#8221; row_border_radius_applies=&#8221;bg&#8221; overflow=&#8221;visible&#8221; overlay_strength=&#8221;0.3&#8243; gradient_direction=&#8221;left_to_right&#8221; shape_divider_position=&#8221;bottom&#8221; bg_image_animation=&#8221;none&#8221;][vc_column column_padding=&#8221;no-extra-padding&#8221; column_padding_tablet=&#8221;inherit&#8221; column_padding_phone=&#8221;inherit&#8221; column_padding_position=&#8221;all&#8221; column_element_direction_desktop=&#8221;default&#8221; column_element_spacing=&#8221;default&#8221; desktop_text_alignment=&#8221;default&#8221; tablet_text_alignment=&#8221;default&#8221; phone_text_alignment=&#8221;default&#8221; background_color_opacity=&#8221;1&#8243; background_hover_color_opacity=&#8221;1&#8243; column_backdrop_filter=&#8221;none&#8221; column_shadow=&#8221;none&#8221;&#8230;<\/p>\n","protected":false},"author":1,"featured_media":0,"comment_status":"open","ping_status":"open","sticky":false,"template":"","format":"standard","meta":{"footnotes":""},"categories":[33],"tags":[],"jahr":[],"kanton":[],"land":[],"anlagentyp":[],"class_list":{"0":"post-24693","1":"post","2":"type-post","3":"status-publish","4":"format-standard","6":"category-senza-categoria"},"_links":{"self":[{"href":"https:\/\/verticaltechnik.ch\/it\/wp-json\/wp\/v2\/posts\/24693","targetHints":{"allow":["GET"]}}],"collection":[{"href":"https:\/\/verticaltechnik.ch\/it\/wp-json\/wp\/v2\/posts"}],"about":[{"href":"https:\/\/verticaltechnik.ch\/it\/wp-json\/wp\/v2\/types\/post"}],"author":[{"embeddable":true,"href":"https:\/\/verticaltechnik.ch\/it\/wp-json\/wp\/v2\/users\/1"}],"replies":[{"embeddable":true,"href":"https:\/\/verticaltechnik.ch\/it\/wp-json\/wp\/v2\/comments?post=24693"}],"version-history":[{"count":0,"href":"https:\/\/verticaltechnik.ch\/it\/wp-json\/wp\/v2\/posts\/24693\/revisions"}],"wp:attachment":[{"href":"https:\/\/verticaltechnik.ch\/it\/wp-json\/wp\/v2\/media?parent=24693"}],"wp:term":[{"taxonomy":"category","embeddable":true,"href":"https:\/\/verticaltechnik.ch\/it\/wp-json\/wp\/v2\/categories?post=24693"},{"taxonomy":"post_tag","embeddable":true,"href":"https:\/\/verticaltechnik.ch\/it\/wp-json\/wp\/v2\/tags?post=24693"},{"taxonomy":"jahr","embeddable":true,"href":"https:\/\/verticaltechnik.ch\/it\/wp-json\/wp\/v2\/jahr?post=24693"},{"taxonomy":"kanton","embeddable":true,"href":"https:\/\/verticaltechnik.ch\/it\/wp-json\/wp\/v2\/kanton?post=24693"},{"taxonomy":"land","embeddable":true,"href":"https:\/\/verticaltechnik.ch\/it\/wp-json\/wp\/v2\/land?post=24693"},{"taxonomy":"anlagentyp","embeddable":true,"href":"https:\/\/verticaltechnik.ch\/it\/wp-json\/wp\/v2\/anlagentyp?post=24693"}],"curies":[{"name":"wp","href":"https:\/\/api.w.org\/{rel}","templated":true}]}}