{"id":36646,"date":"2022-02-03T13:23:46","date_gmt":"2022-02-03T13:23:46","guid":{"rendered":"http:\/\/newvt.verticaltechnik.ch\/news\/li-triesen-skatepark-in-cemento-in-un-grande-parco-ricreativo\/"},"modified":"2025-12-18T19:02:00","modified_gmt":"2025-12-18T19:02:00","slug":"li-triesen-skatepark-in-cemento-in-un-grande-parco-ricreativo","status":"publish","type":"post","link":"https:\/\/verticaltechnik.ch\/it\/li-triesen-skatepark-in-cemento-in-un-grande-parco-ricreativo\/","title":{"rendered":"LI Triesen - Skatepark in cemento in un grande parco ricreativo"},"content":{"rendered":"&#13;\n<p>All&#8217;inizio di settembre 2021 \u00e8 stato inaugurato il complesso sportivo e ricreativo ampliato Blumenau a Triesen, nel Principato del Liechtenstein. Nell&#8217;area \u00e8 stato sviluppato un parco ricreativo multifunzionale e versatile per tutte le generazioni. Per questo, abbiamo costruito uno skatepark in cemento di 466 m2. Il risultato \u00e8 pi\u00f9 che soddisfacente e Vertical Technik AG \u00e8 lieta di aver contribuito a questa zona ricreativa, sportiva e di svago. Allo skatepark in cemento si aggiungono un cubo per il bouldering, un&#8217;area per lo street workout e una pumptrack. Al parco sono inoltre annessi cinque campi da calcio, un parco giochi, un prato per i giochi e un&#8217;area verde che invita a soffermarsi. Bambini, adolescenti, adulti, famiglie e anche le generazioni pi\u00f9 anziane potranno godere appieno di questo spazio vitale di nuova creazione.      <\/p>&#13;\n<p><!-- \/wp:post-content -->[vc_gallery css=&#8221;&#8221; type=&#8221;image_grid&#8221; images=&#8221;28742,28746,28750,28754,28758,28762,28766,28770,28774,28778,28782,28786&#8243; image_grid_loading=&#8221;default&#8221; layout=&#8221;4&#8243; item_spacing=&#8221;default&#8221; gallery_style=&#8221;7&#8243; load_in_animation=&#8221;none&#8221;]\n<p><!-- wp:html --><\/p>\n<p><iframe loading=\"lazy\" style=\"border: 0;\" src=\"https:\/\/www.google.com\/maps\/embed?pb=!1m14!1m8!1m3!1d5430.719071260585!2d9.520092!3d47.111625!3m2!1i1024!2i768!4f13.1!3m3!1m2!1s0x479b33932d7a9a39%3A0x32a99ec02f7a3519!2sBlumenau%2C%209495%20Triesen%2C%20Liechtenstein!5e0!3m2!1sde!2sch!4v1751304732711!5m2!1sde!2sch\" width=\"600\" height=\"450\" allowfullscreen=\"allowfullscreen\"><\/iframe><\/p>\n<p><!-- \/wp:html --><\/p>\n<p><!-- wp:paragraph --><\/p>\n<p><strong><a href=\"https:\/\/tourismus.li\/lie\/ort\/Sportanlage%20Blumenau\/\" target=\"_blank\" rel=\"noreferrer noopener\">Impianto sportivo Blumenau<\/a><\/strong><\/p>\n<p><!-- \/wp:paragraph --><\/p>\n<p><!-- wp:paragraph --><\/p>\n<p><strong><a href=\"https:\/\/verticaltechnik.ch\/de\/cms\/6\/beton-skateparks\" target=\"_blank\" rel=\"noreferrer noopener\">Skatepark in cemento<\/a><\/strong><\/p>\n<p><!-- \/wp:paragraph --><\/p>\n","protected":false},"excerpt":{"rendered":"<p>&#13; All&#8217;inizio di settembre 2021 \u00e8 stato inaugurato il complesso sportivo e ricreativo ampliato Blumenau a Triesen, nel Principato del Liechtenstein. Nell&#8217;area \u00e8 stato sviluppato un parco ricreativo multifunzionale e&#8230;<\/p>\n","protected":false},"author":1,"featured_media":52997,"comment_status":"open","ping_status":"open","sticky":false,"template":"","format":"standard","meta":{"footnotes":""},"categories":[10848,10845,10849,10847,10787,10846],"tags":[],"jahr":[11078],"kanton":[],"land":[11180],"anlagentyp":[11056],"class_list":{"0":"post-36646","1":"post","2":"type-post","3":"status-publish","4":"format-standard","5":"has-post-thumbnail","7":"category-2021-it","8":"category-cronologia","9":"category-liechtenstein-it","10":"category-paese","11":"category-parchi-per-skate-in-cemento","12":"category-tipo-di-impianto","13":"jahr-2021-it","14":"land-liechtenstein-it","15":"anlagentyp-beton-skateparks"},"_links":{"self":[{"href":"https:\/\/verticaltechnik.ch\/it\/wp-json\/wp\/v2\/posts\/36646","targetHints":{"allow":["GET"]}}],"collection":[{"href":"https:\/\/verticaltechnik.ch\/it\/wp-json\/wp\/v2\/posts"}],"about":[{"href":"https:\/\/verticaltechnik.ch\/it\/wp-json\/wp\/v2\/types\/post"}],"author":[{"embeddable":true,"href":"https:\/\/verticaltechnik.ch\/it\/wp-json\/wp\/v2\/users\/1"}],"replies":[{"embeddable":true,"href":"https:\/\/verticaltechnik.ch\/it\/wp-json\/wp\/v2\/comments?post=36646"}],"version-history":[{"count":0,"href":"https:\/\/verticaltechnik.ch\/it\/wp-json\/wp\/v2\/posts\/36646\/revisions"}],"wp:featuredmedia":[{"embeddable":true,"href":"https:\/\/verticaltechnik.ch\/it\/wp-json\/wp\/v2\/media\/52997"}],"wp:attachment":[{"href":"https:\/\/verticaltechnik.ch\/it\/wp-json\/wp\/v2\/media?parent=36646"}],"wp:term":[{"taxonomy":"category","embeddable":true,"href":"https:\/\/verticaltechnik.ch\/it\/wp-json\/wp\/v2\/categories?post=36646"},{"taxonomy":"post_tag","embeddable":true,"href":"https:\/\/verticaltechnik.ch\/it\/wp-json\/wp\/v2\/tags?post=36646"},{"taxonomy":"jahr","embeddable":true,"href":"https:\/\/verticaltechnik.ch\/it\/wp-json\/wp\/v2\/jahr?post=36646"},{"taxonomy":"kanton","embeddable":true,"href":"https:\/\/verticaltechnik.ch\/it\/wp-json\/wp\/v2\/kanton?post=36646"},{"taxonomy":"land","embeddable":true,"href":"https:\/\/verticaltechnik.ch\/it\/wp-json\/wp\/v2\/land?post=36646"},{"taxonomy":"anlagentyp","embeddable":true,"href":"https:\/\/verticaltechnik.ch\/it\/wp-json\/wp\/v2\/anlagentyp?post=36646"}],"curies":[{"name":"wp","href":"https:\/\/api.w.org\/{rel}","templated":true}]}}