{"id":36672,"date":"2013-11-01T13:23:46","date_gmt":"2013-11-01T13:23:46","guid":{"rendered":"http:\/\/newvt.verticaltechnik.ch\/news\/ch-freienbach-iouri-podladtchikov-ecco-come-si-allena-un-futuro-campione-olimpico\/"},"modified":"2025-11-10T20:04:15","modified_gmt":"2025-11-10T20:04:15","slug":"ch-freienbach-iouri-podladtchikov-ecco-come-si-allena-un-futuro-campione-olimpico","status":"publish","type":"post","link":"https:\/\/verticaltechnik.ch\/it\/ch-freienbach-iouri-podladtchikov-ecco-come-si-allena-un-futuro-campione-olimpico\/","title":{"rendered":"CH Freienbach - Iouri Podladtchikov - Ecco come si allena un futuro campione olimpico!"},"content":{"rendered":"[vc_row type=&#8221;in_container&#8221; full_screen_row_position=&#8221;middle&#8221; column_margin=&#8221;default&#8221; column_direction=&#8221;default&#8221; column_direction_tablet=&#8221;default&#8221; column_direction_phone=&#8221;default&#8221; scene_position=&#8221;center&#8221; text_color=&#8221;dark&#8221; text_align=&#8221;left&#8221; row_border_radius=&#8221;none&#8221; row_border_radius_applies=&#8221;bg&#8221; overflow=&#8221;visible&#8221; overlay_strength=&#8221;0.3&#8243; gradient_direction=&#8221;left_to_right&#8221; shape_divider_position=&#8221;bottom&#8221; bg_image_animation=&#8221;none&#8221;][vc_column column_padding=&#8221;no-extra-padding&#8221; column_padding_tablet=&#8221;inherit&#8221; column_padding_phone=&#8221;inherit&#8221; column_padding_position=&#8221;all&#8221; column_element_direction_desktop=&#8221;default&#8221; column_element_spacing=&#8221;default&#8221; desktop_text_alignment=&#8221;default&#8221; tablet_text_alignment=&#8221;default&#8221; phone_text_alignment=&#8221;default&#8221; background_color_opacity=&#8221;1&#8243; background_hover_color_opacity=&#8221;1&#8243; column_backdrop_filter=&#8221;none&#8221; column_shadow=&#8221;none&#8221; column_border_radius=&#8221;none&#8221; column_link_target=&#8221;_self&#8221; column_position=&#8221;default&#8221; gradient_direction=&#8221;left_to_right&#8221; overlay_strength=&#8221;0.3&#8243; width=&#8221;1\/1&#8243; tablet_width_inherit=&#8221;default&#8221; animation_type=&#8221;default&#8221; bg_image_animation=&#8221;none&#8221; border_type=&#8221;simple&#8221; column_border_width=&#8221;none&#8221; column_border_style=&#8221;solid&#8221;][vc_column_text css=&#8221;&#8221; text_direction=&#8221;default&#8221;]\n<p>\nIouri Podladtchikov und Swiss Snowboard luden die Presse und Interessierte nach Freienbach ein. Dort steht Iouri\u2019s Halle wo er auf rund 500 m2 seine Trainingsger\u00e4te aufgestellt hat. Neben einer Skateboard Halfpipe steht ein Riesentrampolin.\n<p>\nKingsize Halfpipe II von Vertical:<br\/>Die momentan einzige Vertramp der Schweiz vermag mit ihren Massen zu imponieren: Vierzehn Meter lang, zw\u00f6lf Meter breit und 3.8 Meter hoch! Zum Speed holen hat sie einen Roll-In. Daneben steht ein Bagjump (Sprungkissen) bagjump.com. Und wieso braucht Iouri, das Aush\u00e4ngeschild der Schweizer Snowboardszene, eine Vertramp? Er hat es wie folgt ausgedr\u00fcckt: \u00abSo kann ich das vertikale Gef\u00fchl auf dem Brett sp\u00fcren, mein Feingef\u00fchl auffrischen.\u00bb\n<p>\nTrampolin:<br\/>Die j\u00fcngste Errungenschaft von Iouri ist ein Trampolin von enormem Ausmass. Es ist 8 x 4 Meter gross und nur eines von weltweit zehn St\u00fcck, das erste in Europa. Check out wie Iouri darauf einen triple Ninja trainiert!\n<p>\nFazit der Presseveranstaltung:<br\/>Die Schweiz braucht mehr Hallen mit Halfpipes und Trampolinen um die Freestyler auf h\u00f6herem Niveau zu trainieren. Die Trainingssituationen der einzelnen Sportler sind individuell organisiert. Damit ein Snowboarder in der Schnee Halfpipe weiter kommt, ist es f\u00f6rderlich auch mit dem Skateboard in einer Halfpipe zu trainieren. Auch wenn beim Skateboard Fahren andere Techniken angewendet werden, ergeben die unterschiedlichen Trainings ein breiteres Fundament f\u00fcr mehr Sicherheit und Kreativit\u00e4t. In einer Halfpipe lassen sich Bewegungen in der Schwerelosigkeit trainieren. Auf einem Trampolin kann man Rotationen berechnen lernen und man kann ein Fluggef\u00fchl entwickeln.\n<p>\n<strong><a href=\"https:\/\/bagjump.com\/de\/\" target=\"_blank\" rel=\"noreferrer noopener\">Bagjump<br\/><\/a><a href=\"https:\/\/www.facebook.com\/watch\/?v=10152378841827516\" target=\"_blank\" rel=\"noreferrer noopener\">Triple Ninja<\/a><\/strong><br\/><strong><a href=\"https:\/\/www.blick.ch\/sport\/wintersport\/snowboard\/iouris-trainingshalle-der-schluessel-zu-gold-in-sotschi-id2496930.html\" target=\"_blank\" rel=\"noreferrer noopener\">Blick<br\/><\/a><a href=\"https:\/\/www.tagesanzeiger.ch\/sport\/wintersport\/hier-werden-olympiasieger-gemacht\/story\/25452848\" target=\"_blank\" rel=\"noreferrer noopener\">TagesAnzeiger<br\/><\/a><a href=\"https:\/\/www.facebook.com\/swisssnowboardteam\/\" target=\"_blank\" rel=\"noreferrer noopener\">Facebook Swiss Freestyle Snowboard Team<\/a><\/strong>\n[vc_gallery css=&#8221;&#8221; type=&#8221;image_grid&#8221; images=&#8221;29394&#8243; image_grid_loading=&#8221;default&#8221; layout=&#8221;4&#8243; item_spacing=&#8221;default&#8221; gallery_style=&#8221;7&#8243; load_in_animation=&#8221;none&#8221;]\n<p>\n<iframe loading=\"lazy\" src=\"https:\/\/www.youtube.com\/embed\/CAdRPTIgWPg\" width=\"800\" height=\"450\" frameborder=\"0\"><\/iframe>\n<p>&nbsp;<\/p>\n[\/vc_column_text][\/vc_column][\/vc_row]\n","protected":false},"excerpt":{"rendered":"<p>[vc_row type=&#8221;in_container&#8221; full_screen_row_position=&#8221;middle&#8221; column_margin=&#8221;default&#8221; column_direction=&#8221;default&#8221; column_direction_tablet=&#8221;default&#8221; column_direction_phone=&#8221;default&#8221; scene_position=&#8221;center&#8221; text_color=&#8221;dark&#8221; text_align=&#8221;left&#8221; row_border_radius=&#8221;none&#8221; row_border_radius_applies=&#8221;bg&#8221; overflow=&#8221;visible&#8221; overlay_strength=&#8221;0.3&#8243; gradient_direction=&#8221;left_to_right&#8221; shape_divider_position=&#8221;bottom&#8221; bg_image_animation=&#8221;none&#8221;][vc_column column_padding=&#8221;no-extra-padding&#8221; column_padding_tablet=&#8221;inherit&#8221; column_padding_phone=&#8221;inherit&#8221; column_padding_position=&#8221;all&#8221; column_element_direction_desktop=&#8221;default&#8221; column_element_spacing=&#8221;default&#8221; desktop_text_alignment=&#8221;default&#8221; tablet_text_alignment=&#8221;default&#8221; phone_text_alignment=&#8221;default&#8221; background_color_opacity=&#8221;1&#8243; background_hover_color_opacity=&#8221;1&#8243; column_backdrop_filter=&#8221;none&#8221; column_shadow=&#8221;none&#8221;&#8230;<\/p>\n","protected":false},"author":1,"featured_media":29391,"comment_status":"open","ping_status":"open","sticky":false,"template":"","format":"standard","meta":{"footnotes":""},"categories":[10850,10845,10847,10887,10851,10852,10846],"tags":[],"jahr":[11102],"kanton":[],"land":[11168],"anlagentyp":[11197,11201],"class_list":{"0":"post-36672","1":"post","2":"type-post","3":"status-publish","4":"format-standard","5":"has-post-thumbnail","7":"category-2013-it","8":"category-cronologia","9":"category-paese","10":"category-skatepark-al-coperto","11":"category-parchi-skate-mobili","12":"category-svizzera","13":"category-tipo-di-impianto","14":"jahr-2013-it","15":"land-schweiz-it","16":"anlagentyp-indoor-skateparks-it","17":"anlagentyp-mobile-skateanlagen-it"},"_links":{"self":[{"href":"https:\/\/verticaltechnik.ch\/it\/wp-json\/wp\/v2\/posts\/36672","targetHints":{"allow":["GET"]}}],"collection":[{"href":"https:\/\/verticaltechnik.ch\/it\/wp-json\/wp\/v2\/posts"}],"about":[{"href":"https:\/\/verticaltechnik.ch\/it\/wp-json\/wp\/v2\/types\/post"}],"author":[{"embeddable":true,"href":"https:\/\/verticaltechnik.ch\/it\/wp-json\/wp\/v2\/users\/1"}],"replies":[{"embeddable":true,"href":"https:\/\/verticaltechnik.ch\/it\/wp-json\/wp\/v2\/comments?post=36672"}],"version-history":[{"count":0,"href":"https:\/\/verticaltechnik.ch\/it\/wp-json\/wp\/v2\/posts\/36672\/revisions"}],"wp:featuredmedia":[{"embeddable":true,"href":"https:\/\/verticaltechnik.ch\/it\/wp-json\/wp\/v2\/media\/29391"}],"wp:attachment":[{"href":"https:\/\/verticaltechnik.ch\/it\/wp-json\/wp\/v2\/media?parent=36672"}],"wp:term":[{"taxonomy":"category","embeddable":true,"href":"https:\/\/verticaltechnik.ch\/it\/wp-json\/wp\/v2\/categories?post=36672"},{"taxonomy":"post_tag","embeddable":true,"href":"https:\/\/verticaltechnik.ch\/it\/wp-json\/wp\/v2\/tags?post=36672"},{"taxonomy":"jahr","embeddable":true,"href":"https:\/\/verticaltechnik.ch\/it\/wp-json\/wp\/v2\/jahr?post=36672"},{"taxonomy":"kanton","embeddable":true,"href":"https:\/\/verticaltechnik.ch\/it\/wp-json\/wp\/v2\/kanton?post=36672"},{"taxonomy":"land","embeddable":true,"href":"https:\/\/verticaltechnik.ch\/it\/wp-json\/wp\/v2\/land?post=36672"},{"taxonomy":"anlagentyp","embeddable":true,"href":"https:\/\/verticaltechnik.ch\/it\/wp-json\/wp\/v2\/anlagentyp?post=36672"}],"curies":[{"name":"wp","href":"https:\/\/api.w.org\/{rel}","templated":true}]}}