{"id":36707,"date":"2012-05-28T13:23:46","date_gmt":"2012-05-28T13:23:46","guid":{"rendered":"http:\/\/newvt.verticaltechnik.ch\/news\/f-strasburgo-halfpipe\/"},"modified":"2025-11-10T19:36:29","modified_gmt":"2025-11-10T19:36:29","slug":"f-strasburgo-halfpipe","status":"publish","type":"post","link":"https:\/\/verticaltechnik.ch\/it\/f-strasburgo-halfpipe\/","title":{"rendered":"F Strasburgo - Halfpipe"},"content":{"rendered":"[vc_row type=&#8221;in_container&#8221; full_screen_row_position=&#8221;middle&#8221; column_margin=&#8221;default&#8221; column_direction=&#8221;default&#8221; column_direction_tablet=&#8221;default&#8221; column_direction_phone=&#8221;default&#8221; scene_position=&#8221;center&#8221; text_color=&#8221;dark&#8221; text_align=&#8221;left&#8221; row_border_radius=&#8221;none&#8221; row_border_radius_applies=&#8221;bg&#8221; overflow=&#8221;visible&#8221; overlay_strength=&#8221;0.3&#8243; gradient_direction=&#8221;left_to_right&#8221; shape_divider_position=&#8221;bottom&#8221; bg_image_animation=&#8221;none&#8221;][vc_column column_padding=&#8221;no-extra-padding&#8221; column_padding_tablet=&#8221;inherit&#8221; column_padding_phone=&#8221;inherit&#8221; column_padding_position=&#8221;all&#8221; column_element_direction_desktop=&#8221;default&#8221; column_element_spacing=&#8221;default&#8221; desktop_text_alignment=&#8221;default&#8221; tablet_text_alignment=&#8221;default&#8221; phone_text_alignment=&#8221;default&#8221; background_color_opacity=&#8221;1&#8243; background_hover_color_opacity=&#8221;1&#8243; column_backdrop_filter=&#8221;none&#8221; column_shadow=&#8221;none&#8221; column_border_radius=&#8221;none&#8221; column_link_target=&#8221;_self&#8221; column_position=&#8221;default&#8221; gradient_direction=&#8221;left_to_right&#8221; overlay_strength=&#8221;0.3&#8243; width=&#8221;1\/1&#8243; tablet_width_inherit=&#8221;default&#8221; animation_type=&#8221;default&#8221; bg_image_animation=&#8221;none&#8221; border_type=&#8221;simple&#8221; column_border_width=&#8221;none&#8221; column_border_style=&#8221;solid&#8221;][vc_column_text css=&#8221;&#8221; text_direction=&#8221;default&#8221;]\n<p>\nIn Strasbourg wurde eine neue Halfpipe mit Extension durch die Firma Vertical Technik AG realisiert.\n<p>\nMit einer H\u00f6he von 4.50 Metern ist sie eine der gr\u00f6\u00dften fix installierten Halfpipes in Europa nach dem aktuellen Standard. Als Fahrbelag wurde das wetterfeste SKATEFACE\u00ae gew\u00e4hlt welches auch in Sachen Fahrgef\u00fchl und Speed keine W\u00fcnsche \u00fcbrig l\u00e4sst. Die neue Halfpipe befindet sich im Skatepark \u201eLa Rotonde\u201c an der \u201eRue Pierre Nuss\u201c, in der N\u00e4he der Eishalle. Mit den \u00d6V bis zur Haltestelle &#8220;La Rotonde&#8221;. Die Montage wurde zwischen dem 17. und 21. Mai 2012 durchgef\u00fchrt und die Er\u00f6ffnung fand am Wochenende des 26. und 27. Mai 2012 am NL Contest statt.\n<p>\nSkateboard Halfpipe Contest Strasbourg 27. Mai:<br\/>Die neue Halfpipe funktioniert! Das Feld der Skater wurde in 3 Gruppen eingeteilt. Die Franz\u00f6sischen Profis Terence Bougdour und Florent Viard zeigten ihr Bestes aus langj\u00e4hriger Erfahrung. Terence machte Backside und Frontside Mc Twists im gleichen Run und einige hohe 360 Tail Grab Airs. Florent machte stilvolle Frontside Airs und einen bemerkenswert hohen Nose Grab Backside Air. J\u00fcrgen Horrwart stylte mit viel Speed durch die Rampe und machte in seiner Line einen sehr hohen Tuck Knee Japan Air. Renton Millar zeigte einige unglaublich hohe Body Jars und Chris-Miller-like getweakte Lien Airs. Er wagte sogar einen 360 Tail Grab to Nase Bash, beide zeimlich hoch. Sam Bosworth zeigte best\u00e4ndige L\u00e4ufe im Alter von 17 Jahren (!). Neben hohen und schwierigen Tricks machte er einen Finger Flip Mc Twist und saubere Heel Flip 360\u2019s. Joris Brichet zeigte einige erstaunliche Tricks von denen ich mir nicht sicher \u00fcber ihre Namen bin, aber vielleicht k\u00f6nnte dies die richtige Beschreibung sein; 360 Switch Stance Finger Flip. Neben einigen anderen seltsamen Moves machte er mehrere saubere Mc Twists. Jan Tomsowsky riss einige hohe Airs, Steffen Busam zeigte unterschiedliche Airs, unter anderem einen Hand Plant. Franziska Stolz hatte genug Kraft um am Coping Airs zu machen und ein 40 Jahre alter Skater aus Montpellier zeigte einige seiner \u201egood old skateboard tricks\u201c.<br\/>Alles zusammen zeigte der Contest, dass nach wie vor ein gutes Niveau besteht und dass diese neue Halfpipe f\u00fcr Amateure und f\u00fcr Pro Skater gleicherma\u00dfen sehr gut funktioniert. Renton meinte, dass sie perfekt sei f\u00fcr eine permanente \u00f6ffentliche Rampe.\n<p>\nWir m\u00f6chten allen Fahrer die dieses Wochenende diese Rampe eingeweiht haben danken. Danke auch an Christoph Neumann, der den Skateboard Contest organisiert hat und Julien Lafarge, der den gesamten NL Contest veranstaltet hat. Nicht zuletzt vielen Dank an Roman Jeker von Vertical, der die Montage dieser neuen Halfpipe anleitete und auch vielen Dank an die lokalen Helfer die es m\u00f6glich gemacht haben die Halfpipe in weniger als 5 Tagen aufzubauen.\n[vc_gallery css=&#8221;&#8221; type=&#8221;image_grid&#8221; images=&#8221;28920&#8243; image_grid_loading=&#8221;default&#8221; layout=&#8221;4&#8243; item_spacing=&#8221;default&#8221; gallery_style=&#8221;7&#8243; load_in_animation=&#8221;none&#8221;]\n<p>\n<strong><a href=\"https:\/\/www.nlcontest.com\">NL Contest Strabourg<\/a><\/strong>\n<p>\n<iframe loading=\"lazy\" src=\"https:\/\/www.youtube.com\/embed\/vuhtWXhJCUA\" width=\"800\" height=\"450\" frameborder=\"0\"><\/iframe><iframe loading=\"lazy\" src=\"https:\/\/www.youtube.com\/embed\/JI8y4lpTrgM\" width=\"800\" height=\"450\" frameborder=\"0\"><\/iframe><iframe loading=\"lazy\" src=\"https:\/\/www.youtube.com\/embed\/mlSmXCTYDh0\" width=\"800\" height=\"450\" frameborder=\"0\"><\/iframe><iframe loading=\"lazy\" src=\"https:\/\/www.youtube.com\/embed\/1Dvtm179h_0\" width=\"800\" height=\"450\" frameborder=\"0\"><\/iframe>\n<p>&nbsp;<\/p>\n[\/vc_column_text][\/vc_column][\/vc_row]\n","protected":false},"excerpt":{"rendered":"<p>[vc_row type=&#8221;in_container&#8221; full_screen_row_position=&#8221;middle&#8221; column_margin=&#8221;default&#8221; column_direction=&#8221;default&#8221; column_direction_tablet=&#8221;default&#8221; column_direction_phone=&#8221;default&#8221; scene_position=&#8221;center&#8221; text_color=&#8221;dark&#8221; text_align=&#8221;left&#8221; row_border_radius=&#8221;none&#8221; row_border_radius_applies=&#8221;bg&#8221; overflow=&#8221;visible&#8221; overlay_strength=&#8221;0.3&#8243; gradient_direction=&#8221;left_to_right&#8221; shape_divider_position=&#8221;bottom&#8221; bg_image_animation=&#8221;none&#8221;][vc_column column_padding=&#8221;no-extra-padding&#8221; column_padding_tablet=&#8221;inherit&#8221; column_padding_phone=&#8221;inherit&#8221; column_padding_position=&#8221;all&#8221; column_element_direction_desktop=&#8221;default&#8221; column_element_spacing=&#8221;default&#8221; desktop_text_alignment=&#8221;default&#8221; tablet_text_alignment=&#8221;default&#8221; phone_text_alignment=&#8221;default&#8221; background_color_opacity=&#8221;1&#8243; background_hover_color_opacity=&#8221;1&#8243; column_backdrop_filter=&#8221;none&#8221; column_shadow=&#8221;none&#8221;&#8230;<\/p>\n","protected":false},"author":1,"featured_media":28917,"comment_status":"open","ping_status":"open","sticky":false,"template":"","format":"standard","meta":{"footnotes":""},"categories":[10905,10845,10892,10788,10847,10851,10846],"tags":[],"jahr":[11105],"kanton":[],"land":[11053],"anlagentyp":[11186,11201],"class_list":{"0":"post-36707","1":"post","2":"type-post","3":"status-publish","4":"format-standard","5":"has-post-thumbnail","7":"category-2012-it","8":"category-cronologia","9":"category-eventi","10":"category-francia","11":"category-paese","12":"category-parchi-skate-mobili","13":"category-tipo-di-impianto","14":"jahr-2012-it","15":"land-frankreich","16":"anlagentyp-events-it","17":"anlagentyp-mobile-skateanlagen-it"},"_links":{"self":[{"href":"https:\/\/verticaltechnik.ch\/it\/wp-json\/wp\/v2\/posts\/36707","targetHints":{"allow":["GET"]}}],"collection":[{"href":"https:\/\/verticaltechnik.ch\/it\/wp-json\/wp\/v2\/posts"}],"about":[{"href":"https:\/\/verticaltechnik.ch\/it\/wp-json\/wp\/v2\/types\/post"}],"author":[{"embeddable":true,"href":"https:\/\/verticaltechnik.ch\/it\/wp-json\/wp\/v2\/users\/1"}],"replies":[{"embeddable":true,"href":"https:\/\/verticaltechnik.ch\/it\/wp-json\/wp\/v2\/comments?post=36707"}],"version-history":[{"count":0,"href":"https:\/\/verticaltechnik.ch\/it\/wp-json\/wp\/v2\/posts\/36707\/revisions"}],"wp:featuredmedia":[{"embeddable":true,"href":"https:\/\/verticaltechnik.ch\/it\/wp-json\/wp\/v2\/media\/28917"}],"wp:attachment":[{"href":"https:\/\/verticaltechnik.ch\/it\/wp-json\/wp\/v2\/media?parent=36707"}],"wp:term":[{"taxonomy":"category","embeddable":true,"href":"https:\/\/verticaltechnik.ch\/it\/wp-json\/wp\/v2\/categories?post=36707"},{"taxonomy":"post_tag","embeddable":true,"href":"https:\/\/verticaltechnik.ch\/it\/wp-json\/wp\/v2\/tags?post=36707"},{"taxonomy":"jahr","embeddable":true,"href":"https:\/\/verticaltechnik.ch\/it\/wp-json\/wp\/v2\/jahr?post=36707"},{"taxonomy":"kanton","embeddable":true,"href":"https:\/\/verticaltechnik.ch\/it\/wp-json\/wp\/v2\/kanton?post=36707"},{"taxonomy":"land","embeddable":true,"href":"https:\/\/verticaltechnik.ch\/it\/wp-json\/wp\/v2\/land?post=36707"},{"taxonomy":"anlagentyp","embeddable":true,"href":"https:\/\/verticaltechnik.ch\/it\/wp-json\/wp\/v2\/anlagentyp?post=36707"}],"curies":[{"name":"wp","href":"https:\/\/api.w.org\/{rel}","templated":true}]}}