{"id":36733,"date":"2021-12-09T13:23:46","date_gmt":"2021-12-09T13:23:46","guid":{"rendered":"http:\/\/newvt.verticaltechnik.ch\/news\/ch-bulle-nuovo-skatepark-in-cemento\/"},"modified":"2025-12-19T01:06:52","modified_gmt":"2025-12-19T01:06:52","slug":"ch-bulle-nuovo-skatepark-in-cemento","status":"publish","type":"post","link":"https:\/\/verticaltechnik.ch\/it\/ch-bulle-nuovo-skatepark-in-cemento\/","title":{"rendered":"CH Bulle - Nuovo skatepark in cemento"},"content":{"rendered":"[vc_row type=&#8221;in_container&#8221; full_screen_row_position=&#8221;middle&#8221; column_margin=&#8221;default&#8221; column_direction=&#8221;default&#8221; column_direction_tablet=&#8221;default&#8221; column_direction_phone=&#8221;default&#8221; scene_position=&#8221;center&#8221; text_color=&#8221;dark&#8221; text_align=&#8221;left&#8221; row_border_radius=&#8221;none&#8221; row_border_radius_applies=&#8221;bg&#8221; overflow=&#8221;visible&#8221; overlay_strength=&#8221;0.3&#8243; gradient_direction=&#8221;left_to_right&#8221; shape_divider_position=&#8221;bottom&#8221; bg_image_animation=&#8221;none&#8221;][vc_column column_padding=&#8221;no-extra-padding&#8221; column_padding_tablet=&#8221;inherit&#8221; column_padding_phone=&#8221;inherit&#8221; column_padding_position=&#8221;all&#8221; column_element_direction_desktop=&#8221;default&#8221; column_element_spacing=&#8221;default&#8221; desktop_text_alignment=&#8221;default&#8221; tablet_text_alignment=&#8221;default&#8221; phone_text_alignment=&#8221;default&#8221; background_color_opacity=&#8221;1&#8243; background_hover_color_opacity=&#8221;1&#8243; column_backdrop_filter=&#8221;none&#8221; column_shadow=&#8221;none&#8221; column_border_radius=&#8221;none&#8221; column_link_target=&#8221;_self&#8221; column_position=&#8221;default&#8221; gradient_direction=&#8221;left_to_right&#8221; overlay_strength=&#8221;0.3&#8243; width=&#8221;1\/1&#8243; tablet_width_inherit=&#8221;default&#8221; animation_type=&#8221;default&#8221; bg_image_animation=&#8221;none&#8221; border_type=&#8221;simple&#8221; column_border_width=&#8221;none&#8221; column_border_style=&#8221;solid&#8221;][vc_column_text css=&#8221;&#8221; text_direction=&#8221;default&#8221;]Nach sechsmonatiger Bauzeit konnte der neue Skatepark in Bulle noch vor dem Winter seine Pforten f\u00fcr Skater wieder \u00f6ffnen. Die 2019 eingeleitete Restaurierung ist Teil des Projekts zur Neugestaltung der Sportzone Bouleyres und umfasst einen neuen Pumptrack, einen gro\u00dfen Begegnungsplatz mit einem Vordach, eine Promenade entlang des Waldes und verschiedene Einrichtungen f\u00fcr die Bev\u00f6lkerung (Vereinsr\u00e4ume, B\u00e4nke und Picknicktische, Fahrradparkpl\u00e4tze etc.).<\/p>\n<p>Der urspr\u00fcngliche Skatepark, der aus alternden Modulen auf einer Asphaltfl\u00e4che bestand, war immer sehr beliebt \u2013 vor allem dank der Animation und der Veranstaltungen des Vereins Stones Family \u2013 brauchte aber eine Verj\u00fcngungskur. Die Nutzer waren nat\u00fcrlich an der Abstimmungsphase beteiligt, um gemeinsam mit Vertical einen neuen Skatepark zu entwerfen, der den Anforderungen und allen Praktiken (Skateboarding, Inline-Skating, BMX und Scooter) gerecht wird. Der Skatepark soll auch f\u00fcr WCMX (Wheelchair Moto Cross \/ Rollstuhl-Skaten) offen sein, eine Premiere in der Schweiz. Der Skatepark umfasst unter anderem angepasste Anl\u00e4ufe in Form von Rollin und zwei breite Schienen f\u00fcr Rollst\u00fchle. Der Skatepark erstreckt sich \u00fcber 1265m2 und soll so umfassend wie m\u00f6glich sein, um m\u00f6glichst vielen Menschen gerecht zu werden. Neben dem Pumptrack befindet sich auf der oberen Plattform ein gro\u00dfer Bowl mit einer Tiefe von 1,30 bis 2,00 m. Der Skatepark ist mit einer Reihe von Skateboards ausgestattet. Er bietet verschiedene Hips, einen geneigten Vulkan, eine Verl\u00e4ngerung und verschiedene Transfers zum Rest des Parks. Die Mitte des Platzes wird von einem typischen &#8220;Street&#8221;-Bereich eingenommen. Hier finden sich klassische Elemente mit zahlreichen Curbs und Ledges, verschiedenen Rails (rund, rechteckig, horizontal oder schr\u00e4g), verschiedenen Treppensets usw. Die M\u00f6glichkeiten, Tricks aneinanderzureihen, sind endlos. Auf der Waldseite findet man eine in ihrer Konfiguration einzigartige Airline mit verschiedenen Sprungmodulen (Volcano, Speed-Bump, Step-up) und einem gro\u00dfen, 3 m hohen Wallride. Auf der Stra\u00dfenseite schlie\u00dflich befindet sich eine langsamere Linie mit kleinen Curbs, Bordsteinen und Rails, die besonders f\u00fcr Anf\u00e4nger geeignet ist.<\/p>\n<p>Wir danken allen Beteiligten an diesem sch\u00f6nen Projekt, insbesondere dem Verein Stones Family aus Bulle, dem B\u00fcro Engler Ing\u00e9nieurs SA, dem Landschaftsb\u00fcro Jean-Jacques Borgeaud, der Stadt Bulle, der Grisoni-Gruppe (die die Erdarbeiten durchgef\u00fchrt hat) und dem gesamten Bauteam von Vertical. Ein sehr sch\u00f6nes Projekt - vielen Dank noch einmal f\u00fcr Ihr Engagement und Ihre Qualit\u00e4tsarbeit![\/vc_column_text][\/vc_column][\/vc_row][vc_row type=&#8221;in_container&#8221; full_screen_row_position=&#8221;middle&#8221; column_margin=&#8221;default&#8221; column_direction=&#8221;default&#8221; column_direction_tablet=&#8221;default&#8221; column_direction_phone=&#8221;default&#8221; scene_position=&#8221;center&#8221; text_color=&#8221;dark&#8221; text_align=&#8221;left&#8221; row_border_radius=&#8221;none&#8221; row_border_radius_applies=&#8221;bg&#8221; overflow=&#8221;visible&#8221; overlay_strength=&#8221;0.3&#8243; gradient_direction=&#8221;left_to_right&#8221; shape_divider_position=&#8221;bottom&#8221; bg_image_animation=&#8221;none&#8221;][vc_column column_padding=&#8221;no-extra-padding&#8221; column_padding_tablet=&#8221;inherit&#8221; column_padding_phone=&#8221;inherit&#8221; column_padding_position=&#8221;all&#8221; column_element_direction_desktop=&#8221;default&#8221; column_element_spacing=&#8221;default&#8221; desktop_text_alignment=&#8221;default&#8221; tablet_text_alignment=&#8221;default&#8221; phone_text_alignment=&#8221;default&#8221; background_color_opacity=&#8221;1&#8243; background_hover_color_opacity=&#8221;1&#8243; column_backdrop_filter=&#8221;none&#8221; column_shadow=&#8221;none&#8221; column_border_radius=&#8221;none&#8221; column_link_target=&#8221;_self&#8221; column_position=&#8221;default&#8221; gradient_direction=&#8221;left_to_right&#8221; overlay_strength=&#8221;0.3&#8243; width=&#8221;1\/1&#8243; tablet_width_inherit=&#8221;default&#8221; animation_type=&#8221;default&#8221; bg_image_animation=&#8221;none&#8221; border_type=&#8221;simple&#8221; column_border_width=&#8221;none&#8221; column_border_style=&#8221;solid&#8221;][vc_gallery css=&#8221;&#8221; type=&#8221;image_grid&#8221; images=&#8221;53186,53190,53194,53198,53202,53206,53210,53214,53218,53222,53226,53230,53234,53238&#8243; image_grid_loading=&#8221;default&#8221; layout=&#8221;4&#8243; item_spacing=&#8221;default&#8221; gallery_style=&#8221;7&#8243; load_in_animation=&#8221;none&#8221;][\/vc_column][\/vc_row]\n","protected":false},"excerpt":{"rendered":"<p>[vc_row type=&#8221;in_container&#8221; full_screen_row_position=&#8221;middle&#8221; column_margin=&#8221;default&#8221; column_direction=&#8221;default&#8221; column_direction_tablet=&#8221;default&#8221; column_direction_phone=&#8221;default&#8221; scene_position=&#8221;center&#8221; text_color=&#8221;dark&#8221; text_align=&#8221;left&#8221; row_border_radius=&#8221;none&#8221; row_border_radius_applies=&#8221;bg&#8221; overflow=&#8221;visible&#8221; overlay_strength=&#8221;0.3&#8243; gradient_direction=&#8221;left_to_right&#8221; shape_divider_position=&#8221;bottom&#8221; bg_image_animation=&#8221;none&#8221;][vc_column column_padding=&#8221;no-extra-padding&#8221; column_padding_tablet=&#8221;inherit&#8221; column_padding_phone=&#8221;inherit&#8221; column_padding_position=&#8221;all&#8221; column_element_direction_desktop=&#8221;default&#8221; column_element_spacing=&#8221;default&#8221; desktop_text_alignment=&#8221;default&#8221; tablet_text_alignment=&#8221;default&#8221; phone_text_alignment=&#8221;default&#8221; background_color_opacity=&#8221;1&#8243; background_hover_color_opacity=&#8221;1&#8243; column_backdrop_filter=&#8221;none&#8221; column_shadow=&#8221;none&#8221;&#8230;<\/p>\n","protected":false},"author":1,"featured_media":53202,"comment_status":"open","ping_status":"open","sticky":false,"template":"","format":"standard","meta":{"footnotes":""},"categories":[10848,10845,10920,10847,10787,10852,10846],"tags":[],"jahr":[11078],"kanton":[11126],"land":[11168],"anlagentyp":[11056],"class_list":{"0":"post-36733","1":"post","2":"type-post","3":"status-publish","4":"format-standard","5":"has-post-thumbnail","7":"category-2021-it","8":"category-cronologia","9":"category-fr-it","10":"category-paese","11":"category-parchi-per-skate-in-cemento","12":"category-svizzera","13":"category-tipo-di-impianto","14":"jahr-2021-it","15":"kanton-fr-it","16":"land-schweiz-it","17":"anlagentyp-beton-skateparks"},"_links":{"self":[{"href":"https:\/\/verticaltechnik.ch\/it\/wp-json\/wp\/v2\/posts\/36733","targetHints":{"allow":["GET"]}}],"collection":[{"href":"https:\/\/verticaltechnik.ch\/it\/wp-json\/wp\/v2\/posts"}],"about":[{"href":"https:\/\/verticaltechnik.ch\/it\/wp-json\/wp\/v2\/types\/post"}],"author":[{"embeddable":true,"href":"https:\/\/verticaltechnik.ch\/it\/wp-json\/wp\/v2\/users\/1"}],"replies":[{"embeddable":true,"href":"https:\/\/verticaltechnik.ch\/it\/wp-json\/wp\/v2\/comments?post=36733"}],"version-history":[{"count":0,"href":"https:\/\/verticaltechnik.ch\/it\/wp-json\/wp\/v2\/posts\/36733\/revisions"}],"wp:featuredmedia":[{"embeddable":true,"href":"https:\/\/verticaltechnik.ch\/it\/wp-json\/wp\/v2\/media\/53202"}],"wp:attachment":[{"href":"https:\/\/verticaltechnik.ch\/it\/wp-json\/wp\/v2\/media?parent=36733"}],"wp:term":[{"taxonomy":"category","embeddable":true,"href":"https:\/\/verticaltechnik.ch\/it\/wp-json\/wp\/v2\/categories?post=36733"},{"taxonomy":"post_tag","embeddable":true,"href":"https:\/\/verticaltechnik.ch\/it\/wp-json\/wp\/v2\/tags?post=36733"},{"taxonomy":"jahr","embeddable":true,"href":"https:\/\/verticaltechnik.ch\/it\/wp-json\/wp\/v2\/jahr?post=36733"},{"taxonomy":"kanton","embeddable":true,"href":"https:\/\/verticaltechnik.ch\/it\/wp-json\/wp\/v2\/kanton?post=36733"},{"taxonomy":"land","embeddable":true,"href":"https:\/\/verticaltechnik.ch\/it\/wp-json\/wp\/v2\/land?post=36733"},{"taxonomy":"anlagentyp","embeddable":true,"href":"https:\/\/verticaltechnik.ch\/it\/wp-json\/wp\/v2\/anlagentyp?post=36733"}],"curies":[{"name":"wp","href":"https:\/\/api.w.org\/{rel}","templated":true}]}}