{"id":36841,"date":"2014-06-17T13:23:46","date_gmt":"2014-06-17T13:23:46","guid":{"rendered":"http:\/\/newvt.verticaltechnik.ch\/news\/d-bad-duerkheim-impianto-mobile-per-skate\/"},"modified":"2025-11-10T21:16:47","modified_gmt":"2025-11-10T21:16:47","slug":"d-bad-duerkheim-impianto-mobile-per-skate","status":"publish","type":"post","link":"https:\/\/verticaltechnik.ch\/it\/d-bad-duerkheim-impianto-mobile-per-skate\/","title":{"rendered":"D Bad D\u00fcrkheim - Impianto mobile per skate"},"content":{"rendered":"[vc_row type=&#8221;in_container&#8221; full_screen_row_position=&#8221;middle&#8221; column_margin=&#8221;default&#8221; column_direction=&#8221;default&#8221; column_direction_tablet=&#8221;default&#8221; column_direction_phone=&#8221;default&#8221; scene_position=&#8221;center&#8221; text_color=&#8221;dark&#8221; text_align=&#8221;left&#8221; row_border_radius=&#8221;none&#8221; row_border_radius_applies=&#8221;bg&#8221; overflow=&#8221;visible&#8221; overlay_strength=&#8221;0.3&#8243; gradient_direction=&#8221;left_to_right&#8221; shape_divider_position=&#8221;bottom&#8221; bg_image_animation=&#8221;none&#8221;][vc_column column_padding=&#8221;no-extra-padding&#8221; column_padding_tablet=&#8221;inherit&#8221; column_padding_phone=&#8221;inherit&#8221; column_padding_position=&#8221;all&#8221; column_element_direction_desktop=&#8221;default&#8221; column_element_spacing=&#8221;default&#8221; desktop_text_alignment=&#8221;default&#8221; tablet_text_alignment=&#8221;default&#8221; phone_text_alignment=&#8221;default&#8221; background_color_opacity=&#8221;1&#8243; background_hover_color_opacity=&#8221;1&#8243; column_backdrop_filter=&#8221;none&#8221; column_shadow=&#8221;none&#8221; column_border_radius=&#8221;none&#8221; column_link_target=&#8221;_self&#8221; column_position=&#8221;default&#8221; gradient_direction=&#8221;left_to_right&#8221; overlay_strength=&#8221;0.3&#8243; width=&#8221;1\/1&#8243; tablet_width_inherit=&#8221;default&#8221; animation_type=&#8221;default&#8221; bg_image_animation=&#8221;none&#8221; border_type=&#8221;simple&#8221; column_border_width=&#8221;none&#8221; column_border_style=&#8221;solid&#8221;][vc_column_text css=&#8221;&#8221; text_direction=&#8221;default&#8221;]\n<p>\nAm Donnerstag den 17. Juni 2014 war es soweit. Zehn neue Skateanlagen wurden von Frenkendorf in der Schweiz nach Bad D\u00fcrkheim in Deutschland geliefert. Der Skatepark befindet sich beim Carl-Orff-Realschulhaus Plus, an der Kreuzung Wellsring \/\/ Kanalstrasse.\n<p>\nDas Montageteam von Vertical Roman Jeker und Oliver Casota wurden von Christian Platz und dem Werkhof-Team von Bad D\u00fcrkheim empfangen. Dank dem top Equipment vor Ort, welches von der Stadt Bad D\u00fcrkheim gestellt wurde, verlief der Ablad der Skateanlagen speditiv und reibungslos. Geliefert wurden eine 1,5 m hohe und 3 m breite Quarterpipe, eine 2,4 m breite Roof Box mit zwei Rails, eines davon als Rundrohr und das andere als Rechteckrohr, ein Handicaped Gap sowie eine Bank 950 25\u00b0 mit Curb. Zudem wurden auf Kundenwunsch gefertigte Elemente geliefert. Ein Banana Curb, ein Granit Curb und ein Step Curb mit Granitplatten erm\u00f6glichen zus\u00e4tzliche Lines zu fahren. Zus\u00e4tzlich erg\u00e4nzt ein h\u00f6henverstellbares Rail mit einem 80 mm Rundrohr den Skatepark.<br\/>Ein Teil des Teams machte sich sofort an die Montage der Quarterpipe. Die anderen luden die kleineren Skate Module ab und platzierten sie an den Standorten. Tags darauf wurden die Skateanlagen optimal ausgerichtet und am Boden nach der EN 14974 Norm verankert. Zusammen mit der bestehenden Midirampe steht jetzt den Jugendlichen von Bad D\u00fcrkheim und Umgebung ein abwechslungsreicher Skatepark zur Verf\u00fcgung, den sie selber designt haben.\n<p>\nWir freuen uns dar\u00fcber, dass wir als Schweizer Unternehmen die Ausschreibung gewonnen haben. Das zeigt, dass unsere Preise durchaus wettbewerbsf\u00e4hig sind, trotz des starken Schweizer Franken Kurses.<br\/>Wir bedanken uns herzlich bei der Stadt Bad D\u00fcrkheim f\u00fcr das uns entgegengebrachte Vertrauen. Im Speziellen m\u00f6chten wir unseren Dank Herrn Platz und dem Bauhof-Team f\u00fcr die angenehme Zusammenarbeit aussprechen!\n[vc_gallery css=&#8221;&#8221; type=&#8221;image_grid&#8221; images=&#8221;29939&#8243; image_grid_loading=&#8221;default&#8221; layout=&#8221;4&#8243; item_spacing=&#8221;default&#8221; gallery_style=&#8221;7&#8243; load_in_animation=&#8221;none&#8221;]\n<p>\n<iframe loading=\"lazy\" src=\"https:\/\/www.youtube.com\/embed\/u1NGr1qJlxo\" width=\"800\" height=\"450\" frameborder=\"0\"><\/iframe>\n<p>&nbsp;<\/p>\n[\/vc_column_text][\/vc_column][\/vc_row]\n","protected":false},"excerpt":{"rendered":"<p>[vc_row type=&#8221;in_container&#8221; full_screen_row_position=&#8221;middle&#8221; column_margin=&#8221;default&#8221; column_direction=&#8221;default&#8221; column_direction_tablet=&#8221;default&#8221; column_direction_phone=&#8221;default&#8221; scene_position=&#8221;center&#8221; text_color=&#8221;dark&#8221; text_align=&#8221;left&#8221; row_border_radius=&#8221;none&#8221; row_border_radius_applies=&#8221;bg&#8221; overflow=&#8221;visible&#8221; overlay_strength=&#8221;0.3&#8243; gradient_direction=&#8221;left_to_right&#8221; shape_divider_position=&#8221;bottom&#8221; bg_image_animation=&#8221;none&#8221;][vc_column column_padding=&#8221;no-extra-padding&#8221; column_padding_tablet=&#8221;inherit&#8221; column_padding_phone=&#8221;inherit&#8221; column_padding_position=&#8221;all&#8221; column_element_direction_desktop=&#8221;default&#8221; column_element_spacing=&#8221;default&#8221; desktop_text_alignment=&#8221;default&#8221; tablet_text_alignment=&#8221;default&#8221; phone_text_alignment=&#8221;default&#8221; background_color_opacity=&#8221;1&#8243; background_hover_color_opacity=&#8221;1&#8243; column_backdrop_filter=&#8221;none&#8221; column_shadow=&#8221;none&#8221;&#8230;<\/p>\n","protected":false},"author":1,"featured_media":29936,"comment_status":"open","ping_status":"open","sticky":false,"template":"","format":"standard","meta":{"footnotes":""},"categories":[10957,10845,10933,10847,10851,10846],"tags":[],"jahr":[11099],"kanton":[],"land":[11172],"anlagentyp":[11201],"class_list":{"0":"post-36841","1":"post","2":"type-post","3":"status-publish","4":"format-standard","5":"has-post-thumbnail","7":"category-2014-it","8":"category-cronologia","9":"category-germania","10":"category-paese","11":"category-parchi-skate-mobili","12":"category-tipo-di-impianto","13":"jahr-2014-it","14":"land-deutschland-it","15":"anlagentyp-mobile-skateanlagen-it"},"_links":{"self":[{"href":"https:\/\/verticaltechnik.ch\/it\/wp-json\/wp\/v2\/posts\/36841","targetHints":{"allow":["GET"]}}],"collection":[{"href":"https:\/\/verticaltechnik.ch\/it\/wp-json\/wp\/v2\/posts"}],"about":[{"href":"https:\/\/verticaltechnik.ch\/it\/wp-json\/wp\/v2\/types\/post"}],"author":[{"embeddable":true,"href":"https:\/\/verticaltechnik.ch\/it\/wp-json\/wp\/v2\/users\/1"}],"replies":[{"embeddable":true,"href":"https:\/\/verticaltechnik.ch\/it\/wp-json\/wp\/v2\/comments?post=36841"}],"version-history":[{"count":0,"href":"https:\/\/verticaltechnik.ch\/it\/wp-json\/wp\/v2\/posts\/36841\/revisions"}],"wp:featuredmedia":[{"embeddable":true,"href":"https:\/\/verticaltechnik.ch\/it\/wp-json\/wp\/v2\/media\/29936"}],"wp:attachment":[{"href":"https:\/\/verticaltechnik.ch\/it\/wp-json\/wp\/v2\/media?parent=36841"}],"wp:term":[{"taxonomy":"category","embeddable":true,"href":"https:\/\/verticaltechnik.ch\/it\/wp-json\/wp\/v2\/categories?post=36841"},{"taxonomy":"post_tag","embeddable":true,"href":"https:\/\/verticaltechnik.ch\/it\/wp-json\/wp\/v2\/tags?post=36841"},{"taxonomy":"jahr","embeddable":true,"href":"https:\/\/verticaltechnik.ch\/it\/wp-json\/wp\/v2\/jahr?post=36841"},{"taxonomy":"kanton","embeddable":true,"href":"https:\/\/verticaltechnik.ch\/it\/wp-json\/wp\/v2\/kanton?post=36841"},{"taxonomy":"land","embeddable":true,"href":"https:\/\/verticaltechnik.ch\/it\/wp-json\/wp\/v2\/land?post=36841"},{"taxonomy":"anlagentyp","embeddable":true,"href":"https:\/\/verticaltechnik.ch\/it\/wp-json\/wp\/v2\/anlagentyp?post=36841"}],"curies":[{"name":"wp","href":"https:\/\/api.w.org\/{rel}","templated":true}]}}