{"id":36857,"date":"2014-10-01T13:23:46","date_gmt":"2014-10-01T13:23:46","guid":{"rendered":"http:\/\/newvt.verticaltechnik.ch\/news\/ch-basilea-progetto-parkour-palast\/"},"modified":"2025-11-10T20:29:31","modified_gmt":"2025-11-10T20:29:31","slug":"ch-basilea-progetto-parkour-palast","status":"publish","type":"post","link":"https:\/\/verticaltechnik.ch\/it\/ch-basilea-progetto-parkour-palast\/","title":{"rendered":"CH Basilea - Progetto Parkour-Palast"},"content":{"rendered":"[vc_row type=&#8221;in_container&#8221; full_screen_row_position=&#8221;middle&#8221; column_margin=&#8221;default&#8221; column_direction=&#8221;default&#8221; column_direction_tablet=&#8221;default&#8221; column_direction_phone=&#8221;default&#8221; scene_position=&#8221;center&#8221; text_color=&#8221;dark&#8221; text_align=&#8221;left&#8221; row_border_radius=&#8221;none&#8221; row_border_radius_applies=&#8221;bg&#8221; overflow=&#8221;visible&#8221; overlay_strength=&#8221;0.3&#8243; gradient_direction=&#8221;left_to_right&#8221; shape_divider_position=&#8221;bottom&#8221; bg_image_animation=&#8221;none&#8221;][vc_column column_padding=&#8221;no-extra-padding&#8221; column_padding_tablet=&#8221;inherit&#8221; column_padding_phone=&#8221;inherit&#8221; column_padding_position=&#8221;all&#8221; column_element_direction_desktop=&#8221;default&#8221; column_element_spacing=&#8221;default&#8221; desktop_text_alignment=&#8221;default&#8221; tablet_text_alignment=&#8221;default&#8221; phone_text_alignment=&#8221;default&#8221; background_color_opacity=&#8221;1&#8243; background_hover_color_opacity=&#8221;1&#8243; column_backdrop_filter=&#8221;none&#8221; column_shadow=&#8221;none&#8221; column_border_radius=&#8221;none&#8221; column_link_target=&#8221;_self&#8221; column_position=&#8221;default&#8221; gradient_direction=&#8221;left_to_right&#8221; overlay_strength=&#8221;0.3&#8243; width=&#8221;1\/1&#8243; tablet_width_inherit=&#8221;default&#8221; animation_type=&#8221;default&#8221; bg_image_animation=&#8221;none&#8221; border_type=&#8221;simple&#8221; column_border_width=&#8221;none&#8221; column_border_style=&#8221;solid&#8221;][vc_column_text css=&#8221;&#8221; text_direction=&#8221;default&#8221;]\n<p>\nVertical hat mit der World\u2019s Parkour Family (WPF) eine Parkour Halle in Basel entwickelt.\n<p>\nWPF ist in der Schweizer Parkour-Szene und international ein Begriff: Kevin Fluri, Christian Harmat, Maurice Ndotoni, Jerome Depierre und Kevin Hediger sind einige der bekannten Top Cracks die am Projekt beteiligt sind. \u00dcber Facebook findet ein weltweiter Austausch statt (ca. 11\u2018000 Likes). Die lokalen Medien berichten regelm\u00e4ssig \u00fcber WPF. Trotz grosser Erfolge blieb bisher ein ganzj\u00e4hriges Training eine Herausforderung. Mit der neuen Halle soll sich dies aber \u00e4ndern und der Verein l\u00e4dt alle Interessierten dazu ein das Hallenprojekt auf www.wemakeit.ch zu unterst\u00fctzen.\n<p>\n<strong>1. Projektbeschreibung<\/strong><br\/>Das Ziel der WPF ist es, eine Halle mit Infrastrukturen f\u00fcr Parkour in Basel zu betreiben, wo unterschiedliche Ziel- und Altersgruppen ganzj\u00e4hrig trainieren k\u00f6nnen. Internationale Events mit Contest-Charakter sind j\u00e4hrliche geplante Highlights. Trainingslager und Ausbildungen f\u00fcr Trainer werden auch angeboten.\n<p>\n<strong>2. Stand des Projektes per Mitte Juni 2014<\/strong><br\/>Das Projekt-Team hat sich seit dem Projektstart im September 2013 zu w\u00f6chentlichen Sitzungen getroffen. An den Meetings wurden von unterschiedlichen Projektgruppen 3D Planungen erstellt, Ziele definiert, Aufgaben verteilt und Resultate besprochen. Die 3D Planung f\u00fcr den Hallenausbau, der Belegungsplan, die Preisliste, das Budget, der Zeitplan, der Medienplan und das Sponsoring-Dossier stehen bereit und das Projekt wurde am 17. Juni 2014 lanciert.\n<p>\n<strong>3. Finanzierung<\/strong><br\/>Die Initialkosten betragen rund 350\u2018000 Franken inklusive Instandsetzung der Halle (Reinigung und neu Malen) sowie f\u00fcr die Einbauten. Mit einem eigenen Startkapital und Zuwendungen von Stiftungen, Sponsoren und Crowdfunding www.wemakeit.ch wird das Projekt finanziert. Die laufenden Kosten wie Miete, L\u00f6hne, Reparaturen und Ersatz werden durch die Einnahmen von Eintritten und Mitgliedschaften abgedeckt.\n<p>\n<strong>4. Zielgruppen<\/strong><br\/>Parkour kann man ein Leben lang trainieren. Deshalb ist sind die Zielgruppen auf keine Altersgruppen beschr\u00e4nkt. Trainings werden f\u00fcr Kinder, Jugendliche und Erwachsene angeboten. Hauptinteressenten sind bisher Kinder und Jugendliche im Alter von 10-18 Jahren sowie Studierende.\n<p>\n<strong>5. Zeitplan<\/strong><br\/>Es ist vorgesehen, den Mietvertrag per Anfang Oktober zu unterzeichnen. Daf\u00fcr werden jedoch die Zusagen der Stiftungen und Sponsoren abgewartet. Erste Gespr\u00e4che mit potentiellen Sponsoren ergaben positive Feedbacks f\u00fcr eine Unterst\u00fctzung.\n<p>\n<strong>6. Standort<\/strong><br\/>An der Lehenmattstrasse 353 in Basel, Haus 12, auf dem ehemaligen Areal der Emil Haefeli AG und unweit des St. Jakob-Stadions in Basel wurde eine geeignete Halle gefunden. Die Haltestelle Ulmenweg der Buslinie 36 befindet sich zwei Gehminuten von der Halle entfernt; zu Fuss sind es ca. f\u00fcnf Minuten von der Tramhaltestelle St. Jakob.\n<p>\n<strong>7. Infrastrukturen<\/strong><br\/>Die Halle wird mit Parkour-spezifischen Anlagen wie Mauern, Stangen und anderen Gebilden ausgestattet. Ein Spickboden, zwei Trampoline, eine Schnitzelgrube sowie ein Stangenpark sind ebenfalls geplant. Das Know-how f\u00fcr die Planung und den Ausbau garantiert die Firma Vertical Technik AG aus Frenkendorf, die Skateparks, darunter auch Anlagen f\u00fcr den ber\u00fchmten Skater Tony Hawk in USA, gebaut hat.\n<p>\n<strong>8. Eigenleistungen<\/strong><br\/>Mitglieder des WPF werden bei der Reinigung und dem neu Malen der W\u00e4nde, beim Ausbau und bei der Montage der Infrastrukturen selber Hand anlegen. Die bestehenden Holzverschl\u00e4ge werden direkt vor Ort rezykliert und in n\u00fctzliche Parkour Anlagen umgebaut. Die Infrastrukturen werden unter der Anleitung eines Mitarbeiters von Vertical eingebaut.\n<p>\n<strong>9. Angebot<\/strong><br\/>Das Angebot ist schweizweit und in der Dreil\u00e4nderregion einzigartig. Nebst Mitgliedern k\u00f6nnen Einzelpersonen, Schulklassen oder andere Vereine das Angebot nutzen. Es werden Kurse f\u00fcr Altersgruppen von 6 - 50 Jahren ber\u00fccksichtigt (nach oben offen). Es ist angedacht, mit dem Schulsport zusammenzuarbeiten, erste Gespr\u00e4che sind im Gang.\n<p>\n<strong><a href=\"https:\/\/www.facebook.com\/worldsparkourfamily\/\" target=\"_blank\" rel=\"noreferrer noopener\">Facebook WPF<br\/><\/a><\/strong><strong><a href=\"https:\/\/worldsparkourfamily.ch\" target=\"_blank\" rel=\"noreferrer noopener\">Homepage WPF<br\/><\/a><\/strong><strong><a href=\"https:\/\/www.youtube.com\/user\/WPFproduction\">Youtube WPF<br\/><\/a><\/strong><strong><a href=\"https:\/\/www.bazonline.ch\/basel\/stadt\/auf-zum-ersten-schweizer-indoorpark\/story\/20201888\" target=\"_blank\" rel=\"noreferrer noopener\">BAZ<br\/><\/a><\/strong><strong><a href=\"https:\/\/www.instagram.com\/worldsparkourfamily\/\" target=\"_blank\" rel=\"noreferrer noopener\">Instagram<\/a><\/strong>\n[vc_gallery css=&#8221;&#8221; type=&#8221;image_grid&#8221; images=&#8221;29894,29898&#8243; image_grid_loading=&#8221;default&#8221; layout=&#8221;4&#8243; item_spacing=&#8221;default&#8221; gallery_style=&#8221;7&#8243; load_in_animation=&#8221;none&#8221;]\n<p>\n<iframe loading=\"lazy\" src=\"https:\/\/www.youtube.com\/embed\/Cw7b8I83Ft8\" width=\"800\" height=\"450\" frameborder=\"0\"><\/iframe>\n<p>&nbsp;<\/p>\n[\/vc_column_text][\/vc_column][\/vc_row]\n","protected":false},"excerpt":{"rendered":"<p>[vc_row type=&#8221;in_container&#8221; full_screen_row_position=&#8221;middle&#8221; column_margin=&#8221;default&#8221; column_direction=&#8221;default&#8221; column_direction_tablet=&#8221;default&#8221; column_direction_phone=&#8221;default&#8221; scene_position=&#8221;center&#8221; text_color=&#8221;dark&#8221; text_align=&#8221;left&#8221; row_border_radius=&#8221;none&#8221; row_border_radius_applies=&#8221;bg&#8221; overflow=&#8221;visible&#8221; overlay_strength=&#8221;0.3&#8243; gradient_direction=&#8221;left_to_right&#8221; shape_divider_position=&#8221;bottom&#8221; bg_image_animation=&#8221;none&#8221;][vc_column column_padding=&#8221;no-extra-padding&#8221; column_padding_tablet=&#8221;inherit&#8221; column_padding_phone=&#8221;inherit&#8221; column_padding_position=&#8221;all&#8221; column_element_direction_desktop=&#8221;default&#8221; column_element_spacing=&#8221;default&#8221; desktop_text_alignment=&#8221;default&#8221; tablet_text_alignment=&#8221;default&#8221; phone_text_alignment=&#8221;default&#8221; background_color_opacity=&#8221;1&#8243; background_hover_color_opacity=&#8221;1&#8243; column_backdrop_filter=&#8221;none&#8221; column_shadow=&#8221;none&#8221;&#8230;<\/p>\n","protected":false},"author":1,"featured_media":29891,"comment_status":"open","ping_status":"open","sticky":false,"template":"","format":"standard","meta":{"footnotes":""},"categories":[10957,10879,10845,10847,10887,10852,10846],"tags":[],"jahr":[11099],"kanton":[11123],"land":[11168],"anlagentyp":[11197],"class_list":{"0":"post-36857","1":"post","2":"type-post","3":"status-publish","4":"format-standard","5":"has-post-thumbnail","7":"category-2014-it","8":"category-bs-it","9":"category-cronologia","10":"category-paese","11":"category-skatepark-al-coperto","12":"category-svizzera","13":"category-tipo-di-impianto","14":"jahr-2014-it","15":"kanton-bs-it","16":"land-schweiz-it","17":"anlagentyp-indoor-skateparks-it"},"_links":{"self":[{"href":"https:\/\/verticaltechnik.ch\/it\/wp-json\/wp\/v2\/posts\/36857","targetHints":{"allow":["GET"]}}],"collection":[{"href":"https:\/\/verticaltechnik.ch\/it\/wp-json\/wp\/v2\/posts"}],"about":[{"href":"https:\/\/verticaltechnik.ch\/it\/wp-json\/wp\/v2\/types\/post"}],"author":[{"embeddable":true,"href":"https:\/\/verticaltechnik.ch\/it\/wp-json\/wp\/v2\/users\/1"}],"replies":[{"embeddable":true,"href":"https:\/\/verticaltechnik.ch\/it\/wp-json\/wp\/v2\/comments?post=36857"}],"version-history":[{"count":0,"href":"https:\/\/verticaltechnik.ch\/it\/wp-json\/wp\/v2\/posts\/36857\/revisions"}],"wp:featuredmedia":[{"embeddable":true,"href":"https:\/\/verticaltechnik.ch\/it\/wp-json\/wp\/v2\/media\/29891"}],"wp:attachment":[{"href":"https:\/\/verticaltechnik.ch\/it\/wp-json\/wp\/v2\/media?parent=36857"}],"wp:term":[{"taxonomy":"category","embeddable":true,"href":"https:\/\/verticaltechnik.ch\/it\/wp-json\/wp\/v2\/categories?post=36857"},{"taxonomy":"post_tag","embeddable":true,"href":"https:\/\/verticaltechnik.ch\/it\/wp-json\/wp\/v2\/tags?post=36857"},{"taxonomy":"jahr","embeddable":true,"href":"https:\/\/verticaltechnik.ch\/it\/wp-json\/wp\/v2\/jahr?post=36857"},{"taxonomy":"kanton","embeddable":true,"href":"https:\/\/verticaltechnik.ch\/it\/wp-json\/wp\/v2\/kanton?post=36857"},{"taxonomy":"land","embeddable":true,"href":"https:\/\/verticaltechnik.ch\/it\/wp-json\/wp\/v2\/land?post=36857"},{"taxonomy":"anlagentyp","embeddable":true,"href":"https:\/\/verticaltechnik.ch\/it\/wp-json\/wp\/v2\/anlagentyp?post=36857"}],"curies":[{"name":"wp","href":"https:\/\/api.w.org\/{rel}","templated":true}]}}