{"id":36885,"date":"2014-11-16T13:23:46","date_gmt":"2014-11-16T13:23:46","guid":{"rendered":"http:\/\/newvt.verticaltechnik.ch\/news\/ch-ermatingen-festa-di-inaugurazione-the-hall\/"},"modified":"2025-11-10T20:16:17","modified_gmt":"2025-11-10T20:16:17","slug":"ch-ermatingen-festa-di-inaugurazione-the-hall","status":"publish","type":"post","link":"https:\/\/verticaltechnik.ch\/it\/ch-ermatingen-festa-di-inaugurazione-the-hall\/","title":{"rendered":"CH Ermatingen - Festa di inaugurazione THE HALL"},"content":{"rendered":"[vc_row type=&#8221;in_container&#8221; full_screen_row_position=&#8221;middle&#8221; column_margin=&#8221;default&#8221; column_direction=&#8221;default&#8221; column_direction_tablet=&#8221;default&#8221; column_direction_phone=&#8221;default&#8221; scene_position=&#8221;center&#8221; text_color=&#8221;dark&#8221; text_align=&#8221;left&#8221; row_border_radius=&#8221;none&#8221; row_border_radius_applies=&#8221;bg&#8221; overflow=&#8221;visible&#8221; overlay_strength=&#8221;0.3&#8243; gradient_direction=&#8221;left_to_right&#8221; shape_divider_position=&#8221;bottom&#8221; bg_image_animation=&#8221;none&#8221;][vc_column column_padding=&#8221;no-extra-padding&#8221; column_padding_tablet=&#8221;inherit&#8221; column_padding_phone=&#8221;inherit&#8221; column_padding_position=&#8221;all&#8221; column_element_direction_desktop=&#8221;default&#8221; column_element_spacing=&#8221;default&#8221; desktop_text_alignment=&#8221;default&#8221; tablet_text_alignment=&#8221;default&#8221; phone_text_alignment=&#8221;default&#8221; background_color_opacity=&#8221;1&#8243; background_hover_color_opacity=&#8221;1&#8243; column_backdrop_filter=&#8221;none&#8221; column_shadow=&#8221;none&#8221; column_border_radius=&#8221;none&#8221; column_link_target=&#8221;_self&#8221; column_position=&#8221;default&#8221; gradient_direction=&#8221;left_to_right&#8221; overlay_strength=&#8221;0.3&#8243; width=&#8221;1\/1&#8243; tablet_width_inherit=&#8221;default&#8221; animation_type=&#8221;default&#8221; bg_image_animation=&#8221;none&#8221; border_type=&#8221;simple&#8221; column_border_width=&#8221;none&#8221; column_border_style=&#8221;solid&#8221;][vc_column_text css=&#8221;&#8221; text_direction=&#8221;default&#8221;]\n<p>\nDer neue Jugendtreff in Ermatingen wurde am 16. November 2014 er\u00f6ffnet. Das Interesse an der neuen Location war riesig. Mehrere hundert Interessierte besichtigten die neuen R\u00e4umlichkeiten. THE HALL in Ermatingen - Er\u00f6ffnungsfeier.\n<p>\nDie Initianten des Projektes rekapitulierten wie der Wunsch der Jugendlichen, einen nach ihren Vorstellungen eingerichtetes Jugendlokal zu erhalten, in die Tat umgesetzt wurde. Mit grosser Freude konnte THE HALL an die Kinder und Jugendlichen \u00fcbergeben werden.<br\/>Die M\u00f6glichkeit f\u00fcr Jugendliche sich bei der Planung und der Realisierung des Projektes einzubringen wurde rege genutzt. Beni Lenzin, Sekundarlehrer an der Schule in Ermatingen, organisierte zusammen mit Vertical Technik AG die Workshops.<br\/>Zu bestaunen gab es einiges. Der Jugendtreff besteht aus einem Skatepark mit Street und Minirampe, sowie einer mobilen Konzertb\u00fchne die auf der Minirampe aufgebaut werden kann. Das innovative an dieser Konzert B\u00fchne ist, dass sie so konzipiert wurde, dass sie von den Jugendlichen selber auf- und abgebaut werden kann. Die B\u00fchnenelemente sind mobil und lassen sich in einer Schublade unter der Minirampe versorgen. Auch die Boulderwand erfreut sich grosser Beliebtheit, wie einige Bilder der Er\u00f6ffnung zweifellos zeigen.\n<p>\nDie Er\u00f6ffnung wurde aktiv mit Anf\u00e4nger Coaching und mit Skate Shows im Street Bereich und auf der Minirampe gefeiert. Das Street City Team aus Z\u00fcrich und einige Frontline Riders reisten an um Stimmung zu machen. Zudem pr\u00e4sentierten Sch\u00fclerinnen dem Publikum ihre gelungene Tanzshow. Die Boulderwand wurde von vielen Kids genutzt, welche von oben die \u00dcbersicht \u00fcber THE HALL behielten.\n<p>\nUnser Dankesch\u00f6n gilt den Sch\u00fclern die am Design Workshop und am Montage Workshop teilnahmen, Beni Lenzin, dem Verein The Hall sowie der Gemeinde und der Schule Ermatingen.\n<p>\nAdresse:<br\/>The Hall<br\/>Fidlerstrasse 4<br\/>8272 Ermatingen\n<p>\n<strong><a href=\"http:\/\/thehall.ch\" target=\"_blank\" rel=\"noreferrer noopener\">THE HALL<\/a><\/strong>\n[vc_gallery css=&#8221;&#8221; type=&#8221;image_grid&#8221; images=&#8221;29679,29686,29690,29694,29698,29702,29706,29710,29714,29718,29722,29726,29730,29734,29738,29742,29746,29750,29754,29758,29762,29766,29770,29774,29778,29782,29786,29790,29794,29798,29802,29806,29810,29814,29818,29822,29826,29830,29834,29838,29842,29846,29850,29854,29858,29862&#8243; image_grid_loading=&#8221;default&#8221; layout=&#8221;4&#8243; item_spacing=&#8221;default&#8221; gallery_style=&#8221;7&#8243; load_in_animation=&#8221;none&#8221;]\n<p>\n<iframe loading=\"lazy\" src=\"https:\/\/www.youtube.com\/embed\/lAZbNXvUUvs\" width=\"800\" height=\"450\" frameborder=\"0\"><\/iframe>\n<p>&nbsp;<\/p>\n[\/vc_column_text][\/vc_column][\/vc_row]\n","protected":false},"excerpt":{"rendered":"<p>[vc_row type=&#8221;in_container&#8221; full_screen_row_position=&#8221;middle&#8221; column_margin=&#8221;default&#8221; column_direction=&#8221;default&#8221; column_direction_tablet=&#8221;default&#8221; column_direction_phone=&#8221;default&#8221; scene_position=&#8221;center&#8221; text_color=&#8221;dark&#8221; text_align=&#8221;left&#8221; row_border_radius=&#8221;none&#8221; row_border_radius_applies=&#8221;bg&#8221; overflow=&#8221;visible&#8221; overlay_strength=&#8221;0.3&#8243; gradient_direction=&#8221;left_to_right&#8221; shape_divider_position=&#8221;bottom&#8221; bg_image_animation=&#8221;none&#8221;][vc_column column_padding=&#8221;no-extra-padding&#8221; column_padding_tablet=&#8221;inherit&#8221; column_padding_phone=&#8221;inherit&#8221; column_padding_position=&#8221;all&#8221; column_element_direction_desktop=&#8221;default&#8221; column_element_spacing=&#8221;default&#8221; desktop_text_alignment=&#8221;default&#8221; tablet_text_alignment=&#8221;default&#8221; phone_text_alignment=&#8221;default&#8221; background_color_opacity=&#8221;1&#8243; background_hover_color_opacity=&#8221;1&#8243; column_backdrop_filter=&#8221;none&#8221; column_shadow=&#8221;none&#8221;&#8230;<\/p>\n","protected":false},"author":1,"featured_media":29676,"comment_status":"open","ping_status":"open","sticky":false,"template":"","format":"standard","meta":{"footnotes":""},"categories":[10957,10845,10847,10887,10852,10855,10846],"tags":[],"jahr":[11099],"kanton":[11150],"land":[11168],"anlagentyp":[11197],"class_list":{"0":"post-36885","1":"post","2":"type-post","3":"status-publish","4":"format-standard","5":"has-post-thumbnail","7":"category-2014-it","8":"category-cronologia","9":"category-paese","10":"category-skatepark-al-coperto","11":"category-svizzera","12":"category-tg-it","13":"category-tipo-di-impianto","14":"jahr-2014-it","15":"kanton-tg-it","16":"land-schweiz-it","17":"anlagentyp-indoor-skateparks-it"},"_links":{"self":[{"href":"https:\/\/verticaltechnik.ch\/it\/wp-json\/wp\/v2\/posts\/36885","targetHints":{"allow":["GET"]}}],"collection":[{"href":"https:\/\/verticaltechnik.ch\/it\/wp-json\/wp\/v2\/posts"}],"about":[{"href":"https:\/\/verticaltechnik.ch\/it\/wp-json\/wp\/v2\/types\/post"}],"author":[{"embeddable":true,"href":"https:\/\/verticaltechnik.ch\/it\/wp-json\/wp\/v2\/users\/1"}],"replies":[{"embeddable":true,"href":"https:\/\/verticaltechnik.ch\/it\/wp-json\/wp\/v2\/comments?post=36885"}],"version-history":[{"count":0,"href":"https:\/\/verticaltechnik.ch\/it\/wp-json\/wp\/v2\/posts\/36885\/revisions"}],"wp:featuredmedia":[{"embeddable":true,"href":"https:\/\/verticaltechnik.ch\/it\/wp-json\/wp\/v2\/media\/29676"}],"wp:attachment":[{"href":"https:\/\/verticaltechnik.ch\/it\/wp-json\/wp\/v2\/media?parent=36885"}],"wp:term":[{"taxonomy":"category","embeddable":true,"href":"https:\/\/verticaltechnik.ch\/it\/wp-json\/wp\/v2\/categories?post=36885"},{"taxonomy":"post_tag","embeddable":true,"href":"https:\/\/verticaltechnik.ch\/it\/wp-json\/wp\/v2\/tags?post=36885"},{"taxonomy":"jahr","embeddable":true,"href":"https:\/\/verticaltechnik.ch\/it\/wp-json\/wp\/v2\/jahr?post=36885"},{"taxonomy":"kanton","embeddable":true,"href":"https:\/\/verticaltechnik.ch\/it\/wp-json\/wp\/v2\/kanton?post=36885"},{"taxonomy":"land","embeddable":true,"href":"https:\/\/verticaltechnik.ch\/it\/wp-json\/wp\/v2\/land?post=36885"},{"taxonomy":"anlagentyp","embeddable":true,"href":"https:\/\/verticaltechnik.ch\/it\/wp-json\/wp\/v2\/anlagentyp?post=36885"}],"curies":[{"name":"wp","href":"https:\/\/api.w.org\/{rel}","templated":true}]}}