{"id":36897,"date":"2013-04-06T13:23:46","date_gmt":"2013-04-06T13:23:46","guid":{"rendered":"http:\/\/newvt.verticaltechnik.ch\/news\/ch-lenzburg-inaugurazione-hammerpark\/"},"modified":"2025-11-10T20:03:37","modified_gmt":"2025-11-10T20:03:37","slug":"ch-lenzburg-inaugurazione-hammerpark","status":"publish","type":"post","link":"https:\/\/verticaltechnik.ch\/it\/ch-lenzburg-inaugurazione-hammerpark\/","title":{"rendered":"CH Lenzburg - Inaugurazione Hammerpark"},"content":{"rendered":"[vc_row type=&#8221;in_container&#8221; full_screen_row_position=&#8221;middle&#8221; column_margin=&#8221;default&#8221; column_direction=&#8221;default&#8221; column_direction_tablet=&#8221;default&#8221; column_direction_phone=&#8221;default&#8221; scene_position=&#8221;center&#8221; text_color=&#8221;dark&#8221; text_align=&#8221;left&#8221; row_border_radius=&#8221;none&#8221; row_border_radius_applies=&#8221;bg&#8221; overflow=&#8221;visible&#8221; overlay_strength=&#8221;0.3&#8243; gradient_direction=&#8221;left_to_right&#8221; shape_divider_position=&#8221;bottom&#8221; bg_image_animation=&#8221;none&#8221;][vc_column column_padding=&#8221;no-extra-padding&#8221; column_padding_tablet=&#8221;inherit&#8221; column_padding_phone=&#8221;inherit&#8221; column_padding_position=&#8221;all&#8221; column_element_direction_desktop=&#8221;default&#8221; column_element_spacing=&#8221;default&#8221; desktop_text_alignment=&#8221;default&#8221; tablet_text_alignment=&#8221;default&#8221; phone_text_alignment=&#8221;default&#8221; background_color_opacity=&#8221;1&#8243; background_hover_color_opacity=&#8221;1&#8243; column_backdrop_filter=&#8221;none&#8221; column_shadow=&#8221;none&#8221; column_border_radius=&#8221;none&#8221; column_link_target=&#8221;_self&#8221; column_position=&#8221;default&#8221; gradient_direction=&#8221;left_to_right&#8221; overlay_strength=&#8221;0.3&#8243; width=&#8221;1\/1&#8243; tablet_width_inherit=&#8221;default&#8221; animation_type=&#8221;default&#8221; bg_image_animation=&#8221;none&#8221; border_type=&#8221;simple&#8221; column_border_width=&#8221;none&#8221; column_border_style=&#8221;solid&#8221;][vc_column_text css=&#8221;&#8221; text_direction=&#8221;default&#8221;]\n<p>\nDie Idee f\u00fcr den Hammerpark wurde aufgrund des 150-igsten Jubil\u00e4ums der Mammut Sports Group und des 50-j\u00e4hrigen Jubil\u00e4um des Rotary Club Lenzburg in die Welt gerufen. Auf dem Areal Hammermatte neben dem Kraftreaktor wurde mit dem Hammerpark ein nicht kommerzielles Freizeitangebot geschaffen. Neben einem Skatepark im Skate Plaza Stil stehen ein Bikepark mit Pumptrack und Spr\u00fcngen sowie Boulderw\u00e4nde neben einem Bistro zur Verf\u00fcgung. Die Stadt Lenzburg und die Gemeinde Niederlenz stellten das Land im Baurecht zur Verf\u00fcgung. Sie signalisierten gro\u00dfes Interesse um f\u00fcr die Region Lenzburg ein einzigartiges Freizeitangebot zu schaffen. Das Budget von 780&#8217;000 Franken wurde von Sponsoren aufgebracht. Der Tr\u00e4gerverein Hammerpark ist f\u00fcr Betrieb und Unterhalt verantwortlich.\n<p>\nDie Er\u00f6ffnung fand am Samstag 6. April 2013 statt, wobei Demonstrationen in allen Freizeitsportarten statt fanden. Es waren viele Familien mit Kindern anwesend was den Bedarf solcher Freizeitparks best\u00e4tigt. Die Nutzung der Anlagen ist \u00f6ffentlich und geschieht auf eigene Gefahr.\n<p>\nAls Lieferant des Skateparks bedanken wir uns bei den Initianten des Projekts f\u00fcr den Auftrag. In enger und reibungsloser Zusammenarbeit mit dem Architekturb\u00fcro Andi Berger wurden die Arbeiten vor Ort durch unsere Monteure ausgef\u00fchrt. Ein grosses Dankesch\u00f6n gilt auch den lokalen Skater die den Skatepark designt haben.\n<p>\nDer Skatepark besteht aus zwei gegen\u00fcberliegenden Plattformen mit einem tiefer liegenden Platz dazwischen. In der Mitte des Platzes stehen zwei B\u00e4ume die mit Curbs umrandet sind sowie eine Trick Box und ein Manual Table. Auf der einen Seite steht eine breite Bank mit einem Curb wo man lange Grinds und Slides machen kann. Auf der anderen Seite ist die Plattform in zwei unterschiedlichen H\u00f6hen ausgebildet, wobei Treppen, Gaps, schiefe Ebenen und eine Rundung gebaut wurden. Das Highlight sind sicherlich die beiden Ledges die mit speziellen polierten Granitplatten ausgestattet sind.\n<p>\nWir von Vertical w\u00fcnschen allen Nutzern des Skateparks viel Spass!\n[vc_gallery css=&#8221;&#8221; type=&#8221;image_grid&#8221; images=&#8221;29581,29589,29593,29597,29601,29605,29609,29613,29617,29621,29625,29629,29633,29637,29641,29646,29650,29654,29658,29662,29667&#8243; image_grid_loading=&#8221;default&#8221; layout=&#8221;4&#8243; item_spacing=&#8221;default&#8221; gallery_style=&#8221;7&#8243; load_in_animation=&#8221;none&#8221;]\n<p>\n<iframe loading=\"lazy\" src=\"https:\/\/www.youtube.com\/embed\/Eq6acyVgumI\" width=\"800\" height=\"450\" frameborder=\"0\"><\/iframe><iframe loading=\"lazy\" src=\"https:\/\/www.youtube.com\/embed\/jqgK9z0Kz1Y\" width=\"800\" height=\"450\" frameborder=\"0\"><\/iframe><iframe loading=\"lazy\" src=\"https:\/\/www.youtube.com\/embed\/nIx4nfPoTRI\" width=\"800\" height=\"450\" frameborder=\"0\"><\/iframe><iframe loading=\"lazy\" src=\"https:\/\/www.youtube.com\/embed\/90gWCboss28\" width=\"800\" height=\"450\" frameborder=\"0\"><\/iframe>\n<p>&nbsp;<\/p>\n[\/vc_column_text][\/vc_column][\/vc_row]\n","protected":false},"excerpt":{"rendered":"<p>[vc_row type=&#8221;in_container&#8221; full_screen_row_position=&#8221;middle&#8221; column_margin=&#8221;default&#8221; column_direction=&#8221;default&#8221; column_direction_tablet=&#8221;default&#8221; column_direction_phone=&#8221;default&#8221; scene_position=&#8221;center&#8221; text_color=&#8221;dark&#8221; text_align=&#8221;left&#8221; row_border_radius=&#8221;none&#8221; row_border_radius_applies=&#8221;bg&#8221; overflow=&#8221;visible&#8221; overlay_strength=&#8221;0.3&#8243; gradient_direction=&#8221;left_to_right&#8221; shape_divider_position=&#8221;bottom&#8221; bg_image_animation=&#8221;none&#8221;][vc_column column_padding=&#8221;no-extra-padding&#8221; column_padding_tablet=&#8221;inherit&#8221; column_padding_phone=&#8221;inherit&#8221; column_padding_position=&#8221;all&#8221; column_element_direction_desktop=&#8221;default&#8221; column_element_spacing=&#8221;default&#8221; desktop_text_alignment=&#8221;default&#8221; tablet_text_alignment=&#8221;default&#8221; phone_text_alignment=&#8221;default&#8221; background_color_opacity=&#8221;1&#8243; background_hover_color_opacity=&#8221;1&#8243; column_backdrop_filter=&#8221;none&#8221; column_shadow=&#8221;none&#8221;&#8230;<\/p>\n","protected":false},"author":1,"featured_media":29578,"comment_status":"open","ping_status":"open","sticky":false,"template":"","format":"standard","meta":{"footnotes":""},"categories":[10850,10961,10845,10847,10787,10852,10846],"tags":[],"jahr":[11102],"kanton":[11115],"land":[11168],"anlagentyp":[11056],"class_list":{"0":"post-36897","1":"post","2":"type-post","3":"status-publish","4":"format-standard","5":"has-post-thumbnail","7":"category-2013-it","8":"category-ag-it","9":"category-cronologia","10":"category-paese","11":"category-parchi-per-skate-in-cemento","12":"category-svizzera","13":"category-tipo-di-impianto","14":"jahr-2013-it","15":"kanton-ag-it","16":"land-schweiz-it","17":"anlagentyp-beton-skateparks"},"_links":{"self":[{"href":"https:\/\/verticaltechnik.ch\/it\/wp-json\/wp\/v2\/posts\/36897","targetHints":{"allow":["GET"]}}],"collection":[{"href":"https:\/\/verticaltechnik.ch\/it\/wp-json\/wp\/v2\/posts"}],"about":[{"href":"https:\/\/verticaltechnik.ch\/it\/wp-json\/wp\/v2\/types\/post"}],"author":[{"embeddable":true,"href":"https:\/\/verticaltechnik.ch\/it\/wp-json\/wp\/v2\/users\/1"}],"replies":[{"embeddable":true,"href":"https:\/\/verticaltechnik.ch\/it\/wp-json\/wp\/v2\/comments?post=36897"}],"version-history":[{"count":0,"href":"https:\/\/verticaltechnik.ch\/it\/wp-json\/wp\/v2\/posts\/36897\/revisions"}],"wp:featuredmedia":[{"embeddable":true,"href":"https:\/\/verticaltechnik.ch\/it\/wp-json\/wp\/v2\/media\/29578"}],"wp:attachment":[{"href":"https:\/\/verticaltechnik.ch\/it\/wp-json\/wp\/v2\/media?parent=36897"}],"wp:term":[{"taxonomy":"category","embeddable":true,"href":"https:\/\/verticaltechnik.ch\/it\/wp-json\/wp\/v2\/categories?post=36897"},{"taxonomy":"post_tag","embeddable":true,"href":"https:\/\/verticaltechnik.ch\/it\/wp-json\/wp\/v2\/tags?post=36897"},{"taxonomy":"jahr","embeddable":true,"href":"https:\/\/verticaltechnik.ch\/it\/wp-json\/wp\/v2\/jahr?post=36897"},{"taxonomy":"kanton","embeddable":true,"href":"https:\/\/verticaltechnik.ch\/it\/wp-json\/wp\/v2\/kanton?post=36897"},{"taxonomy":"land","embeddable":true,"href":"https:\/\/verticaltechnik.ch\/it\/wp-json\/wp\/v2\/land?post=36897"},{"taxonomy":"anlagentyp","embeddable":true,"href":"https:\/\/verticaltechnik.ch\/it\/wp-json\/wp\/v2\/anlagentyp?post=36897"}],"curies":[{"name":"wp","href":"https:\/\/api.w.org\/{rel}","templated":true}]}}