{"id":36957,"date":"2016-04-30T13:23:46","date_gmt":"2016-04-30T13:23:46","guid":{"rendered":"http:\/\/newvt.verticaltechnik.ch\/news\/ch-crans-pres-celigny-inaugurazione-skatepark\/"},"modified":"2025-11-10T21:52:41","modified_gmt":"2025-11-10T21:52:41","slug":"ch-crans-pres-celigny-inaugurazione-skatepark","status":"publish","type":"post","link":"https:\/\/verticaltechnik.ch\/it\/ch-crans-pres-celigny-inaugurazione-skatepark\/","title":{"rendered":"CH Crans-pr\u00e9s-C\u00e8ligny - Inaugurazione Skatepark"},"content":{"rendered":"[vc_row type=&#8221;in_container&#8221; full_screen_row_position=&#8221;middle&#8221; column_margin=&#8221;default&#8221; column_direction=&#8221;default&#8221; column_direction_tablet=&#8221;default&#8221; column_direction_phone=&#8221;default&#8221; scene_position=&#8221;center&#8221; text_color=&#8221;dark&#8221; text_align=&#8221;left&#8221; row_border_radius=&#8221;none&#8221; row_border_radius_applies=&#8221;bg&#8221; overflow=&#8221;visible&#8221; overlay_strength=&#8221;0.3&#8243; gradient_direction=&#8221;left_to_right&#8221; shape_divider_position=&#8221;bottom&#8221; bg_image_animation=&#8221;none&#8221;][vc_column column_padding=&#8221;no-extra-padding&#8221; column_padding_tablet=&#8221;inherit&#8221; column_padding_phone=&#8221;inherit&#8221; column_padding_position=&#8221;all&#8221; column_element_direction_desktop=&#8221;default&#8221; column_element_spacing=&#8221;default&#8221; desktop_text_alignment=&#8221;default&#8221; tablet_text_alignment=&#8221;default&#8221; phone_text_alignment=&#8221;default&#8221; background_color_opacity=&#8221;1&#8243; background_hover_color_opacity=&#8221;1&#8243; column_backdrop_filter=&#8221;none&#8221; column_shadow=&#8221;none&#8221; column_border_radius=&#8221;none&#8221; column_link_target=&#8221;_self&#8221; column_position=&#8221;default&#8221; gradient_direction=&#8221;left_to_right&#8221; overlay_strength=&#8221;0.3&#8243; width=&#8221;1\/1&#8243; tablet_width_inherit=&#8221;default&#8221; animation_type=&#8221;default&#8221; bg_image_animation=&#8221;none&#8221; border_type=&#8221;simple&#8221; column_border_width=&#8221;none&#8221; column_border_style=&#8221;solid&#8221;][vc_column_text css=&#8221;&#8221; text_direction=&#8221;default&#8221;]\n<p>\nBei unsicherer Wetterlage wurde der Skatepark am 30. April 2016 mit einer Skateboard Session eingeweiht. Dabei f\u00fchrten die lokalen Skater und sechs aus Z\u00fcrich angereiste Skateboard Amateure ihre Tricks auf der Skate Plaza vor. Luca B\u00f6hi, Ben Chamino, Dome Zollinger, Jannick Burri, Simon Garcia und Lucas Maurer testeten den Park auf Herz und Nieren. Es kamen viele Anwohner aus Crans, aber auch Interessierte aus anderen Gemeinden, um das spezielle Projekt zu besichtigen.\n<p>\nDer Projektleiter und Gemeinderat Robert Middleton hielt die Ansprache und verdanke alle Beteiligten. Arthur, der Vizepr\u00e4sident, und Loic, der Pr\u00e4sident des Vereins, beschrieben die Geschichte der Entstehung des Projektes. Das Design wurde von Vertical vorgeschlagen und mit einem Workshop verfeinert.<br\/>Die Gartenbaufirma Boccard hatte alle Erdarbeiten inklusive Vorbereitung der Formen f\u00fcr Vertical erstellt. Somit konnte der Skatepark von Vertical Technik AG in kurzer Zeit realisiert werden. Die Zusammenarbeit ging Hand in Hand und das Resultat wurde fantastisch.<br\/>Der Skatepark konnte ideal in die Landschaft integriert werden. Er besteht aus einem Rundkurs der in beide Richtungen gefahren werden kann. In der Mitte und ringsum wurden Gr\u00fcnfl\u00e4chen sowie Bepflanzungen realisiert. Dieses Projekt hebt sich von den \u201enormalen\u201c Skateparks ab, welche grosse betonierte Fl\u00e4chen aufweisen. Auch wurden einige Elemente aus Granit gebaut, um die Qualit\u00e4t des Projektes anzuheben.<br\/>Bei der Konzeption wurde auch darauf geachtet, dass unterschiedliche Bed\u00fcrfnisse der Benutzer ber\u00fccksichtigt werden. Beim Eingang zum Skatepark wurden Sitzb\u00e4nke und Tische installiert wo sich Zuschauer zu den Jugendlichen gesellen k\u00f6nnen. Neben dem Skatepark wurde ein kleiner Bewegungspark installiert, um auch f\u00fcr die \u00e4lteren Dorfbewohner eine Bewegungsm\u00f6glichkeit zu schaffen. Allerdings freuen sich auch Kinder und Jugendliche \u00fcber diese Ger\u00e4te.\n[vc_gallery css=&#8221;&#8221; type=&#8221;image_grid&#8221; images=&#8221;31119&#8243; image_grid_loading=&#8221;default&#8221; layout=&#8221;4&#8243; item_spacing=&#8221;default&#8221; gallery_style=&#8221;7&#8243; load_in_animation=&#8221;none&#8221;]\n<p>\n<iframe loading=\"lazy\" style=\"border: 0;\" src=\"https:\/\/www.google.com\/maps\/embed?pb=!1m14!1m8!1m3!1d42447.049890919014!2d6.203668!3d46.362996!3m2!1i1024!2i768!4f13.1!3m3!1m2!1s0x478c5d414eb52163%3A0x90cd1cfa4bb5f7f8!2sChemin%20des%20Sports%2C%201299%20Crans-pr%C3%A8s-C%C3%A9ligny!5e1!3m2!1sde!2sch!4v1585296557450!5m2!1sde!2sch\" width=\"800\" height=\"600\" frameborder=\"0\"><\/iframe>\n<p><iframe loading=\"lazy\" src=\"https:\/\/www.youtube.com\/embed\/R28QRnfxfH4\" width=\"800\" height=\"450\" frameborder=\"0\"><\/iframe><\/p>\n<p>&nbsp;<\/p>\n[\/vc_column_text][\/vc_column][\/vc_row]\n","protected":false},"excerpt":{"rendered":"<p>[vc_row type=&#8221;in_container&#8221; full_screen_row_position=&#8221;middle&#8221; column_margin=&#8221;default&#8221; column_direction=&#8221;default&#8221; column_direction_tablet=&#8221;default&#8221; column_direction_phone=&#8221;default&#8221; scene_position=&#8221;center&#8221; text_color=&#8221;dark&#8221; text_align=&#8221;left&#8221; row_border_radius=&#8221;none&#8221; row_border_radius_applies=&#8221;bg&#8221; overflow=&#8221;visible&#8221; overlay_strength=&#8221;0.3&#8243; gradient_direction=&#8221;left_to_right&#8221; shape_divider_position=&#8221;bottom&#8221; bg_image_animation=&#8221;none&#8221;][vc_column column_padding=&#8221;no-extra-padding&#8221; column_padding_tablet=&#8221;inherit&#8221; column_padding_phone=&#8221;inherit&#8221; column_padding_position=&#8221;all&#8221; column_element_direction_desktop=&#8221;default&#8221; column_element_spacing=&#8221;default&#8221; desktop_text_alignment=&#8221;default&#8221; tablet_text_alignment=&#8221;default&#8221; phone_text_alignment=&#8221;default&#8221; background_color_opacity=&#8221;1&#8243; background_hover_color_opacity=&#8221;1&#8243; column_backdrop_filter=&#8221;none&#8221; column_shadow=&#8221;none&#8221;&#8230;<\/p>\n","protected":false},"author":1,"featured_media":31116,"comment_status":"open","ping_status":"open","sticky":false,"template":"","format":"standard","meta":{"footnotes":""},"categories":[10969,10845,10847,10787,10852,10846,10948],"tags":[],"jahr":[11095],"kanton":[11156],"land":[11168],"anlagentyp":[11056],"class_list":{"0":"post-36957","1":"post","2":"type-post","3":"status-publish","4":"format-standard","5":"has-post-thumbnail","7":"category-2016-it","8":"category-cronologia","9":"category-paese","10":"category-parchi-per-skate-in-cemento","11":"category-svizzera","12":"category-tipo-di-impianto","13":"category-vd-it","14":"jahr-2016-it","15":"kanton-vd-it","16":"land-schweiz-it","17":"anlagentyp-beton-skateparks"},"_links":{"self":[{"href":"https:\/\/verticaltechnik.ch\/it\/wp-json\/wp\/v2\/posts\/36957","targetHints":{"allow":["GET"]}}],"collection":[{"href":"https:\/\/verticaltechnik.ch\/it\/wp-json\/wp\/v2\/posts"}],"about":[{"href":"https:\/\/verticaltechnik.ch\/it\/wp-json\/wp\/v2\/types\/post"}],"author":[{"embeddable":true,"href":"https:\/\/verticaltechnik.ch\/it\/wp-json\/wp\/v2\/users\/1"}],"replies":[{"embeddable":true,"href":"https:\/\/verticaltechnik.ch\/it\/wp-json\/wp\/v2\/comments?post=36957"}],"version-history":[{"count":0,"href":"https:\/\/verticaltechnik.ch\/it\/wp-json\/wp\/v2\/posts\/36957\/revisions"}],"wp:featuredmedia":[{"embeddable":true,"href":"https:\/\/verticaltechnik.ch\/it\/wp-json\/wp\/v2\/media\/31116"}],"wp:attachment":[{"href":"https:\/\/verticaltechnik.ch\/it\/wp-json\/wp\/v2\/media?parent=36957"}],"wp:term":[{"taxonomy":"category","embeddable":true,"href":"https:\/\/verticaltechnik.ch\/it\/wp-json\/wp\/v2\/categories?post=36957"},{"taxonomy":"post_tag","embeddable":true,"href":"https:\/\/verticaltechnik.ch\/it\/wp-json\/wp\/v2\/tags?post=36957"},{"taxonomy":"jahr","embeddable":true,"href":"https:\/\/verticaltechnik.ch\/it\/wp-json\/wp\/v2\/jahr?post=36957"},{"taxonomy":"kanton","embeddable":true,"href":"https:\/\/verticaltechnik.ch\/it\/wp-json\/wp\/v2\/kanton?post=36957"},{"taxonomy":"land","embeddable":true,"href":"https:\/\/verticaltechnik.ch\/it\/wp-json\/wp\/v2\/land?post=36957"},{"taxonomy":"anlagentyp","embeddable":true,"href":"https:\/\/verticaltechnik.ch\/it\/wp-json\/wp\/v2\/anlagentyp?post=36957"}],"curies":[{"name":"wp","href":"https:\/\/api.w.org\/{rel}","templated":true}]}}