{"id":36990,"date":"2023-02-01T13:23:46","date_gmt":"2023-02-01T13:23:46","guid":{"rendered":"http:\/\/newvt.verticaltechnik.ch\/news\/ch-landquart-inaugurazione-del-parco-generazionale\/"},"modified":"2025-11-11T13:57:35","modified_gmt":"2025-11-11T13:57:35","slug":"ch-landquart-inaugurazione-del-parco-generazionale","status":"publish","type":"post","link":"https:\/\/verticaltechnik.ch\/it\/ch-landquart-inaugurazione-del-parco-generazionale\/","title":{"rendered":"CH Landquart - Inaugurazione del parco generazionale"},"content":{"rendered":"\n<p>L&#8217;inaugurazione e l&#8217;apertura ufficiali delle nuove strutture ricreative si sono svolte mercoled\u00ec 5 ottobre 2022. Questo nuovo parco generazionale completa il parco giochi esistente tra Igis e Landquart, che \u00e8 gi\u00e0 molto popolare. <\/p>\n\n<p>Vertical ha progettato per il comune di Landquart un parco generazionale all&#8217;avanguardia. Dopo la fase di progettazione, Vertical ha assunto la direzione dei lavori.  <\/p>\n\n<p>Il progetto comprende un pumptrack, una tettoia con tavoli e panche fissi e illuminazione, un&#8217;area street workout, un WC e una fontanella. Per limitare l&#8217;inquinamento acustico che potrebbe verificarsi nelle ore tarde della notte, sono state create delle collinette di terra tra il parco generazionale e le zone residenziali.  <\/p>\n\n<p>Dopo 3 mesi di costruzione, il progetto \u00e8 un successo fin dalla sua apertura. <\/p>\n\n<p>Ringraziamo tutti coloro che hanno partecipato a questo bellissimo progetto, in particolare il comune di Landquart e tutte le aziende (Velosolutions, Willi Holzbau, Toldo Gruppe Landquart, Schaniel Gartenbau, Martin Dietrich Geb\u00e4udetechnik) per la piacevole collaborazione.<\/p>\n\n<p>Indirizzo<br\/>Luxgasse <br\/>CH-7302 Igis<\/p>\n<p><!-- \/wp:post-content -->[vc_gallery css=&#8221;&#8221; type=&#8221;image_grid&#8221; images=&#8221;35305,35309,35313,35319,35323,35325,35329,35333,35343,35345,35344&#8243; image_grid_loading=&#8221;default&#8221; layout=&#8221;4&#8243; item_spacing=&#8221;default&#8221; gallery_style=&#8221;7&#8243; load_in_animation=&#8221;none&#8221;]<!-- wp:html -->\n<iframe src=\"https:\/\/www.google.com\/maps\/embed?pb=!1m14!1m8!1m3!1d3273.1625330715447!2d9.573012!3d46.951901!3m2!1i1024!2i768!4f13.1!3m3!1m2!1s0x4784c98bf5f9643f%3A0x9bf5ddf429107f80!2sPumptrack%20Landquart%20(Igis)!5e1!3m2!1sde!2sch!4v1751644135477!5m2!1sde!2sch\" width=\"600\" height=\"450\" style=\"border:0;\" allowfullscreen=\"\" loading=\"lazy\" referrerpolicy=\"no-referrer-when-downgrade\"><\/iframe>\n<!-- \/wp:html -->","protected":false},"excerpt":{"rendered":"<p>L&#8217;inaugurazione e l&#8217;apertura ufficiali delle nuove strutture ricreative si sono svolte mercoled\u00ec 5 ottobre 2022. Questo nuovo parco generazionale completa il parco giochi esistente tra Igis e Landquart, che \u00e8&#8230;<\/p>\n","protected":false},"author":1,"featured_media":35302,"comment_status":"open","ping_status":"open","sticky":false,"template":"","format":"standard","meta":{"footnotes":""},"categories":[10972,10845,10947,10847,10865,10852,10846],"tags":[],"jahr":[11073],"kanton":[11132],"land":[11168],"anlagentyp":[11207],"class_list":{"0":"post-36990","1":"post","2":"type-post","3":"status-publish","4":"format-standard","5":"has-post-thumbnail","7":"category-2023-it","8":"category-cronologia","9":"category-gr-it","10":"category-paese","11":"category-street-workout-it","12":"category-svizzera","13":"category-tipo-di-impianto","14":"jahr-2023-it","15":"kanton-gr-it","16":"land-schweiz-it","17":"anlagentyp-streetworkout-it"},"_links":{"self":[{"href":"https:\/\/verticaltechnik.ch\/it\/wp-json\/wp\/v2\/posts\/36990","targetHints":{"allow":["GET"]}}],"collection":[{"href":"https:\/\/verticaltechnik.ch\/it\/wp-json\/wp\/v2\/posts"}],"about":[{"href":"https:\/\/verticaltechnik.ch\/it\/wp-json\/wp\/v2\/types\/post"}],"author":[{"embeddable":true,"href":"https:\/\/verticaltechnik.ch\/it\/wp-json\/wp\/v2\/users\/1"}],"replies":[{"embeddable":true,"href":"https:\/\/verticaltechnik.ch\/it\/wp-json\/wp\/v2\/comments?post=36990"}],"version-history":[{"count":0,"href":"https:\/\/verticaltechnik.ch\/it\/wp-json\/wp\/v2\/posts\/36990\/revisions"}],"wp:featuredmedia":[{"embeddable":true,"href":"https:\/\/verticaltechnik.ch\/it\/wp-json\/wp\/v2\/media\/35302"}],"wp:attachment":[{"href":"https:\/\/verticaltechnik.ch\/it\/wp-json\/wp\/v2\/media?parent=36990"}],"wp:term":[{"taxonomy":"category","embeddable":true,"href":"https:\/\/verticaltechnik.ch\/it\/wp-json\/wp\/v2\/categories?post=36990"},{"taxonomy":"post_tag","embeddable":true,"href":"https:\/\/verticaltechnik.ch\/it\/wp-json\/wp\/v2\/tags?post=36990"},{"taxonomy":"jahr","embeddable":true,"href":"https:\/\/verticaltechnik.ch\/it\/wp-json\/wp\/v2\/jahr?post=36990"},{"taxonomy":"kanton","embeddable":true,"href":"https:\/\/verticaltechnik.ch\/it\/wp-json\/wp\/v2\/kanton?post=36990"},{"taxonomy":"land","embeddable":true,"href":"https:\/\/verticaltechnik.ch\/it\/wp-json\/wp\/v2\/land?post=36990"},{"taxonomy":"anlagentyp","embeddable":true,"href":"https:\/\/verticaltechnik.ch\/it\/wp-json\/wp\/v2\/anlagentyp?post=36990"}],"curies":[{"name":"wp","href":"https:\/\/api.w.org\/{rel}","templated":true}]}}