{"id":36999,"date":"2023-02-02T13:23:46","date_gmt":"2023-02-02T13:23:46","guid":{"rendered":"http:\/\/newvt.verticaltechnik.ch\/news\/f-lacanau-pro-evento-miniramp\/"},"modified":"2025-11-11T13:57:32","modified_gmt":"2025-11-11T13:57:32","slug":"f-lacanau-pro-evento-miniramp","status":"publish","type":"post","link":"https:\/\/verticaltechnik.ch\/it\/f-lacanau-pro-evento-miniramp\/","title":{"rendered":"F Lacanau Pro - Evento Miniramp"},"content":{"rendered":"\n<p>Fondato nel 1979, il Cara\u00efbos Lacanau Pro \u00e8 una delle tappe pi\u00f9 antiche del circuito di surf professionale e il fulcro dello sviluppo del surf in Francia e in Europa. Il contest \u00e8 un&#8217;istituzione, attraverso la quale il pubblico ha scoperto Kelly Slater nel 1994, e permette di scoprire le future stelle europee facendole incontrare con i migliori surfisti del mondo. L&#8217;evento \u00e8 organizzato in collaborazione con la World Surf League.   <\/p>\n\n<p>Nell&#8217;ambito del programma di supporto, Vertical Technik AG ha costruito una minirampa Spine larga 9 m con un&#8217;estensione. Su di essa si \u00e8 svolto il Lacanau Pro Spine Attack Skate Contest dal 19 al 20 agosto 2022. Sulla minirampa di Vertical, alcuni dei migliori skater del mondo hanno fatto le loro sessioni. Con un tempo eccellente e molti spettatori, questo evento \u00e8 stato un successo completo.     <\/p>\n\n<p>A sinistra:<\/p>\n<a class=\"wp-block-read-more\" href=\"https:\/\/verticaltechnik.ch\/it\/f-lacanau-pro-evento-miniramp\/\" target=\"_self\">u003Ca href=u0022https:\/\/www.lacanau-pro.com\/u0022 target=u0022_blanku0022 rel=u0022noreferrer noopeneru0022u003Ehttps:\/\/www.lacanau-pro.comu003C\/au003E<span class=\"screen-reader-text\">: F Lacanau Pro - Evento Miniramp<\/span><\/a>\n<p><a href=\"https:\/\/www.worldsurfleague.com\/events\/2022\/qs\/52\/carabos-lacanau-pro\/main\">https:\/\/www.worldsurfleague.com\/events\/2022\/qs\/52\/carabos-lacanau-pro\/main<\/a><\/p>\n<p><!-- \/wp:post-content -->[vc_gallery css=&#8221;&#8221; type=&#8221;image_grid&#8221; images=&#8221;35204,35202&#8243; image_grid_loading=&#8221;default&#8221; layout=&#8221;4&#8243; item_spacing=&#8221;default&#8221; gallery_style=&#8221;7&#8243; load_in_animation=&#8221;none&#8221;]<!-- wp:paragraph {\"translatedWithWPMLTM\":\"1\"} -->\n<p>Foto: Greg Poissonnier<\/p>\n<!-- \/wp:paragraph -->","protected":false},"excerpt":{"rendered":"<p>Fondato nel 1979, il Cara\u00efbos Lacanau Pro \u00e8 una delle tappe pi\u00f9 antiche del circuito di surf professionale e il fulcro dello sviluppo del surf in Francia e in Europa&#8230;.<\/p>\n","protected":false},"author":1,"featured_media":35199,"comment_status":"open","ping_status":"open","sticky":false,"template":"","format":"standard","meta":{"footnotes":""},"categories":[10972,10845,10892,10788,10847,10846],"tags":[],"jahr":[11073],"kanton":[],"land":[11053],"anlagentyp":[11186],"class_list":{"0":"post-36999","1":"post","2":"type-post","3":"status-publish","4":"format-standard","5":"has-post-thumbnail","7":"category-2023-it","8":"category-cronologia","9":"category-eventi","10":"category-francia","11":"category-paese","12":"category-tipo-di-impianto","13":"jahr-2023-it","14":"land-frankreich","15":"anlagentyp-events-it"},"_links":{"self":[{"href":"https:\/\/verticaltechnik.ch\/it\/wp-json\/wp\/v2\/posts\/36999","targetHints":{"allow":["GET"]}}],"collection":[{"href":"https:\/\/verticaltechnik.ch\/it\/wp-json\/wp\/v2\/posts"}],"about":[{"href":"https:\/\/verticaltechnik.ch\/it\/wp-json\/wp\/v2\/types\/post"}],"author":[{"embeddable":true,"href":"https:\/\/verticaltechnik.ch\/it\/wp-json\/wp\/v2\/users\/1"}],"replies":[{"embeddable":true,"href":"https:\/\/verticaltechnik.ch\/it\/wp-json\/wp\/v2\/comments?post=36999"}],"version-history":[{"count":0,"href":"https:\/\/verticaltechnik.ch\/it\/wp-json\/wp\/v2\/posts\/36999\/revisions"}],"wp:featuredmedia":[{"embeddable":true,"href":"https:\/\/verticaltechnik.ch\/it\/wp-json\/wp\/v2\/media\/35199"}],"wp:attachment":[{"href":"https:\/\/verticaltechnik.ch\/it\/wp-json\/wp\/v2\/media?parent=36999"}],"wp:term":[{"taxonomy":"category","embeddable":true,"href":"https:\/\/verticaltechnik.ch\/it\/wp-json\/wp\/v2\/categories?post=36999"},{"taxonomy":"post_tag","embeddable":true,"href":"https:\/\/verticaltechnik.ch\/it\/wp-json\/wp\/v2\/tags?post=36999"},{"taxonomy":"jahr","embeddable":true,"href":"https:\/\/verticaltechnik.ch\/it\/wp-json\/wp\/v2\/jahr?post=36999"},{"taxonomy":"kanton","embeddable":true,"href":"https:\/\/verticaltechnik.ch\/it\/wp-json\/wp\/v2\/kanton?post=36999"},{"taxonomy":"land","embeddable":true,"href":"https:\/\/verticaltechnik.ch\/it\/wp-json\/wp\/v2\/land?post=36999"},{"taxonomy":"anlagentyp","embeddable":true,"href":"https:\/\/verticaltechnik.ch\/it\/wp-json\/wp\/v2\/anlagentyp?post=36999"}],"curies":[{"name":"wp","href":"https:\/\/api.w.org\/{rel}","templated":true}]}}