{"id":37007,"date":"2023-02-10T13:23:46","date_gmt":"2023-02-10T13:23:46","guid":{"rendered":"http:\/\/newvt.verticaltechnik.ch\/news\/ch-chur-impianto-di-street-workout-e-parkour\/"},"modified":"2025-11-11T13:57:27","modified_gmt":"2025-11-11T13:57:27","slug":"ch-chur-impianto-di-street-workout-e-parkour","status":"publish","type":"post","link":"https:\/\/verticaltechnik.ch\/it\/ch-chur-impianto-di-street-workout-e-parkour\/","title":{"rendered":"CH Chur - Impianto di street workout e parkour"},"content":{"rendered":"\n<p>Il 5 novembre 2022 \u00e8 stato ufficialmente inaugurato un moderno impianto sportivo dietro la palestra della scuola Montalin-Quader. La nuova struttura per il tempo libero \u00e8 nata da workshop guidati da Vertical Technik AG con il coinvolgimento degli insegnanti di educazione fisica della scuola, nonch\u00e9 di atleti locali e professionisti. Anche la progettazione specialistica e la progettazione esecutiva sono state curate da Vertical Technik AG.   <\/p>\n\n<p>La precedente struttura esterna dismessa dietro la palestra lascia spazio a qualcosa di nuovo. \u00c8 stata creata un&#8217;offerta di alto livello per l&#8217;educazione fisica scolastica e per il pubblico, disponibile anche al di fuori dell&#8217;orario scolastico.  <\/p>\n\n<p>Il fiore all&#8217;occhiello della struttura per il tempo libero \u00e8 il primo impianto di parkour della citt\u00e0 di Coira. Nel parkour, l&#8217;obiettivo \u00e8 muoversi in modo creativo ed efficiente su aste, muri e altri ostacoli. Come complemento ideale, \u00e8 stato collegato un impianto di street workout. Qui si eseguono esercizi con il proprio peso corporeo.    <\/p>\n\n<p>Dalle trazioni alla sbarra nello street workout al salto gigante negli impianti di parkour, tutto \u00e8 possibile. \u201cIl giardino sul retro di Quader-Montalin \u00e8 diventato un punto d&#8217;incontro per tutti gli appassionati di sport di Coira che amano muoversi o semplicemente guardare.\u201d  <\/p>\n\n<p>Indirizzo<br\/>Schulhaus Quader-Montalin <br\/>Accesso da <br\/>Neubruchstrasse 12-18 <br\/>7000 Chur <\/p>\n<p><!-- \/wp:post-content -->[vc_gallery css=&#8221;&#8221; type=&#8221;image_grid&#8221; images=&#8221;35145,35149,35153,35159,35165,35164,37010,35189,35186,35184,35168,35172&#8243; image_grid_loading=&#8221;default&#8221; layout=&#8221;4&#8243; item_spacing=&#8221;default&#8221; gallery_style=&#8221;7&#8243; load_in_animation=&#8221;none&#8221;]<!-- wp:paragraph -->\n<p><\/p>\n<!-- \/wp:paragraph -->","protected":false},"excerpt":{"rendered":"<p>Il 5 novembre 2022 \u00e8 stato ufficialmente inaugurato un moderno impianto sportivo dietro la palestra della scuola Montalin-Quader. La nuova struttura per il tempo libero \u00e8 nata da workshop guidati&#8230;<\/p>\n","protected":false},"author":1,"featured_media":35141,"comment_status":"open","ping_status":"open","sticky":false,"template":"","format":"standard","meta":{"footnotes":""},"categories":[10972,10845,10947,10974,10847,10865,10852,10846],"tags":[],"jahr":[11073],"kanton":[11132],"land":[11168],"anlagentyp":[11204,11207],"class_list":{"0":"post-37007","1":"post","2":"type-post","3":"status-publish","4":"format-standard","5":"has-post-thumbnail","7":"category-2023-it","8":"category-cronologia","9":"category-gr-it","10":"category-strutture-per-il-parkour","11":"category-paese","12":"category-street-workout-it","13":"category-svizzera","14":"category-tipo-di-impianto","15":"jahr-2023-it","16":"kanton-gr-it","17":"land-schweiz-it","18":"anlagentyp-parkouranlagen-it","19":"anlagentyp-streetworkout-it"},"_links":{"self":[{"href":"https:\/\/verticaltechnik.ch\/it\/wp-json\/wp\/v2\/posts\/37007","targetHints":{"allow":["GET"]}}],"collection":[{"href":"https:\/\/verticaltechnik.ch\/it\/wp-json\/wp\/v2\/posts"}],"about":[{"href":"https:\/\/verticaltechnik.ch\/it\/wp-json\/wp\/v2\/types\/post"}],"author":[{"embeddable":true,"href":"https:\/\/verticaltechnik.ch\/it\/wp-json\/wp\/v2\/users\/1"}],"replies":[{"embeddable":true,"href":"https:\/\/verticaltechnik.ch\/it\/wp-json\/wp\/v2\/comments?post=37007"}],"version-history":[{"count":0,"href":"https:\/\/verticaltechnik.ch\/it\/wp-json\/wp\/v2\/posts\/37007\/revisions"}],"wp:featuredmedia":[{"embeddable":true,"href":"https:\/\/verticaltechnik.ch\/it\/wp-json\/wp\/v2\/media\/35141"}],"wp:attachment":[{"href":"https:\/\/verticaltechnik.ch\/it\/wp-json\/wp\/v2\/media?parent=37007"}],"wp:term":[{"taxonomy":"category","embeddable":true,"href":"https:\/\/verticaltechnik.ch\/it\/wp-json\/wp\/v2\/categories?post=37007"},{"taxonomy":"post_tag","embeddable":true,"href":"https:\/\/verticaltechnik.ch\/it\/wp-json\/wp\/v2\/tags?post=37007"},{"taxonomy":"jahr","embeddable":true,"href":"https:\/\/verticaltechnik.ch\/it\/wp-json\/wp\/v2\/jahr?post=37007"},{"taxonomy":"kanton","embeddable":true,"href":"https:\/\/verticaltechnik.ch\/it\/wp-json\/wp\/v2\/kanton?post=37007"},{"taxonomy":"land","embeddable":true,"href":"https:\/\/verticaltechnik.ch\/it\/wp-json\/wp\/v2\/land?post=37007"},{"taxonomy":"anlagentyp","embeddable":true,"href":"https:\/\/verticaltechnik.ch\/it\/wp-json\/wp\/v2\/anlagentyp?post=37007"}],"curies":[{"name":"wp","href":"https:\/\/api.w.org\/{rel}","templated":true}]}}