{"id":37052,"date":"2025-06-16T13:23:46","date_gmt":"2025-06-16T13:23:46","guid":{"rendered":"http:\/\/newvt.verticaltechnik.ch\/news\/nl-amsterdam-ramp-jam-2025\/"},"modified":"2026-01-15T10:50:05","modified_gmt":"2026-01-15T10:50:05","slug":"nl-amsterdam-ramp-jam-2025","status":"publish","type":"post","link":"https:\/\/verticaltechnik.ch\/it\/nl-amsterdam-ramp-jam-2025\/","title":{"rendered":"NL - Amsterdam Ramp Jam 2025"},"content":{"rendered":"\n<p><strong>NL Amsterdam \u2013 Skateboard Ramp Jam 2025<\/strong><\/p>\n\n<p><strong>Vertical Halfpipe - Contest di skateboard ad Amsterdam: Kingsize Halfpipe di Vertical per l&#8217;Amsterdam Ramp Jam 2025<\/strong><\/p>\n\n<p>Per il rinomato Amsterdam Ramp Jam \u00e8 stata noleggiata la collaudata Kingsize 2 Halfpipe di Vertical. Con una larghezza impressionante di 12 m e un&#8217;altezza di 3,8 m, l&#8217;halfpipe professionale per skateboard ha offerto la piattaforma perfetta per il contest. La rampa \u00e8 stata trasportata dalla Svizzera tramite camion e, sotto la direzione di Paul Heuberger e con il supporto di una crew di skate locale altamente motivata, \u00e8 stata montata in un giorno. Grazie all&#8217;impegno di skateboarder entusiasti che hanno dato una mano, si \u00e8 creato un forte senso di comunit\u00e0. Dopo l&#8217;evento, l&#8217;halfpipe, pesante oltre 10,5 tonnellate, \u00e8 stata smontata in sole cinque ore, una performance da record. Le halfpipe Vertical offrono condizioni ottimali per competizioni, festival ed eventi di skateboard professionali. Scopri di pi\u00f9 sui nostri servizi di noleggio di halfpipe!      <\/p>\n\n<p> <strong><a href=\"https:\/\/verticaltechnik.ch\/de\/kontakt\">Contatto<\/a><\/strong><\/p>\n\n<p><\/p>\n\n<p><strong>Amsterdam Ramp Jam<\/strong><\/p>\n\n<p>Il contest di skateboard faceva parte del World Rookie Tour e offriva ai giovani talenti la possibilit\u00e0 di raccogliere punti importanti per la classifica internazionale. I partecipanti, di et\u00e0 compresa tra i 7 e i 40 anni, sono arrivati, tra gli altri, da Canada, Inghilterra, Finlandia, Danimarca e Paesi Bassi per partecipare insieme a questo evento annuale e celebrare la scena. Un ringraziamento agli organizzatori per averci permesso di far parte dell&#8217;evento con la nostra halfpipe e di conferire cos\u00ec un vero marchio di qualit\u00e0 alla scena dello skateboard.  <\/p>\n<p><!-- \/wp:post-content -->[vc_gallery css=&#8221;&#8221; type=&#8221;image_grid&#8221; images=&#8221;32904,32908,32912,32948,32920,32922,32930,32932,32940,32963,32944,32936,32952,32964,32925,32956,32968&#8243; image_grid_loading=&#8221;default&#8221; layout=&#8221;4&#8243; item_spacing=&#8221;default&#8221; gallery_style=&#8221;7&#8243; load_in_animation=&#8221;none&#8221;]\n<p><!-- wp:paragraph --><\/p>\n<p><!-- \/wp:paragraph --><\/p>\n<p><!-- wp:paragraph --><\/p>\n<p><strong>Risultati Amsterdam Ramp Jam 2025<\/p>\n<p>Masters + Veterans:<\/strong><br \/>1.\u2060 \u2060Jussi Korhonen (FIN)<br \/>2.\u2060 \u2060Greg Nowik (GBR)<br \/>3.\u2060 \u2060Sean Kelly (GBR)<br \/>4.\u2060 \u2060Bob Joosten (FIN\/NED)<br \/>5.\u2060 \u2060Sascha Buttner (GER\/BRA)<br \/>6.\u2060 \u2060Dave Mountain (GBR)<\/p>\n<p><strong>Juniors:<\/strong><br \/>1.\u2060 \u2060Axel Meynaert (BEL)<br \/>2.\u2060 \u2060Owen Proffett (CAN)<br \/>3.\u2060 \u2060Ollie Westendorp (NED)<br \/>4.\u2060 \u2060Vince van Dijk (PRT\/NED)<br \/>5.\u2060 \u2060Gabriel Modaresi (GBR)<br \/>6.\u2060 \u2060Tristan Stone (GBR)<\/p>\n<p><strong>Pro\/Am:<\/strong><br \/>1.\u2060 \u2060Jesse Thomas (GBR)<br \/>2.\u2060 \u2060Jake Anderson (GBR)<br \/>3.\u2060 \u2060Jim Langran (GBR)<br \/>4.\u2060 \u2060Frederik Hoepfner (DEN)<br \/>5.\u2060 \u2060Maddon Proffett (CAN)<br \/>6.\u2060 \u2060Lucio Oliveira (GBR)<br \/>7.\u2060 \u2060Axel Renouil (FRA)<\/p>\n<p><strong>Best Trick: <\/strong>Jake Anderson (GBR)<br \/><strong>Highest Air:<\/strong> Jesse Thomas (GBR)<\/p>\n<p><!-- \/wp:paragraph --><\/p>\n<p><!-- wp:paragraph --><\/p>\n<p><!-- \/wp:paragraph --><\/p>\n<p><!-- wp:paragraph --><\/p>\n<p><strong>Urban Sports Week Amsterdam<\/strong><\/p>\n<p><!-- \/wp:paragraph --><\/p>\n<p><!-- wp:paragraph --><\/p>\n<p>L&#8217;Urban Sports Week \u00e8 stata una parte centrale delle celebrazioni per il 750\u00b0 anniversario della citt\u00e0 di Amsterdam e si \u00e8 svolta dal 16 al 18 maggio 2025 presso il cantiere navale NDSM. Il festival ha attirato appassionati di sport, influencer e fan da tutta Europa e ha offerto un mix diversificato di competizioni, cultura e attivit\u00e0 partecipative. L&#8217;attenzione si \u00e8 concentrata su discipline urbane moderne come skateboard, parkour, BMX, street dance e arrampicata. I momenti salienti includevano gli spettacolari contest di skate e parkour al coperto e le energiche battaglie di street dance nel centro della citt\u00e0. Oltre alle massime prestazioni sportive, si sono svolti numerosi workshop ed eventi comunitari che hanno promosso lo scambio tra atleti e la popolazione locale. \u00c8 stata prestata particolare attenzione ai concetti sostenibili. L&#8217;evento \u00e8 stato considerato un grande successo, con un numero crescente di partecipanti e un feedback costantemente positivo. Ha sottolineato il ruolo di Amsterdam come capitale europea dello sport urbano.       <\/p>\n<p><!-- \/wp:paragraph --><\/p>\n<p><!-- wp:paragraph --><\/p>\n<p><!-- \/wp:paragraph --><\/p>\n<p><!-- wp:paragraph --><\/p>\n<p><strong>FIBA 3&#215;3 World Tour Masters &amp; Women\u2019s Series<\/strong><\/p>\n<p><!-- \/wp:paragraph --><\/p>\n<p><!-- wp:paragraph --><\/p>\n<p>Le migliori squadre internazionali si sono battute per il titolo nel basket 3&#215;3. Le partite sono state intense e hanno attirato numerosi spettatori. Le finali sono state uno dei momenti salienti del fine settimana.  <\/p>\n<p><!-- \/wp:paragraph --><\/p>\n<p><!-- wp:paragraph --><\/p>\n<p><!-- \/wp:paragraph --><\/p>\n<p><!-- wp:paragraph --><\/p>\n<p><strong>FIG Parkour World Cup<\/strong><\/p>\n<p><!-- \/wp:paragraph --><\/p>\n<p><!-- wp:paragraph --><\/p>\n<p>Freerunner provenienti da oltre 25 paesi hanno gareggiato nelle discipline Speed e Freestyle. Particolarmente degne di nota sono le prestazioni di Man e Cordt-Moller, che hanno vinto rispettivamente medaglie d&#8217;oro. <\/p>\n<p><!-- \/wp:paragraph --><\/p>\n<p><!-- wp:paragraph --><\/p>\n<p><!-- \/wp:paragraph --><\/p>\n<p><!-- wp:paragraph --><\/p>\n<p><strong>Amsterdam Breaking Championship<\/strong><\/p>\n<p><!-- \/wp:paragraph --><\/p>\n<p><!-- wp:paragraph --><\/p>\n<p>Il 17 maggio si \u00e8 svolto il torneo di breaking, in cui ballerini e ballerine hanno mostrato le loro abilit\u00e0. L&#8217;evento \u00e8 stato un&#8217;attrazione per il pubblico e ha mostrato la diversit\u00e0 della scena della danza urbana. <\/p>\n<p><!-- \/wp:paragraph --><\/p>\n<p><!-- wp:paragraph --><\/p>\n<p><!-- \/wp:paragraph --><\/p>\n<p><!-- wp:paragraph --><\/p>\n<p><strong>Soulcycle Shred the Shack Contest<\/strong><\/p>\n<p><!-- \/wp:paragraph --><\/p>\n<p><!-- wp:paragraph --><\/p>\n<p>Un contest di BMX freestyle che ha attirato sia professionisti che giovani talenti. In diverse categorie di et\u00e0 e prestazioni, i partecipanti hanno mostrato trucchi e acrobazie impressionanti. <\/p>\n<p><!-- \/wp:paragraph --><\/p>\n<p><!-- wp:paragraph --><\/p>\n<p><!-- \/wp:paragraph --><\/p>\n<p><!-- wp:paragraph --><\/p>\n<p><strong>NDSM Shredfest<\/strong><\/p>\n<p><!-- \/wp:paragraph --><\/p>\n<p><!-- wp:paragraph --><\/p>\n<p>Un evento aperto per skateboard, pattinaggio in linea e BMX. Oltre alle competizioni, c&#8217;erano anche workshop e clinic, particolarmente apprezzati da bambini e ragazzi. <\/p>\n<p><!-- \/wp:paragraph --><\/p>\n<p><!-- wp:paragraph --><\/p>\n<p>L&#8217;USWA 2025 non \u00e8 stato solo un evento sportivo di spicco, ma anche una festa culturale che ha riflesso la diversit\u00e0 e la dinamicit\u00e0 della scena urbana di Amsterdam. Con un mix di competizioni, attivit\u00e0 partecipative ed eventi culturali, ha offerto qualcosa di speciale per ogni visitatore. &nbsp;<a rel=\"noreferrer noopener\" target=\"_blank\" href=\"https:\/\/uswa.nl\/?utm_source=chatgpt.com\">Urban Sports Week Amsterdam<\/a><\/p>\n<p><!-- \/wp:paragraph --><\/p>\n<p><!-- wp:paragraph --><\/p>\n<p>Per ulteriori informazioni e impressioni, visita il sito web ufficiale dell&#8217;USWA: <a rel=\"noreferrer noopener\" target=\"_blank\" href=\"https:\/\/uswa.nl\/\">uswa.nl<\/a>.<\/p>\n<p><!-- \/wp:paragraph --><\/p>\n<p><!-- wp:paragraph --><\/p>\n<p>Credito fotografico: tutte le foto di Rob Rouleaux @robrouleaux<\/p>\n<p><!-- \/wp:paragraph --><\/p>\n<p><!-- wp:paragraph --><\/p>\n<p><strong><a rel=\"noreferrer noopener\" target=\"_blank\" href=\"https:\/\/www.instagram.com\/ndsm\/?hl=de\">@ndsm<\/a><br \/><a rel=\"noreferrer noopener\" target=\"_blank\" href=\"https:\/\/www.instagram.com\/urbansportsweek\/?hl=de\">@urbansportsweek<\/a><br \/><a rel=\"noreferrer noopener\" target=\"_blank\" href=\"https:\/\/www.instagram.com\/worldrookietour\/?hl=de\">@worldrookietour<\/a><br \/><a rel=\"noreferrer noopener\" target=\"_blank\" href=\"https:\/\/www.instagram.com\/3x3unites\/?hl=de\">@3x3unites<\/a><br \/><a rel=\"noreferrer noopener\" target=\"_blank\" href=\"https:\/\/www.instagram.com\/urbansportsamsterdam\/?hl=de\">@urbansportsamsterdam<\/a><br \/><a rel=\"noreferrer noopener\" target=\"_blank\" href=\"https:\/\/www.instagram.com\/happyslams\/?hl=de\">@happyslams<\/a><br \/><a rel=\"noreferrer noopener\" target=\"_blank\" href=\"https:\/\/www.instagram.com\/tigsports_events\/?hl=de\">@tigsports_events<\/a><br \/><a rel=\"noreferrer noopener\" target=\"_blank\" href=\"https:\/\/www.instagram.com\/verticaltechnikag\/?hl=de\">@verticaltechnikag<\/a><br \/><a rel=\"noreferrer noopener\" target=\"_blank\" href=\"https:\/\/www.instagram.com\/on_tevreden\/?hl=de\">@on_tevreden<\/a><br \/><a rel=\"noreferrer noopener\" target=\"_blank\" href=\"https:\/\/www.instagram.com\/topsportadam\/?hl=de\">@topsportadam<\/a><br \/><a rel=\"noreferrer noopener\" target=\"_blank\" href=\"https:\/\/www.instagram.com\/verticalzine\/?hl=de\">@verticalzine<\/a><br \/><a rel=\"noreferrer noopener\" target=\"_blank\" href=\"https:\/\/www.instagram.com\/creamerupcycling\/?hl=de\">@creamerupcycling<\/a><\/strong><\/p>\n<p><!-- \/wp:paragraph --><\/p>\n<p><!-- wp:paragraph --><\/p>\n<p><!-- \/wp:paragraph --><\/p>\n","protected":false},"excerpt":{"rendered":"<p>NL Amsterdam \u2013 Skateboard Ramp Jam 2025 Vertical Halfpipe - Contest di skateboard ad Amsterdam: Kingsize Halfpipe di Vertical per l&#8217;Amsterdam Ramp Jam 2025 Per il rinomato Amsterdam Ramp Jam&#8230;<\/p>\n","protected":false},"author":1,"featured_media":32901,"comment_status":"open","ping_status":"open","sticky":false,"template":"","format":"standard","meta":{"footnotes":""},"categories":[10979,10845,10789,10847,10846],"tags":[],"jahr":[11068],"kanton":[],"land":[11054],"anlagentyp":[],"class_list":{"0":"post-37052","1":"post","2":"type-post","3":"status-publish","4":"format-standard","5":"has-post-thumbnail","7":"category-2025-it","8":"category-cronologia","9":"category-internazionale","10":"category-paese","11":"category-tipo-di-impianto","12":"jahr-2025-it","13":"land-international"},"_links":{"self":[{"href":"https:\/\/verticaltechnik.ch\/it\/wp-json\/wp\/v2\/posts\/37052","targetHints":{"allow":["GET"]}}],"collection":[{"href":"https:\/\/verticaltechnik.ch\/it\/wp-json\/wp\/v2\/posts"}],"about":[{"href":"https:\/\/verticaltechnik.ch\/it\/wp-json\/wp\/v2\/types\/post"}],"author":[{"embeddable":true,"href":"https:\/\/verticaltechnik.ch\/it\/wp-json\/wp\/v2\/users\/1"}],"replies":[{"embeddable":true,"href":"https:\/\/verticaltechnik.ch\/it\/wp-json\/wp\/v2\/comments?post=37052"}],"version-history":[{"count":0,"href":"https:\/\/verticaltechnik.ch\/it\/wp-json\/wp\/v2\/posts\/37052\/revisions"}],"wp:featuredmedia":[{"embeddable":true,"href":"https:\/\/verticaltechnik.ch\/it\/wp-json\/wp\/v2\/media\/32901"}],"wp:attachment":[{"href":"https:\/\/verticaltechnik.ch\/it\/wp-json\/wp\/v2\/media?parent=37052"}],"wp:term":[{"taxonomy":"category","embeddable":true,"href":"https:\/\/verticaltechnik.ch\/it\/wp-json\/wp\/v2\/categories?post=37052"},{"taxonomy":"post_tag","embeddable":true,"href":"https:\/\/verticaltechnik.ch\/it\/wp-json\/wp\/v2\/tags?post=37052"},{"taxonomy":"jahr","embeddable":true,"href":"https:\/\/verticaltechnik.ch\/it\/wp-json\/wp\/v2\/jahr?post=37052"},{"taxonomy":"kanton","embeddable":true,"href":"https:\/\/verticaltechnik.ch\/it\/wp-json\/wp\/v2\/kanton?post=37052"},{"taxonomy":"land","embeddable":true,"href":"https:\/\/verticaltechnik.ch\/it\/wp-json\/wp\/v2\/land?post=37052"},{"taxonomy":"anlagentyp","embeddable":true,"href":"https:\/\/verticaltechnik.ch\/it\/wp-json\/wp\/v2\/anlagentyp?post=37052"}],"curies":[{"name":"wp","href":"https:\/\/api.w.org\/{rel}","templated":true}]}}