{"id":37066,"date":"2018-07-08T13:23:46","date_gmt":"2018-07-08T13:23:46","guid":{"rendered":"http:\/\/newvt.verticaltechnik.ch\/news\/f-biarritz-wheels-and-waves-festival\/"},"modified":"2025-11-11T10:17:36","modified_gmt":"2025-11-11T10:17:36","slug":"f-biarritz-wheels-and-waves-festival","status":"publish","type":"post","link":"https:\/\/verticaltechnik.ch\/it\/f-biarritz-wheels-and-waves-festival\/","title":{"rendered":"F Biarritz - Wheels and Waves Festival"},"content":{"rendered":"[vc_row type=&#8221;in_container&#8221; full_screen_row_position=&#8221;middle&#8221; column_margin=&#8221;default&#8221; column_direction=&#8221;default&#8221; column_direction_tablet=&#8221;default&#8221; column_direction_phone=&#8221;default&#8221; scene_position=&#8221;center&#8221; text_color=&#8221;dark&#8221; text_align=&#8221;left&#8221; row_border_radius=&#8221;none&#8221; row_border_radius_applies=&#8221;bg&#8221; overflow=&#8221;visible&#8221; overlay_strength=&#8221;0.3&#8243; gradient_direction=&#8221;left_to_right&#8221; shape_divider_position=&#8221;bottom&#8221; bg_image_animation=&#8221;none&#8221;][vc_column column_padding=&#8221;no-extra-padding&#8221; column_padding_tablet=&#8221;inherit&#8221; column_padding_phone=&#8221;inherit&#8221; column_padding_position=&#8221;all&#8221; column_element_direction_desktop=&#8221;default&#8221; column_element_spacing=&#8221;default&#8221; desktop_text_alignment=&#8221;default&#8221; tablet_text_alignment=&#8221;default&#8221; phone_text_alignment=&#8221;default&#8221; background_color_opacity=&#8221;1&#8243; background_hover_color_opacity=&#8221;1&#8243; column_backdrop_filter=&#8221;none&#8221; column_shadow=&#8221;none&#8221; column_border_radius=&#8221;none&#8221; column_link_target=&#8221;_self&#8221; column_position=&#8221;default&#8221; gradient_direction=&#8221;left_to_right&#8221; overlay_strength=&#8221;0.3&#8243; width=&#8221;1\/1&#8243; tablet_width_inherit=&#8221;default&#8221; animation_type=&#8221;default&#8221; bg_image_animation=&#8221;none&#8221; border_type=&#8221;simple&#8221; column_border_width=&#8221;none&#8221; column_border_style=&#8221;solid&#8221;][vc_column_text css=&#8221;&#8221; text_direction=&#8221;default&#8221;]\n<p>\nVom 14.-17. Juni 2018 fand legend\u00e4re Motorrad-, Surf- und Skatefestival \u00abWheels and Waves\u00bb im franz\u00f6sischen Biarritz statt.\n<p>\nBiarritz ist der Hotspot f\u00fcr Motorradfahrer und Surfer. Bei toller Stimmung und perfekten Wellen fanden w\u00e4hrend vier Tagen diverse Wettbewerbe und Side Events statt - unter anderem auch ein Skatecontest. Der H\u00f6hepunkt des Skate Contest war der Auftritt der beiden amerikanischen Skate Legenden Steve Caballero und Christian Hosoi. Die Minirampe welche am Event zum Einsatz kam, wurde von der Vertical Technik AG geliefert.\n<p>\nWir freuen uns dar\u00fcber diesen Event beliefert zu haben und bedanken uns bei den Organisatoren f\u00fcr das Vertrauen.\n<p>\u00a0<\/p>\n<p>\n<strong><a href=\"https:\/\/www.wheels-and-waves.com\/\" target=\"_blank\" rel=\"noreferrer noopener\">Homepage Event<\/a><\/strong><br\/><strong><a href=\"https:\/\/youtu.be\/g3xv7ZVABmw\" target=\"_blank\" rel=\"noreferrer noopener\">Video Skatecontest<\/a><\/strong><br\/><strong><a href=\"https:\/\/www.youtube.com\/watch?v=-oX-Zu8675M\" target=\"_blank\" rel=\"noreferrer noopener\">Video Event<\/a><\/strong><br\/><strong><a href=\"https:\/\/www.stevecaballero.com\/\" target=\"_blank\" rel=\"noreferrer noopener\">Steve Caballero<\/a><\/strong><br\/><strong><a href=\"https:\/\/de.wikipedia.org\/wiki\/Christian_Hosoi\" target=\"_blank\" rel=\"noreferrer noopener\">Christian Hosoi<\/a><\/strong>\n[vc_gallery css=&#8221;&#8221; type=&#8221;image_grid&#8221; images=&#8221;32872&#8243; image_grid_loading=&#8221;default&#8221; layout=&#8221;4&#8243; item_spacing=&#8221;default&#8221; gallery_style=&#8221;7&#8243; load_in_animation=&#8221;none&#8221;]\n<p>\n<iframe loading=\"lazy\" src=\"https:\/\/www.youtube.com\/embed\/-oX-Zu8675M?start=402\" width=\"800\" height=\"450\" frameborder=\"0\"><\/iframe>\n<p>&nbsp;<\/p>\n[\/vc_column_text][\/vc_column][\/vc_row]\n","protected":false},"excerpt":{"rendered":"<p>[vc_row type=&#8221;in_container&#8221; full_screen_row_position=&#8221;middle&#8221; column_margin=&#8221;default&#8221; column_direction=&#8221;default&#8221; column_direction_tablet=&#8221;default&#8221; column_direction_phone=&#8221;default&#8221; scene_position=&#8221;center&#8221; text_color=&#8221;dark&#8221; text_align=&#8221;left&#8221; row_border_radius=&#8221;none&#8221; row_border_radius_applies=&#8221;bg&#8221; overflow=&#8221;visible&#8221; overlay_strength=&#8221;0.3&#8243; gradient_direction=&#8221;left_to_right&#8221; shape_divider_position=&#8221;bottom&#8221; bg_image_animation=&#8221;none&#8221;][vc_column column_padding=&#8221;no-extra-padding&#8221; column_padding_tablet=&#8221;inherit&#8221; column_padding_phone=&#8221;inherit&#8221; column_padding_position=&#8221;all&#8221; column_element_direction_desktop=&#8221;default&#8221; column_element_spacing=&#8221;default&#8221; desktop_text_alignment=&#8221;default&#8221; tablet_text_alignment=&#8221;default&#8221; phone_text_alignment=&#8221;default&#8221; background_color_opacity=&#8221;1&#8243; background_hover_color_opacity=&#8221;1&#8243; column_backdrop_filter=&#8221;none&#8221; column_shadow=&#8221;none&#8221;&#8230;<\/p>\n","protected":false},"author":1,"featured_media":32869,"comment_status":"open","ping_status":"open","sticky":false,"template":"","format":"standard","meta":{"footnotes":""},"categories":[10982,10845,10892,10788,10847,10851,10846],"tags":[],"jahr":[11089],"kanton":[],"land":[11053],"anlagentyp":[11186,11201],"class_list":{"0":"post-37066","1":"post","2":"type-post","3":"status-publish","4":"format-standard","5":"has-post-thumbnail","7":"category-2018-it","8":"category-cronologia","9":"category-eventi","10":"category-francia","11":"category-paese","12":"category-parchi-skate-mobili","13":"category-tipo-di-impianto","14":"jahr-2018-it","15":"land-frankreich","16":"anlagentyp-events-it","17":"anlagentyp-mobile-skateanlagen-it"},"_links":{"self":[{"href":"https:\/\/verticaltechnik.ch\/it\/wp-json\/wp\/v2\/posts\/37066","targetHints":{"allow":["GET"]}}],"collection":[{"href":"https:\/\/verticaltechnik.ch\/it\/wp-json\/wp\/v2\/posts"}],"about":[{"href":"https:\/\/verticaltechnik.ch\/it\/wp-json\/wp\/v2\/types\/post"}],"author":[{"embeddable":true,"href":"https:\/\/verticaltechnik.ch\/it\/wp-json\/wp\/v2\/users\/1"}],"replies":[{"embeddable":true,"href":"https:\/\/verticaltechnik.ch\/it\/wp-json\/wp\/v2\/comments?post=37066"}],"version-history":[{"count":0,"href":"https:\/\/verticaltechnik.ch\/it\/wp-json\/wp\/v2\/posts\/37066\/revisions"}],"wp:featuredmedia":[{"embeddable":true,"href":"https:\/\/verticaltechnik.ch\/it\/wp-json\/wp\/v2\/media\/32869"}],"wp:attachment":[{"href":"https:\/\/verticaltechnik.ch\/it\/wp-json\/wp\/v2\/media?parent=37066"}],"wp:term":[{"taxonomy":"category","embeddable":true,"href":"https:\/\/verticaltechnik.ch\/it\/wp-json\/wp\/v2\/categories?post=37066"},{"taxonomy":"post_tag","embeddable":true,"href":"https:\/\/verticaltechnik.ch\/it\/wp-json\/wp\/v2\/tags?post=37066"},{"taxonomy":"jahr","embeddable":true,"href":"https:\/\/verticaltechnik.ch\/it\/wp-json\/wp\/v2\/jahr?post=37066"},{"taxonomy":"kanton","embeddable":true,"href":"https:\/\/verticaltechnik.ch\/it\/wp-json\/wp\/v2\/kanton?post=37066"},{"taxonomy":"land","embeddable":true,"href":"https:\/\/verticaltechnik.ch\/it\/wp-json\/wp\/v2\/land?post=37066"},{"taxonomy":"anlagentyp","embeddable":true,"href":"https:\/\/verticaltechnik.ch\/it\/wp-json\/wp\/v2\/anlagentyp?post=37066"}],"curies":[{"name":"wp","href":"https:\/\/api.w.org\/{rel}","templated":true}]}}