{"id":37100,"date":"2018-11-06T13:23:46","date_gmt":"2018-11-06T13:23:46","guid":{"rendered":"http:\/\/newvt.verticaltechnik.ch\/news\/d-schopfheim-parco-skate-in-cemento-2\/"},"modified":"2025-11-11T10:18:19","modified_gmt":"2025-11-11T10:18:19","slug":"d-schopfheim-parco-skate-in-cemento-2","status":"publish","type":"post","link":"https:\/\/verticaltechnik.ch\/it\/d-schopfheim-parco-skate-in-cemento-2\/","title":{"rendered":"D Schopfheim - Parco skate in cemento"},"content":{"rendered":"[vc_row type=&#8221;in_container&#8221; full_screen_row_position=&#8221;middle&#8221; column_margin=&#8221;default&#8221; column_direction=&#8221;default&#8221; column_direction_tablet=&#8221;default&#8221; column_direction_phone=&#8221;default&#8221; scene_position=&#8221;center&#8221; text_color=&#8221;dark&#8221; text_align=&#8221;left&#8221; row_border_radius=&#8221;none&#8221; row_border_radius_applies=&#8221;bg&#8221; overflow=&#8221;visible&#8221; overlay_strength=&#8221;0.3&#8243; gradient_direction=&#8221;left_to_right&#8221; shape_divider_position=&#8221;bottom&#8221; bg_image_animation=&#8221;none&#8221;][vc_column column_padding=&#8221;no-extra-padding&#8221; column_padding_tablet=&#8221;inherit&#8221; column_padding_phone=&#8221;inherit&#8221; column_padding_position=&#8221;all&#8221; column_element_direction_desktop=&#8221;default&#8221; column_element_spacing=&#8221;default&#8221; desktop_text_alignment=&#8221;default&#8221; tablet_text_alignment=&#8221;default&#8221; phone_text_alignment=&#8221;default&#8221; background_color_opacity=&#8221;1&#8243; background_hover_color_opacity=&#8221;1&#8243; column_backdrop_filter=&#8221;none&#8221; column_shadow=&#8221;none&#8221; column_border_radius=&#8221;none&#8221; column_link_target=&#8221;_self&#8221; column_position=&#8221;default&#8221; gradient_direction=&#8221;left_to_right&#8221; overlay_strength=&#8221;0.3&#8243; width=&#8221;1\/1&#8243; tablet_width_inherit=&#8221;default&#8221; animation_type=&#8221;default&#8221; bg_image_animation=&#8221;none&#8221; border_type=&#8221;simple&#8221; column_border_width=&#8221;none&#8221; column_border_style=&#8221;solid&#8221;][vc_column_text css=&#8221;&#8221; text_direction=&#8221;default&#8221;]\n<p>\nAm 30. September 2018 fand die Er\u00f6ffnung des neuen Beton Skatepark in Schopfheim statt. Der Standort ist beim Schopfheimer S-Bahn-Halt West. Bis sp\u00e4t in die Abendstunden wurde der 700 m2 Skatepark getestet, welcher von Vertical Technik AG aus Frenkendorf geplant und von Maxi H\u00e4ring aus M\u00fcnchen gebaut wurde. Der Skatepark beherbergt eine Bowl, ein Triple-Set mit Handrails und Hubbas, ein A-Frame, ein Manual-Pad mit Slappy-Curb. Geplant wurde die Anlage zusammen mit den lokalen Skatern und dem Jugendparlament im Workshop Modus mit Vertical. F\u00fcr den Bau wurden 180 Kubikmeter Beton und 4 Tonnen Stahl verbaut. Bei den Nutzern st\u00f6sst der neue Skatepark auf grosse Begeisterung. Trotz des grossen Ansturms am Er\u00f6ffnungstag war die Stimmung bestens:\n<p>\n<strong>Jacob, 23 Jahre, Schopfheim:<\/strong> Die Anlage ist phantastisch. Echt geil, dass das nach diesen vielen Jahren geklappt hat. Ich konnte bei der Planung dabei sein, und muss sagen: Der Park ist besser geworden, als wir uns das je ertr\u00e4umt h\u00e4tten. Meiner Meinung nach ist das hier der beste Skatepark in der Gegend. Jedes Element kann man zum Beispiel nicht nur auf eine Art befahren, sondern super vielseitig. Und wir haben eine Bowl, was supercool ist. Das ist der einzige nicht-kommerzielle Skatepark hier in der Gegend. \u00abBadische Zeitung vom 1.10.2018\u00bb\n<p>\n<br\/><strong>Kalle, 14 Jahre, Schallbach:<\/strong> Das ist ein richtig cooler Park hier \u2013 macht mega Spa\u00df und ist gratis. Die Bahn ist richtig gut zu fahren: Sie wird sehr schnell, man kann gut springen. Ist halt ein bisschen viel los grad, aber macht Spa\u00df. \u00abBadische Zeitung vom 1.10.2018\u00bb\n<p>\n<br\/>Die Vertical Technik AG bedankt sich bei allen Beteiligten f\u00fcr die angenehme Zusammenarbeit!\n<p><strong><a href=\"http:\/\/www.badische-zeitung.de\/schopfheim\/so-gut-kommt-schopfheims-neuer-skaterpark-bei-den-skatern-an\" target=\"_blank\" rel=\"noreferrer noopener\">Articolo di giornale<\/a><\/strong><\/p>\n<p>Posizione:<br\/>Hohe-Flum-Strasse<br\/>79650 Schopfheim<\/p>\n[vc_gallery css=&#8221;&#8221; type=&#8221;image_grid&#8221; images=&#8221;32200,32205,32209,32213,32217,32221,32225,32229,32233,32237,32241,32245,32249,32253,32257,32261,32265,32269,32273,32277,32281,32285,32289,32293,32297,32301,32305,32309,32313,32317,32321,32325,32329,32333,32337,32341,32345,32349,32353,32357,32361,32365,32369,32373,32377,32381,32385,32389,32393,32397&#8243; image_grid_loading=&#8221;default&#8221; layout=&#8221;4&#8243; item_spacing=&#8221;default&#8221; gallery_style=&#8221;7&#8243; load_in_animation=&#8221;none&#8221;]\n<p>\n<iframe loading=\"lazy\" src=\"https:\/\/www.youtube.com\/embed\/f8fJlMsu1iw\" width=\"800\" height=\"450\" frameborder=\"0\"><\/iframe>\n<p><iframe loading=\"lazy\" style=\"border: 0;\" src=\"https:\/\/www.google.com\/maps\/embed?pb=!4v1583323779880!6m8!1m7!1sCAoSLEFGMVFpcE1WdV9SNlNienh5Y29fN0J6d3ZnbnV5MVdXLTFjYWtGNmVhanN0!2m2!1d47.64578130051936!2d7.798923701047896!3f177.26179304907947!4f1.2402734892976213!5f0.4000000000000002\" width=\"800\" height=\"600\" frameborder=\"0\"><\/iframe><\/p>\n<p>&nbsp;<\/p>\n[\/vc_column_text][\/vc_column][\/vc_row]\n","protected":false},"excerpt":{"rendered":"<p>[vc_row type=&#8221;in_container&#8221; full_screen_row_position=&#8221;middle&#8221; column_margin=&#8221;default&#8221; column_direction=&#8221;default&#8221; column_direction_tablet=&#8221;default&#8221; column_direction_phone=&#8221;default&#8221; scene_position=&#8221;center&#8221; text_color=&#8221;dark&#8221; text_align=&#8221;left&#8221; row_border_radius=&#8221;none&#8221; row_border_radius_applies=&#8221;bg&#8221; overflow=&#8221;visible&#8221; overlay_strength=&#8221;0.3&#8243; gradient_direction=&#8221;left_to_right&#8221; shape_divider_position=&#8221;bottom&#8221; bg_image_animation=&#8221;none&#8221;][vc_column column_padding=&#8221;no-extra-padding&#8221; column_padding_tablet=&#8221;inherit&#8221; column_padding_phone=&#8221;inherit&#8221; column_padding_position=&#8221;all&#8221; column_element_direction_desktop=&#8221;default&#8221; column_element_spacing=&#8221;default&#8221; desktop_text_alignment=&#8221;default&#8221; tablet_text_alignment=&#8221;default&#8221; phone_text_alignment=&#8221;default&#8221; background_color_opacity=&#8221;1&#8243; background_hover_color_opacity=&#8221;1&#8243; column_backdrop_filter=&#8221;none&#8221; column_shadow=&#8221;none&#8221;&#8230;<\/p>\n","protected":false},"author":1,"featured_media":32197,"comment_status":"open","ping_status":"open","sticky":false,"template":"","format":"standard","meta":{"footnotes":""},"categories":[10982,10845,10933,10847,10787,10846],"tags":[],"jahr":[11089],"kanton":[],"land":[11172],"anlagentyp":[11056],"class_list":{"0":"post-37100","1":"post","2":"type-post","3":"status-publish","4":"format-standard","5":"has-post-thumbnail","7":"category-2018-it","8":"category-cronologia","9":"category-germania","10":"category-paese","11":"category-parchi-per-skate-in-cemento","12":"category-tipo-di-impianto","13":"jahr-2018-it","14":"land-deutschland-it","15":"anlagentyp-beton-skateparks"},"_links":{"self":[{"href":"https:\/\/verticaltechnik.ch\/it\/wp-json\/wp\/v2\/posts\/37100","targetHints":{"allow":["GET"]}}],"collection":[{"href":"https:\/\/verticaltechnik.ch\/it\/wp-json\/wp\/v2\/posts"}],"about":[{"href":"https:\/\/verticaltechnik.ch\/it\/wp-json\/wp\/v2\/types\/post"}],"author":[{"embeddable":true,"href":"https:\/\/verticaltechnik.ch\/it\/wp-json\/wp\/v2\/users\/1"}],"replies":[{"embeddable":true,"href":"https:\/\/verticaltechnik.ch\/it\/wp-json\/wp\/v2\/comments?post=37100"}],"version-history":[{"count":0,"href":"https:\/\/verticaltechnik.ch\/it\/wp-json\/wp\/v2\/posts\/37100\/revisions"}],"wp:featuredmedia":[{"embeddable":true,"href":"https:\/\/verticaltechnik.ch\/it\/wp-json\/wp\/v2\/media\/32197"}],"wp:attachment":[{"href":"https:\/\/verticaltechnik.ch\/it\/wp-json\/wp\/v2\/media?parent=37100"}],"wp:term":[{"taxonomy":"category","embeddable":true,"href":"https:\/\/verticaltechnik.ch\/it\/wp-json\/wp\/v2\/categories?post=37100"},{"taxonomy":"post_tag","embeddable":true,"href":"https:\/\/verticaltechnik.ch\/it\/wp-json\/wp\/v2\/tags?post=37100"},{"taxonomy":"jahr","embeddable":true,"href":"https:\/\/verticaltechnik.ch\/it\/wp-json\/wp\/v2\/jahr?post=37100"},{"taxonomy":"kanton","embeddable":true,"href":"https:\/\/verticaltechnik.ch\/it\/wp-json\/wp\/v2\/kanton?post=37100"},{"taxonomy":"land","embeddable":true,"href":"https:\/\/verticaltechnik.ch\/it\/wp-json\/wp\/v2\/land?post=37100"},{"taxonomy":"anlagentyp","embeddable":true,"href":"https:\/\/verticaltechnik.ch\/it\/wp-json\/wp\/v2\/anlagentyp?post=37100"}],"curies":[{"name":"wp","href":"https:\/\/api.w.org\/{rel}","templated":true}]}}