{"id":37144,"date":"2017-06-23T13:23:46","date_gmt":"2017-06-23T13:23:46","guid":{"rendered":"http:\/\/newvt.verticaltechnik.ch\/news\/ch-collonge-bellerive-ge-skatepark-in-cemento\/"},"modified":"2025-11-11T10:19:31","modified_gmt":"2025-11-11T10:19:31","slug":"ch-collonge-bellerive-ge-skatepark-in-cemento","status":"publish","type":"post","link":"https:\/\/verticaltechnik.ch\/it\/ch-collonge-bellerive-ge-skatepark-in-cemento\/","title":{"rendered":"CH Collonge-Bellerive GE - Skatepark in cemento"},"content":{"rendered":"[vc_row type=&#8221;in_container&#8221; full_screen_row_position=&#8221;middle&#8221; column_margin=&#8221;default&#8221; column_direction=&#8221;default&#8221; column_direction_tablet=&#8221;default&#8221; column_direction_phone=&#8221;default&#8221; scene_position=&#8221;center&#8221; text_color=&#8221;dark&#8221; text_align=&#8221;left&#8221; row_border_radius=&#8221;none&#8221; row_border_radius_applies=&#8221;bg&#8221; overflow=&#8221;visible&#8221; overlay_strength=&#8221;0.3&#8243; gradient_direction=&#8221;left_to_right&#8221; shape_divider_position=&#8221;bottom&#8221; bg_image_animation=&#8221;none&#8221;][vc_column column_padding=&#8221;no-extra-padding&#8221; column_padding_tablet=&#8221;inherit&#8221; column_padding_phone=&#8221;inherit&#8221; column_padding_position=&#8221;all&#8221; column_element_direction_desktop=&#8221;default&#8221; column_element_spacing=&#8221;default&#8221; desktop_text_alignment=&#8221;default&#8221; tablet_text_alignment=&#8221;default&#8221; phone_text_alignment=&#8221;default&#8221; background_color_opacity=&#8221;1&#8243; background_hover_color_opacity=&#8221;1&#8243; column_backdrop_filter=&#8221;none&#8221; column_shadow=&#8221;none&#8221; column_border_radius=&#8221;none&#8221; column_link_target=&#8221;_self&#8221; column_position=&#8221;default&#8221; gradient_direction=&#8221;left_to_right&#8221; overlay_strength=&#8221;0.3&#8243; width=&#8221;1\/1&#8243; tablet_width_inherit=&#8221;default&#8221; animation_type=&#8221;default&#8221; bg_image_animation=&#8221;none&#8221; border_type=&#8221;simple&#8221; column_border_width=&#8221;none&#8221; column_border_style=&#8221;solid&#8221;][vc_column_text css=&#8221;&#8221; text_direction=&#8221;default&#8221;]\n<p>\nAm Dienstag den 22. M\u00e4rz 2016 war es soweit. Die Minirampe wurde durch die Monteure von Vertical Vertical hat einen Beton-Skatepark in Collonge-Bellerive bei Genf gebaut.\n<p>\nDer Skatepark befindet sich neben dem Kulturzentrum Epicentre. Er erstreckt sich \u00fcber ca. 370m2 und besteht aus einem Flowpark und einem Street Bereich. Der Flowpark besteht aus Rundungen, Wellen und Hips. Im Corner ist ein Pool Coping aus Beton eingebaut. Im Street Bereich befinden sich mehrere Curbs, darunter zwei aus Granit, ein Manual Pd, eine China Bank aus roten Backsteinen, eine Hip Bank mit einem Granit Parking Curb und ein Rundrail aus massivem Granit. Das Gesamte Set Up ist sowohl f\u00fcr Anf\u00e4nger als auch erfahrene Fahrer geeignet. Es bestehen viele M\u00f6glichkeiten um Lines zu fahren.\n<p>Contesto del progetto:<br\/>Vertical \u00e8 stata contattata dall&#8217;associazione ginevrina O.G.Skate nel marzo 2016 per contribuire alla progettazione del futuro skatepark di Collonge-Bellerive. La citt\u00e0 ha incaricato Vertical di organizzare un workshop con i giovani dell&#8217;associazione, che avevano gi\u00e0 realizzato un bozzetto del progetto. L&#8217;obiettivo era quello di creare uno skatepark versatile con street e flowpark, che coprisse tutti i livelli. La China Bank con i mattoni rossi e gli elementi in granito conferiscono un tocco di originalit\u00e0 al progetto. Il progetto \u00e8 stato infine commissionato all&#8217;inizio del 2017 e i lavori sono iniziati all&#8217;inizio di maggio.    <\/p>\n<p>Un ringraziamento per l&#8217;eccellente collaborazione durante l&#8217;intero progetto all&#8217;associazione<strong> <a href=\"https:\/\/www.facebook.com\/OrganismeGenevoisduSkate\/\" target=\"_blank\" rel=\"noreferrer noopener\">O.G. Skate<\/a><\/strong> e al comune di Collonge-Bellerive, in particolare al signor Lucchi.<\/p>\n<p>Indirizzo:<br\/>Chemin de Mancy 61<br\/>1245 Collonge-Bellerive<\/p>\n[vc_gallery css=&#8221;&#8221; type=&#8221;image_grid&#8221; images=&#8221;31720,31724,31728,31733,31737,31741,31745,31749,31753,31757,31761,31765,31769,31773,31777,31781,31785,31789,31793,31797&#8243; image_grid_loading=&#8221;default&#8221; layout=&#8221;4&#8243; item_spacing=&#8221;default&#8221; gallery_style=&#8221;7&#8243; load_in_animation=&#8221;none&#8221;]\n<p>\n<iframe loading=\"lazy\" src=\"https:\/\/www.youtube.com\/embed\/gB-uU9KxZvc\" width=\"800\" height=\"450\" frameborder=\"0\"><\/iframe> <iframe loading=\"lazy\" src=\"https:\/\/www.youtube.com\/embed\/zmRrXfVRgY8\" width=\"800\" height=\"450\" frameborder=\"0\"><\/iframe> \n<p>&nbsp;<\/p>\n[\/vc_column_text][\/vc_column][\/vc_row]\n","protected":false},"excerpt":{"rendered":"<p>[vc_row type=&#8221;in_container&#8221; full_screen_row_position=&#8221;middle&#8221; column_margin=&#8221;default&#8221; column_direction=&#8221;default&#8221; column_direction_tablet=&#8221;default&#8221; column_direction_phone=&#8221;default&#8221; scene_position=&#8221;center&#8221; text_color=&#8221;dark&#8221; text_align=&#8221;left&#8221; row_border_radius=&#8221;none&#8221; row_border_radius_applies=&#8221;bg&#8221; overflow=&#8221;visible&#8221; overlay_strength=&#8221;0.3&#8243; gradient_direction=&#8221;left_to_right&#8221; shape_divider_position=&#8221;bottom&#8221; bg_image_animation=&#8221;none&#8221;][vc_column column_padding=&#8221;no-extra-padding&#8221; column_padding_tablet=&#8221;inherit&#8221; column_padding_phone=&#8221;inherit&#8221; column_padding_position=&#8221;all&#8221; column_element_direction_desktop=&#8221;default&#8221; column_element_spacing=&#8221;default&#8221; desktop_text_alignment=&#8221;default&#8221; tablet_text_alignment=&#8221;default&#8221; phone_text_alignment=&#8221;default&#8221; background_color_opacity=&#8221;1&#8243; background_hover_color_opacity=&#8221;1&#8243; column_backdrop_filter=&#8221;none&#8221; column_shadow=&#8221;none&#8221;&#8230;<\/p>\n","protected":false},"author":1,"featured_media":31717,"comment_status":"open","ping_status":"open","sticky":false,"template":"","format":"standard","meta":{"footnotes":""},"categories":[10970,10845,10909,10847,10787,10852,10846],"tags":[],"jahr":[11092],"kanton":[11129],"land":[11168],"anlagentyp":[11056],"class_list":{"0":"post-37144","1":"post","2":"type-post","3":"status-publish","4":"format-standard","5":"has-post-thumbnail","7":"category-2017-it","8":"category-cronologia","9":"category-ge-it","10":"category-paese","11":"category-parchi-per-skate-in-cemento","12":"category-svizzera","13":"category-tipo-di-impianto","14":"jahr-2017-it","15":"kanton-ge-it","16":"land-schweiz-it","17":"anlagentyp-beton-skateparks"},"_links":{"self":[{"href":"https:\/\/verticaltechnik.ch\/it\/wp-json\/wp\/v2\/posts\/37144","targetHints":{"allow":["GET"]}}],"collection":[{"href":"https:\/\/verticaltechnik.ch\/it\/wp-json\/wp\/v2\/posts"}],"about":[{"href":"https:\/\/verticaltechnik.ch\/it\/wp-json\/wp\/v2\/types\/post"}],"author":[{"embeddable":true,"href":"https:\/\/verticaltechnik.ch\/it\/wp-json\/wp\/v2\/users\/1"}],"replies":[{"embeddable":true,"href":"https:\/\/verticaltechnik.ch\/it\/wp-json\/wp\/v2\/comments?post=37144"}],"version-history":[{"count":0,"href":"https:\/\/verticaltechnik.ch\/it\/wp-json\/wp\/v2\/posts\/37144\/revisions"}],"wp:featuredmedia":[{"embeddable":true,"href":"https:\/\/verticaltechnik.ch\/it\/wp-json\/wp\/v2\/media\/31717"}],"wp:attachment":[{"href":"https:\/\/verticaltechnik.ch\/it\/wp-json\/wp\/v2\/media?parent=37144"}],"wp:term":[{"taxonomy":"category","embeddable":true,"href":"https:\/\/verticaltechnik.ch\/it\/wp-json\/wp\/v2\/categories?post=37144"},{"taxonomy":"post_tag","embeddable":true,"href":"https:\/\/verticaltechnik.ch\/it\/wp-json\/wp\/v2\/tags?post=37144"},{"taxonomy":"jahr","embeddable":true,"href":"https:\/\/verticaltechnik.ch\/it\/wp-json\/wp\/v2\/jahr?post=37144"},{"taxonomy":"kanton","embeddable":true,"href":"https:\/\/verticaltechnik.ch\/it\/wp-json\/wp\/v2\/kanton?post=37144"},{"taxonomy":"land","embeddable":true,"href":"https:\/\/verticaltechnik.ch\/it\/wp-json\/wp\/v2\/land?post=37144"},{"taxonomy":"anlagentyp","embeddable":true,"href":"https:\/\/verticaltechnik.ch\/it\/wp-json\/wp\/v2\/anlagentyp?post=37144"}],"curies":[{"name":"wp","href":"https:\/\/api.w.org\/{rel}","templated":true}]}}