{"id":37156,"date":"2017-07-17T13:23:46","date_gmt":"2017-07-17T13:23:46","guid":{"rendered":"http:\/\/newvt.verticaltechnik.ch\/news\/ch-morges-street-skatepark\/"},"modified":"2025-11-11T10:19:34","modified_gmt":"2025-11-11T10:19:34","slug":"ch-morges-street-skatepark","status":"publish","type":"post","link":"https:\/\/verticaltechnik.ch\/it\/ch-morges-street-skatepark\/","title":{"rendered":"CH Morges - Street Skatepark"},"content":{"rendered":"[vc_row type=&#8221;in_container&#8221; full_screen_row_position=&#8221;middle&#8221; column_margin=&#8221;default&#8221; column_direction=&#8221;default&#8221; column_direction_tablet=&#8221;default&#8221; column_direction_phone=&#8221;default&#8221; scene_position=&#8221;center&#8221; text_color=&#8221;dark&#8221; text_align=&#8221;left&#8221; row_border_radius=&#8221;none&#8221; row_border_radius_applies=&#8221;bg&#8221; overflow=&#8221;visible&#8221; overlay_strength=&#8221;0.3&#8243; gradient_direction=&#8221;left_to_right&#8221; shape_divider_position=&#8221;bottom&#8221; bg_image_animation=&#8221;none&#8221;][vc_column column_padding=&#8221;no-extra-padding&#8221; column_padding_tablet=&#8221;inherit&#8221; column_padding_phone=&#8221;inherit&#8221; column_padding_position=&#8221;all&#8221; column_element_direction_desktop=&#8221;default&#8221; column_element_spacing=&#8221;default&#8221; desktop_text_alignment=&#8221;default&#8221; tablet_text_alignment=&#8221;default&#8221; phone_text_alignment=&#8221;default&#8221; background_color_opacity=&#8221;1&#8243; background_hover_color_opacity=&#8221;1&#8243; column_backdrop_filter=&#8221;none&#8221; column_shadow=&#8221;none&#8221; column_border_radius=&#8221;none&#8221; column_link_target=&#8221;_self&#8221; column_position=&#8221;default&#8221; gradient_direction=&#8221;left_to_right&#8221; overlay_strength=&#8221;0.3&#8243; width=&#8221;1\/1&#8243; tablet_width_inherit=&#8221;default&#8221; animation_type=&#8221;default&#8221; bg_image_animation=&#8221;none&#8221; border_type=&#8221;simple&#8221; column_border_width=&#8221;none&#8221; column_border_style=&#8221;solid&#8221;][vc_column_text css=&#8221;&#8221; text_direction=&#8221;default&#8221;]\n<p>\nAm 6. Juni hat die Vertical Technik AG mit den Arbeiten der Skatemodule im Parc de Vertou in Morges direkt am Genfer See begonnen. Jedoch bevor die Monteure mit dem Zusammenbau der Elemente beginnen konnten, musste der bestehende Platz erneuert werden. Der alte Asphalt wurde abgefr\u00e4st und mit 3 cm neuem Asphalt \u00fcberzogen. Diese Asphaltarbeiten wurden durch eine lokale Firma erledigt.\n<p>\nKaum war der neue Asphalt aufgetragen, wurden bereits die ersten Elemente angeliefert und zusammengeschraubt. Der Skatepark in Morges beeindruckt durch die Qualit\u00e4t der Elemente. Vor allem die Skateplaza, welche als Zentralmodul aus Elementen wie Granit Ledge, Rail, Banks und einer Steep Bank besteht, funktioniert in Kombination mit Quarterpipe und mit einer Hip Bank als interessante Line. Die neue Miniramp ist 1.9 m hoch und 6 m breit, ein wahrer Blinkfang. Zwei Granit Curbs, eine Banana Curb mit Trick Box und ein 3 m Straight Rail runden den neuen Skatepark ab. Die Anlagen wurden auf Wunsch des Kunden mit Blech verschalt. Alle Anlagen sind mit Skateface Fahrbelag ausgestattet.<br\/>Die Arbeiten wurden von wechslungsreichen Wetterbedingen begleitet. Doch zum Schluss zeigte sich Morges von der sch\u00f6nen Seite und liess ein paar super Schnappsch\u00fcsse zu. Dank der tatkr\u00e4ftigen Mithilfe von drei Arbeitern der Stadt Morges konnte der Skatepark in nur 3 Tagen aufgebaut werden. Dieser Skatepark ist auf jeden Fall einen Besuch wert!\n<p>Indirizzo:<br\/>Parc de Vertou<br\/>1110 Morges<\/p>\n[vc_gallery css=&#8221;&#8221; type=&#8221;image_grid&#8221; images=&#8221;31656,31661,31665,31669,31673,31677,31681,31685,31689,31693,31697,31701,31705,31709,31713&#8243; image_grid_loading=&#8221;default&#8221; layout=&#8221;4&#8243; item_spacing=&#8221;default&#8221; gallery_style=&#8221;7&#8243; load_in_animation=&#8221;none&#8221;]\n<p>&nbsp;<\/p>\n[\/vc_column_text][\/vc_column][\/vc_row]\n","protected":false},"excerpt":{"rendered":"<p>[vc_row type=&#8221;in_container&#8221; full_screen_row_position=&#8221;middle&#8221; column_margin=&#8221;default&#8221; column_direction=&#8221;default&#8221; column_direction_tablet=&#8221;default&#8221; column_direction_phone=&#8221;default&#8221; scene_position=&#8221;center&#8221; text_color=&#8221;dark&#8221; text_align=&#8221;left&#8221; row_border_radius=&#8221;none&#8221; row_border_radius_applies=&#8221;bg&#8221; overflow=&#8221;visible&#8221; overlay_strength=&#8221;0.3&#8243; gradient_direction=&#8221;left_to_right&#8221; shape_divider_position=&#8221;bottom&#8221; bg_image_animation=&#8221;none&#8221;][vc_column column_padding=&#8221;no-extra-padding&#8221; column_padding_tablet=&#8221;inherit&#8221; column_padding_phone=&#8221;inherit&#8221; column_padding_position=&#8221;all&#8221; column_element_direction_desktop=&#8221;default&#8221; column_element_spacing=&#8221;default&#8221; desktop_text_alignment=&#8221;default&#8221; tablet_text_alignment=&#8221;default&#8221; phone_text_alignment=&#8221;default&#8221; background_color_opacity=&#8221;1&#8243; background_hover_color_opacity=&#8221;1&#8243; column_backdrop_filter=&#8221;none&#8221; column_shadow=&#8221;none&#8221;&#8230;<\/p>\n","protected":false},"author":1,"featured_media":31653,"comment_status":"open","ping_status":"open","sticky":false,"template":"","format":"standard","meta":{"footnotes":""},"categories":[10970,10845,10847,10851,10852,10846,10948],"tags":[],"jahr":[11092],"kanton":[11156],"land":[11168],"anlagentyp":[11201],"class_list":{"0":"post-37156","1":"post","2":"type-post","3":"status-publish","4":"format-standard","5":"has-post-thumbnail","7":"category-2017-it","8":"category-cronologia","9":"category-paese","10":"category-parchi-skate-mobili","11":"category-svizzera","12":"category-tipo-di-impianto","13":"category-vd-it","14":"jahr-2017-it","15":"kanton-vd-it","16":"land-schweiz-it","17":"anlagentyp-mobile-skateanlagen-it"},"_links":{"self":[{"href":"https:\/\/verticaltechnik.ch\/it\/wp-json\/wp\/v2\/posts\/37156","targetHints":{"allow":["GET"]}}],"collection":[{"href":"https:\/\/verticaltechnik.ch\/it\/wp-json\/wp\/v2\/posts"}],"about":[{"href":"https:\/\/verticaltechnik.ch\/it\/wp-json\/wp\/v2\/types\/post"}],"author":[{"embeddable":true,"href":"https:\/\/verticaltechnik.ch\/it\/wp-json\/wp\/v2\/users\/1"}],"replies":[{"embeddable":true,"href":"https:\/\/verticaltechnik.ch\/it\/wp-json\/wp\/v2\/comments?post=37156"}],"version-history":[{"count":0,"href":"https:\/\/verticaltechnik.ch\/it\/wp-json\/wp\/v2\/posts\/37156\/revisions"}],"wp:featuredmedia":[{"embeddable":true,"href":"https:\/\/verticaltechnik.ch\/it\/wp-json\/wp\/v2\/media\/31653"}],"wp:attachment":[{"href":"https:\/\/verticaltechnik.ch\/it\/wp-json\/wp\/v2\/media?parent=37156"}],"wp:term":[{"taxonomy":"category","embeddable":true,"href":"https:\/\/verticaltechnik.ch\/it\/wp-json\/wp\/v2\/categories?post=37156"},{"taxonomy":"post_tag","embeddable":true,"href":"https:\/\/verticaltechnik.ch\/it\/wp-json\/wp\/v2\/tags?post=37156"},{"taxonomy":"jahr","embeddable":true,"href":"https:\/\/verticaltechnik.ch\/it\/wp-json\/wp\/v2\/jahr?post=37156"},{"taxonomy":"kanton","embeddable":true,"href":"https:\/\/verticaltechnik.ch\/it\/wp-json\/wp\/v2\/kanton?post=37156"},{"taxonomy":"land","embeddable":true,"href":"https:\/\/verticaltechnik.ch\/it\/wp-json\/wp\/v2\/land?post=37156"},{"taxonomy":"anlagentyp","embeddable":true,"href":"https:\/\/verticaltechnik.ch\/it\/wp-json\/wp\/v2\/anlagentyp?post=37156"}],"curies":[{"name":"wp","href":"https:\/\/api.w.org\/{rel}","templated":true}]}}