{"id":37213,"date":"2022-07-22T13:23:46","date_gmt":"2022-07-22T13:23:46","guid":{"rendered":"http:\/\/newvt.verticaltechnik.ch\/news\/d-karlsruhe-minirampa-di-vertical-al-fest-cup\/"},"modified":"2025-11-11T13:57:48","modified_gmt":"2025-11-11T13:57:48","slug":"d-karlsruhe-minirampa-di-vertical-al-fest-cup","status":"publish","type":"post","link":"https:\/\/verticaltechnik.ch\/it\/d-karlsruhe-minirampa-di-vertical-al-fest-cup\/","title":{"rendered":"D Karlsruhe - Minirampa di Vertical al FEST CUP"},"content":{"rendered":"\n<p>Dopo due anni di pausa, quest&#8217;anno si terr\u00e0 di nuovo il contest di skateboard e inline FEST CUP a Karlsruhe. Sulla halfpipe di quattro metri di Vertical Technik, gli atleti mostreranno le loro migliori prestazioni dal 21 al 24 luglio davanti alla giuria e al pubblico. La Vertramp diventer\u00e0 la famosa Miniramp VERTICAL con spine e garantir\u00e0 quattro giorni ricchi di azione. Un mix colorato di BMX, inline e skate jam garantir\u00e0 un&#8217;esperienza indimenticabile, fedele al motto &#8220;insieme si fa di pi\u00f9&#8221;, nel cuore del pi\u00f9 grande festival per famiglie della Germania meridionale. Al tramonto, i DJ prenderanno possesso della rampa e garantiranno un fantastico after-show party.    <\/p>\n\n<p><strong><a href=\"https:\/\/festcup.de\/\">Link FEST CUP Karlsruhe<\/a><\/strong><\/p>\n<p><!-- \/wp:post-content -->[vc_gallery css=&#8221;&#8221; type=&#8221;image_grid&#8221; images=&#8221;35996,36000,36002,36008,36011,36018,36016,36022,36026,36034,36031,36038,36043,36047,36050,36054,36058,36063,36066,36070,36078,36081,36082,36086&#8243; image_grid_loading=&#8221;default&#8221; layout=&#8221;4&#8243; item_spacing=&#8221;default&#8221; gallery_style=&#8221;7&#8243; load_in_animation=&#8221;none&#8221;]<!-- wp:embed {\"url\":\"https:\/\/www.youtube.com\/watch?v=LyPJ-yjnLS8u0026t=1su0026ab_channel=UnikatStoreKarlsruhe\",\"type\":\"video\",\"providerNameSlug\":\"youtube\",\"responsive\":true,\"className\":\"wp-embed-aspect-16-9 wp-has-aspect-ratio\"} -->\n<figure class=\"wp-block-embed is-type-video is-provider-youtube wp-block-embed-youtube wp-embed-aspect-16-9 wp-has-aspect-ratio\"><div class=\"wp-block-embed__wrapper\">\nhttps:\/\/www.youtube.com\/watch?v=LyPJ-yjnLS8&#038;t=1s&#038;ab_channel=UnikatStoreKarlsruhe\n<\/div><\/figure>\n<!-- \/wp:embed --><!-- wp:paragraph -->\n<p>G\u00fcnther-Klotz-Anlage, Karlsruhe<\/p>\n<!-- \/wp:paragraph --><!-- wp:html -->\n<iframe src=\"https:\/\/www.google.com\/maps\/embed?pb=!1m14!1m8!1m3!1d25194.801176124136!2d8.374211!3d48.998376!3m2!1i1024!2i768!4f13.1!3m3!1m2!1s0x4797068c8c0341d1%3A0x6bb26b2df8b371d3!2sG%C3%BCnther-Klotz-Anlage!5e1!3m2!1sde!2sch!4v1751648022914!5m2!1sde!2sch\" width=\"600\" height=\"450\" style=\"border:0;\" allowfullscreen=\"\" loading=\"lazy\" referrerpolicy=\"no-referrer-when-downgrade\"><\/iframe>\n<!-- \/wp:html -->","protected":false},"excerpt":{"rendered":"<p>Dopo due anni di pausa, quest&#8217;anno si terr\u00e0 di nuovo il contest di skateboard e inline FEST CUP a Karlsruhe. Sulla halfpipe di quattro metri di Vertical Technik, gli atleti&#8230;<\/p>\n","protected":false},"author":1,"featured_media":35991,"comment_status":"open","ping_status":"open","sticky":false,"template":"","format":"standard","meta":{"footnotes":""},"categories":[10853,10845,10892,10933,10847,10846],"tags":[],"jahr":[11075],"kanton":[],"land":[11172],"anlagentyp":[11186],"class_list":{"0":"post-37213","1":"post","2":"type-post","3":"status-publish","4":"format-standard","5":"has-post-thumbnail","7":"category-2022-it","8":"category-cronologia","9":"category-eventi","10":"category-germania","11":"category-paese","12":"category-tipo-di-impianto","13":"jahr-2022-it","14":"land-deutschland-it","15":"anlagentyp-events-it"},"_links":{"self":[{"href":"https:\/\/verticaltechnik.ch\/it\/wp-json\/wp\/v2\/posts\/37213","targetHints":{"allow":["GET"]}}],"collection":[{"href":"https:\/\/verticaltechnik.ch\/it\/wp-json\/wp\/v2\/posts"}],"about":[{"href":"https:\/\/verticaltechnik.ch\/it\/wp-json\/wp\/v2\/types\/post"}],"author":[{"embeddable":true,"href":"https:\/\/verticaltechnik.ch\/it\/wp-json\/wp\/v2\/users\/1"}],"replies":[{"embeddable":true,"href":"https:\/\/verticaltechnik.ch\/it\/wp-json\/wp\/v2\/comments?post=37213"}],"version-history":[{"count":0,"href":"https:\/\/verticaltechnik.ch\/it\/wp-json\/wp\/v2\/posts\/37213\/revisions"}],"wp:featuredmedia":[{"embeddable":true,"href":"https:\/\/verticaltechnik.ch\/it\/wp-json\/wp\/v2\/media\/35991"}],"wp:attachment":[{"href":"https:\/\/verticaltechnik.ch\/it\/wp-json\/wp\/v2\/media?parent=37213"}],"wp:term":[{"taxonomy":"category","embeddable":true,"href":"https:\/\/verticaltechnik.ch\/it\/wp-json\/wp\/v2\/categories?post=37213"},{"taxonomy":"post_tag","embeddable":true,"href":"https:\/\/verticaltechnik.ch\/it\/wp-json\/wp\/v2\/tags?post=37213"},{"taxonomy":"jahr","embeddable":true,"href":"https:\/\/verticaltechnik.ch\/it\/wp-json\/wp\/v2\/jahr?post=37213"},{"taxonomy":"kanton","embeddable":true,"href":"https:\/\/verticaltechnik.ch\/it\/wp-json\/wp\/v2\/kanton?post=37213"},{"taxonomy":"land","embeddable":true,"href":"https:\/\/verticaltechnik.ch\/it\/wp-json\/wp\/v2\/land?post=37213"},{"taxonomy":"anlagentyp","embeddable":true,"href":"https:\/\/verticaltechnik.ch\/it\/wp-json\/wp\/v2\/anlagentyp?post=37213"}],"curies":[{"name":"wp","href":"https:\/\/api.w.org\/{rel}","templated":true}]}}