{"id":37332,"date":"2025-06-02T13:23:46","date_gmt":"2025-06-02T13:23:46","guid":{"rendered":"http:\/\/newvt.verticaltechnik.ch\/news\/ch-bettingen-blocco-boulder\/"},"modified":"2026-01-15T10:50:05","modified_gmt":"2026-01-15T10:50:05","slug":"ch-bettingen-blocco-boulder","status":"publish","type":"post","link":"https:\/\/verticaltechnik.ch\/it\/ch-bettingen-blocco-boulder\/","title":{"rendered":"CH Bettingen - Boulder Block"},"content":{"rendered":"\n<p><strong>Un nuovo Boulder Block per la regione di Basilea \u2013 Bettingen! <\/strong><\/p>\n\n<p>Storia: <\/p>\n\n<p>Nel gennaio 2024, il comune di Bettingen ci ha contattato e ha richiesto un&#8217;offerta per un impianto di street workout. Dopo diversi scambi, il progetto si \u00e8 evoluto in un parco generazionale con parco giochi, area barbecue, cerchio di seduta, campo da bocce, funivia, impianto di street workout e un Boulder Block.  <\/p>\n\n<p>Nella primavera del 2025, il comune ha commissionato il Boulder Block, mentre l&#8217;impianto di street workout \u00e8 stato rinviato per motivi di budget. Il venerd\u00ec 25 aprile 2025 \u00e8 stato inaugurato il parco generazionale. Il compito di rinnovare i percorsi \u00e8 stato affidato a Joshua Wyss, egli stesso un appassionato boulderista.   <\/p>\n\n<p>L&#8217;associazione Generationenparcours St. Chrischona si \u00e8 <strong>posta come obiettivo l&#8217;incontro, il movimento e la riflessione e gestisce l&#8217;area ricreativa<\/strong> sul monte Chrischona. \u00c8 un luogo di gioco per grandi e piccini, dove si pu\u00f2 trarre ispirazione da diverse possibilit\u00e0 sul terreno con una maestosa vista panoramica. Il monte Chrischona \u00e8 sempre stato un luogo dove le persone si recavano in pellegrinaggio, trascorrevano le vacanze e si riposavano.   <\/p>\n\n<p>L&#8217;associazione Generationenparcours promuove un luogo di incontro per tutte le generazioni, mettendo a disposizione dei numerosi visitatori, ospiti ed escursionisti provenienti da Bettingen, Riehen, Basilea e il Dreil\u00e4ndereck un&#8217;infrastruttura che stimola corpo, mente e anima.<\/p>\n\n<p>Qui possono avvenire cambiamenti positivi sperimentando un tempo prezioso sul Generationenparcours. <\/p>\n\n<p>Siamo orgogliosi di aver potuto produrre e fornire il Boulder Block per questo luogo di pellegrinaggio. Ringraziamo Ueli Rusch, amministratore delegato di Chrischona Berg, e il comune di Bettingen, rappresentato dalla consigliera comunale Gaby Walker, per l&#8217;ottima collaborazione e la fiducia accordataci nel poter fornire questo Boulder Block.  <\/p>\n\n<p>Link: <\/p>\n\n<p><a href=\"https:\/\/www.bs.ch\/bettingen\">https:\/\/www.bs.ch\/bettingen<\/a><\/p>\n\n<p><a href=\"http:\/\/www.generationenparcours.ch\/\">http:\/\/www.generationenparcours.ch\/<\/a> <\/p>\n\n<p><a href=\"https:\/\/mrtn.ch\/\">https:\/\/mrtn.ch\/<\/a> (Design) <\/p>\n\n<p>Posizione:<\/p>\n\n<p>Generationenparcours St. Chrischona, Hohestrasse, CH-4126 Bettingen<\/p>\n\n<p>Google: 47\u00b034&#8217;17.6&#8243;N 7\u00b041&#8217;07.4&#8243;E <\/p>\n<p><!-- \/wp:post-content -->[vc_gallery css=&#8221;&#8221; type=&#8221;image_grid&#8221; images=&#8221;33160,33164,33168,33174,33176,33183,33184,33196,33200,33204,33192,33190&#8243; image_grid_loading=&#8221;default&#8221; layout=&#8221;4&#8243; item_spacing=&#8221;default&#8221; gallery_style=&#8221;7&#8243; load_in_animation=&#8221;none&#8221;]\n<p><!-- wp:html --><br \/>\n<iframe src=\"https:\/\/www.google.com\/maps\/embed?pb=!1m13!1m8!1m3!1d6077.594035028513!2d7.6828140000000005!3d47.571556!3m2!1i1024!2i768!4f13.1!3m2!1m1!2zNDfCsDM0JzE3LjYiTiA3wrA0MScwNy40IkU!5e1!3m2!1sde!2sch!4v1751563606610!5m2!1sde!2sch\" width=\"600\" height=\"450\" style=\"border:0;\" allowfullscreen=\"\" loading=\"lazy\" referrerpolicy=\"no-referrer-when-downgrade\"><\/iframe><br \/>\n<!-- \/wp:html --><\/p>\n","protected":false},"excerpt":{"rendered":"<p>Un nuovo Boulder Block per la regione di Basilea \u2013 Bettingen! Storia: Nel gennaio 2024, il comune di Bettingen ci ha contattato e ha richiesto un&#8217;offerta per un impianto di&#8230;<\/p>\n","protected":false},"author":1,"featured_media":33157,"comment_status":"open","ping_status":"open","sticky":false,"template":"","format":"standard","meta":{"footnotes":""},"categories":[10979,10879,10845,10932,10847,10852,10846],"tags":[],"jahr":[11068],"kanton":[11123],"land":[11168],"anlagentyp":[11198],"class_list":{"0":"post-37332","1":"post","2":"type-post","3":"status-publish","4":"format-standard","5":"has-post-thumbnail","7":"category-2025-it","8":"category-bs-it","9":"category-cronologia","10":"category-impianti-di-arrampicata","11":"category-paese","12":"category-svizzera","13":"category-tipo-di-impianto","14":"jahr-2025-it","15":"kanton-bs-it","16":"land-schweiz-it","17":"anlagentyp-kletteranlagen-it"},"_links":{"self":[{"href":"https:\/\/verticaltechnik.ch\/it\/wp-json\/wp\/v2\/posts\/37332","targetHints":{"allow":["GET"]}}],"collection":[{"href":"https:\/\/verticaltechnik.ch\/it\/wp-json\/wp\/v2\/posts"}],"about":[{"href":"https:\/\/verticaltechnik.ch\/it\/wp-json\/wp\/v2\/types\/post"}],"author":[{"embeddable":true,"href":"https:\/\/verticaltechnik.ch\/it\/wp-json\/wp\/v2\/users\/1"}],"replies":[{"embeddable":true,"href":"https:\/\/verticaltechnik.ch\/it\/wp-json\/wp\/v2\/comments?post=37332"}],"version-history":[{"count":0,"href":"https:\/\/verticaltechnik.ch\/it\/wp-json\/wp\/v2\/posts\/37332\/revisions"}],"wp:featuredmedia":[{"embeddable":true,"href":"https:\/\/verticaltechnik.ch\/it\/wp-json\/wp\/v2\/media\/33157"}],"wp:attachment":[{"href":"https:\/\/verticaltechnik.ch\/it\/wp-json\/wp\/v2\/media?parent=37332"}],"wp:term":[{"taxonomy":"category","embeddable":true,"href":"https:\/\/verticaltechnik.ch\/it\/wp-json\/wp\/v2\/categories?post=37332"},{"taxonomy":"post_tag","embeddable":true,"href":"https:\/\/verticaltechnik.ch\/it\/wp-json\/wp\/v2\/tags?post=37332"},{"taxonomy":"jahr","embeddable":true,"href":"https:\/\/verticaltechnik.ch\/it\/wp-json\/wp\/v2\/jahr?post=37332"},{"taxonomy":"kanton","embeddable":true,"href":"https:\/\/verticaltechnik.ch\/it\/wp-json\/wp\/v2\/kanton?post=37332"},{"taxonomy":"land","embeddable":true,"href":"https:\/\/verticaltechnik.ch\/it\/wp-json\/wp\/v2\/land?post=37332"},{"taxonomy":"anlagentyp","embeddable":true,"href":"https:\/\/verticaltechnik.ch\/it\/wp-json\/wp\/v2\/anlagentyp?post=37332"}],"curies":[{"name":"wp","href":"https:\/\/api.w.org\/{rel}","templated":true}]}}