{"id":37335,"date":"2024-10-04T13:23:46","date_gmt":"2024-10-04T13:23:46","guid":{"rendered":"http:\/\/newvt.verticaltechnik.ch\/news\/ch-bueren-fitness-per-tutti\/"},"modified":"2026-04-22T12:27:51","modified_gmt":"2026-04-22T12:27:51","slug":"ch-bueren-fitness-per-tutti","status":"publish","type":"post","link":"https:\/\/verticaltechnik.ch\/it\/ch-bueren-fitness-per-tutti\/","title":{"rendered":"CH B\u00fcren - Fitness per tutti!"},"content":{"rendered":"[vc_row type=&#8221;in_container&#8221; full_screen_row_position=&#8221;middle&#8221; column_margin=&#8221;default&#8221; column_direction=&#8221;default&#8221; column_direction_tablet=&#8221;default&#8221; column_direction_phone=&#8221;default&#8221; scene_position=&#8221;center&#8221; text_color=&#8221;dark&#8221; text_align=&#8221;left&#8221; row_border_radius=&#8221;none&#8221; row_border_radius_applies=&#8221;bg&#8221; overflow=&#8221;visible&#8221; overlay_strength=&#8221;0.3&#8243; gradient_direction=&#8221;left_to_right&#8221; shape_divider_position=&#8221;bottom&#8221; bg_image_animation=&#8221;none&#8221;][vc_column column_padding=&#8221;no-extra-padding&#8221; column_padding_tablet=&#8221;inherit&#8221; column_padding_phone=&#8221;inherit&#8221; column_padding_position=&#8221;all&#8221; column_element_direction_desktop=&#8221;default&#8221; column_element_spacing=&#8221;default&#8221; desktop_text_alignment=&#8221;default&#8221; tablet_text_alignment=&#8221;default&#8221; phone_text_alignment=&#8221;default&#8221; background_color_opacity=&#8221;1&#8243; background_hover_color_opacity=&#8221;1&#8243; column_backdrop_filter=&#8221;none&#8221; column_shadow=&#8221;none&#8221; column_border_radius=&#8221;none&#8221; column_link_target=&#8221;_self&#8221; column_position=&#8221;default&#8221; gradient_direction=&#8221;left_to_right&#8221; overlay_strength=&#8221;0.3&#8243; width=&#8221;1\/1&#8243; tablet_width_inherit=&#8221;default&#8221; animation_type=&#8221;default&#8221; bg_image_animation=&#8221;none&#8221; border_type=&#8221;simple&#8221; column_border_width=&#8221;none&#8221; column_border_style=&#8221;solid&#8221;][vc_column_text css=&#8221;&#8221; text_direction=&#8221;default&#8221;]\n<p>\nDie Stadt\u00a0<a href=\"https:\/\/www.bueren.ch\/de\/\">B\u00fcren<\/a>\u00a0im\u00a0<a href=\"https:\/\/so.ch\/\">Kanton\u00a0Solothurn<\/a>\u00a0freut sich \u00fcber eine neue Attraktion: eine moderne Streetworkout-Anlage, die Fitnessbegeisterte und Outdoor-Sportler gleicherma\u00dfen anzieht. Diese innovative Sporteinrichtung bietet nicht nur eine hervorragende M\u00f6glichkeit, den eigenen K\u00f6rper zu trainieren, sondern f\u00f6rdert auch die Gemeinschaft und einen aktiven Lebensstil.&#13;\n<p><\/p>Die neue Anlage in B\u00fcren ist mit einer Vielzahl von Trainingsger\u00e4ten ausgestattet, die f\u00fcr unterschiedliche Fitnesslevels geeignet sind. Hier kannst du Klimmz\u00fcge, Liegest\u00fctze, Dips und viele weitere \u00dcbungen durchf\u00fchren. Der Fokus liegt auf funktionellem Training, das die Muskulatur st\u00e4rkt und die Ausdauer verbessert. Dar\u00fcber hinaus bietet die Anlage ausreichend Platz f\u00fcr Gruppenaktivit\u00e4ten und Kurse im Freien.&#13;\n<p><\/p>Neben der sportlichen Komponente spielt die neue Streetworkout-Anlage auch eine wichtige Rolle als sozialer Treffpunkt. Hier k\u00f6nnen sich Menschen jeden Alters treffen, um gemeinsam zu trainieren, neue Freundschaften zu schlie\u00dfen und sich gegenseitig zu motivieren. Die offene Gestaltung der Anlage f\u00f6rdert den Austausch und die Zusammenarbeit in der B\u00fcrener Gemeinschaft.&#13;\n<p><\/p>Die Streetworkout-Anlage befindet sich gleich neben dem\u00a0<a href=\"https:\/\/oszd.ch\/\">Oberstufenzentrum Dorneckberg<\/a>. Diese zentrale Lage macht sie leicht erreichbar, egal ob du mit dem Auto, dem Fahrrad oder zu Fu\u00df kommst. So eignet sich die Anlage auch perfekt f\u00fcr Sch\u00fcler, die spontane Trainingseinheiten nach der Schule oder am Wochenende einlegen m\u00f6chten.&#13;\n<p><\/p>Mit der neuen Streetworkout-Anlage wird die Gemeinde B\u00fcren um einen wichtigen Baustein f\u00fcr Gesundheit und Fitness reicher. Die Anlage schafft eine optimale Umgebung f\u00fcr effektives Training und unterst\u00fctzt gleichzeitig den Austausch und ein gesundes Miteinander in der Gemeinschaft. Egal ob Anf\u00e4nger oder Profi \u2013 hier findet jeder die M\u00f6glichkeit, seine Fitnessziele zu erreichen. Besuch diese neue Streetworkout-Anlage und werde auch Teil dieser aufregenden Fitness-Community!&#13;\n<p><\/p>Nutze diese Gelegenheit, um Teil einer gesunden, aktiven Gemeinschaft zu werden. Besuch die Streetworkout-Anlage in B\u00fcren und bring dein Training auf das n\u00e4chste Level!&#13;\n[\/vc_column_text][vc_gallery css=&#8221;&#8221; type=&#8221;image_grid&#8221; images=&#8221;58904,58905,58906,58907,58908,58909,58910,58911,58912,58913,58914,58915,58916,58917,58918&#8243; image_grid_loading=&#8221;default&#8221; layout=&#8221;4&#8243; item_spacing=&#8221;default&#8221; gallery_style=&#8221;7&#8243; load_in_animation=&#8221;none&#8221;][\/vc_column][\/vc_row]","protected":false},"excerpt":{"rendered":"<p>[vc_row type=&#8221;in_container&#8221; full_screen_row_position=&#8221;middle&#8221; column_margin=&#8221;default&#8221; column_direction=&#8221;default&#8221; column_direction_tablet=&#8221;default&#8221; column_direction_phone=&#8221;default&#8221; scene_position=&#8221;center&#8221; text_color=&#8221;dark&#8221; text_align=&#8221;left&#8221; row_border_radius=&#8221;none&#8221; row_border_radius_applies=&#8221;bg&#8221; overflow=&#8221;visible&#8221; overlay_strength=&#8221;0.3&#8243; gradient_direction=&#8221;left_to_right&#8221; shape_divider_position=&#8221;bottom&#8221; bg_image_animation=&#8221;none&#8221;][vc_column column_padding=&#8221;no-extra-padding&#8221; column_padding_tablet=&#8221;inherit&#8221; column_padding_phone=&#8221;inherit&#8221; column_padding_position=&#8221;all&#8221; column_element_direction_desktop=&#8221;default&#8221; column_element_spacing=&#8221;default&#8221; desktop_text_alignment=&#8221;default&#8221; tablet_text_alignment=&#8221;default&#8221; phone_text_alignment=&#8221;default&#8221; background_color_opacity=&#8221;1&#8243; background_hover_color_opacity=&#8221;1&#8243; column_backdrop_filter=&#8221;none&#8221; column_shadow=&#8221;none&#8221;&#8230;<\/p>\n","protected":false},"author":1,"featured_media":33255,"comment_status":"open","ping_status":"open","sticky":false,"template":"","format":"gallery","meta":{"footnotes":""},"categories":[10989,10845,10847,10883,10865,10852,10846],"tags":[],"jahr":[11069],"kanton":[11147],"land":[11168],"anlagentyp":[11207],"class_list":{"0":"post-37335","1":"post","2":"type-post","3":"status-publish","4":"format-gallery","5":"has-post-thumbnail","7":"category-2024-it","8":"category-cronologia","9":"category-paese","10":"category-so-it","11":"category-street-workout-it","12":"category-svizzera","13":"category-tipo-di-impianto","14":"post_format-post-format-gallery","15":"jahr-2024-it","16":"kanton-so-it","17":"land-schweiz-it","18":"anlagentyp-streetworkout-it"},"_links":{"self":[{"href":"https:\/\/verticaltechnik.ch\/it\/wp-json\/wp\/v2\/posts\/37335","targetHints":{"allow":["GET"]}}],"collection":[{"href":"https:\/\/verticaltechnik.ch\/it\/wp-json\/wp\/v2\/posts"}],"about":[{"href":"https:\/\/verticaltechnik.ch\/it\/wp-json\/wp\/v2\/types\/post"}],"author":[{"embeddable":true,"href":"https:\/\/verticaltechnik.ch\/it\/wp-json\/wp\/v2\/users\/1"}],"replies":[{"embeddable":true,"href":"https:\/\/verticaltechnik.ch\/it\/wp-json\/wp\/v2\/comments?post=37335"}],"version-history":[{"count":11,"href":"https:\/\/verticaltechnik.ch\/it\/wp-json\/wp\/v2\/posts\/37335\/revisions"}],"predecessor-version":[{"id":58936,"href":"https:\/\/verticaltechnik.ch\/it\/wp-json\/wp\/v2\/posts\/37335\/revisions\/58936"}],"wp:featuredmedia":[{"embeddable":true,"href":"https:\/\/verticaltechnik.ch\/it\/wp-json\/wp\/v2\/media\/33255"}],"wp:attachment":[{"href":"https:\/\/verticaltechnik.ch\/it\/wp-json\/wp\/v2\/media?parent=37335"}],"wp:term":[{"taxonomy":"category","embeddable":true,"href":"https:\/\/verticaltechnik.ch\/it\/wp-json\/wp\/v2\/categories?post=37335"},{"taxonomy":"post_tag","embeddable":true,"href":"https:\/\/verticaltechnik.ch\/it\/wp-json\/wp\/v2\/tags?post=37335"},{"taxonomy":"jahr","embeddable":true,"href":"https:\/\/verticaltechnik.ch\/it\/wp-json\/wp\/v2\/jahr?post=37335"},{"taxonomy":"kanton","embeddable":true,"href":"https:\/\/verticaltechnik.ch\/it\/wp-json\/wp\/v2\/kanton?post=37335"},{"taxonomy":"land","embeddable":true,"href":"https:\/\/verticaltechnik.ch\/it\/wp-json\/wp\/v2\/land?post=37335"},{"taxonomy":"anlagentyp","embeddable":true,"href":"https:\/\/verticaltechnik.ch\/it\/wp-json\/wp\/v2\/anlagentyp?post=37335"}],"curies":[{"name":"wp","href":"https:\/\/api.w.org\/{rel}","templated":true}]}}