{"id":37353,"date":"2024-07-02T13:23:46","date_gmt":"2024-07-02T13:23:46","guid":{"rendered":"http:\/\/newvt.verticaltechnik.ch\/news\/ch-payerne-skatepark-in-cemento\/"},"modified":"2026-01-15T10:46:50","modified_gmt":"2026-01-15T10:46:50","slug":"ch-payerne-skatepark-in-cemento","status":"publish","type":"post","link":"https:\/\/verticaltechnik.ch\/it\/ch-payerne-skatepark-in-cemento\/","title":{"rendered":"CH Payerne - Skatepark in cemento"},"content":{"rendered":"\n<p>La <a href=\"https:\/\/www.lfm.ch\/actualite\/suisse\/romandie\/vaud\/payerne-inaugure-son-nouveau-skatepark\/\">citt\u00e0 di Payerne (VD)<\/a> ha inaugurato il suo nuovo skatepark venerd\u00ec 28.06.24. Immergiti nel mondo dello skate nel nostro bellissimo e scorrevole park in cemento, cos\u00ec fresco di colata che le tue ruote faranno girare i cuscinetti a sfera per l&#8217;eccitante aderenza! Che tu sia un principiante o un professionista, un mago del flip o un re del grind, vieni a trovarci e goditi lo skateboarding su un&#8217;area giochi appena cementata. Presente anche: una minirampa extra lussuosa, per sessioni infinite. <a href=\"https:\/\/www.24heures.ch\/payerne-la-commune-inaugure-son-skatepark-799130479325\">Il park \u00e8 aperto sette giorni su sette<\/a>: dal luned\u00ec al sabato dalle 8:00 alle 22:00 e la domenica dalle 08:00 alle 20:00 - cos\u00ec ogni giorno diventa una sessione! Tanto divertimento nel tuo nuovo skatepark a <a href=\"https:\/\/www.laliberte.ch\/news\/regions\/broye-lac\/broye-un-skatepark-inaugure-a-payerne-735574\">Payerne<\/a> ti augura tutto il team di Vertical, il tuo numero 1 per gli skatepark &#8220;made in Switzerland&#8221;    <\/p>\n<p><!-- \/wp:post-content -->[vc_gallery css=&#8221;&#8221; type=&#8221;image_grid&#8221; images=&#8221;37354,33388,33390,33392,37355,33389,33396&#8243; image_grid_loading=&#8221;default&#8221; layout=&#8221;4&#8243; item_spacing=&#8221;default&#8221; gallery_style=&#8221;7&#8243; load_in_animation=&#8221;none&#8221;]\n<p><!-- wp:html --><br \/>\n<iframe src=\"https:\/\/www.google.com\/maps\/embed?pb=!1m14!1m8!1m3!1d770.4870873644771!2d6.943478!3d46.823403000000006!3m2!1i1024!2i768!4f13.1!3m3!1m2!1s0x478e76e9fee402c5%3A0x19c746e037964583!2sPlace%20Des%20Tireurs%20%C3%80%20La%20Cible!5e1!3m2!1sde!2sch!4v1751565047153!5m2!1sde!2sch\" width=\"600\" height=\"450\" style=\"border:0;\" allowfullscreen=\"\" loading=\"lazy\" referrerpolicy=\"no-referrer-when-downgrade\"><\/iframe><br \/>\n<!-- \/wp:html --><\/p>\n","protected":false},"excerpt":{"rendered":"<p>La citt\u00e0 di Payerne (VD) ha inaugurato il suo nuovo skatepark venerd\u00ec 28.06.24. Immergiti nel mondo dello skate nel nostro bellissimo e scorrevole park in cemento, cos\u00ec fresco di colata&#8230;<\/p>\n","protected":false},"author":1,"featured_media":33377,"comment_status":"open","ping_status":"open","sticky":false,"template":"","format":"standard","meta":{"footnotes":""},"categories":[10989,10845,10847,10787,10865,10852,10846,10948],"tags":[],"jahr":[11069],"kanton":[11156],"land":[11168],"anlagentyp":[11056,11207],"class_list":{"0":"post-37353","1":"post","2":"type-post","3":"status-publish","4":"format-standard","5":"has-post-thumbnail","7":"category-2024-it","8":"category-cronologia","9":"category-paese","10":"category-parchi-per-skate-in-cemento","11":"category-street-workout-it","12":"category-svizzera","13":"category-tipo-di-impianto","14":"category-vd-it","15":"jahr-2024-it","16":"kanton-vd-it","17":"land-schweiz-it","18":"anlagentyp-beton-skateparks","19":"anlagentyp-streetworkout-it"},"_links":{"self":[{"href":"https:\/\/verticaltechnik.ch\/it\/wp-json\/wp\/v2\/posts\/37353","targetHints":{"allow":["GET"]}}],"collection":[{"href":"https:\/\/verticaltechnik.ch\/it\/wp-json\/wp\/v2\/posts"}],"about":[{"href":"https:\/\/verticaltechnik.ch\/it\/wp-json\/wp\/v2\/types\/post"}],"author":[{"embeddable":true,"href":"https:\/\/verticaltechnik.ch\/it\/wp-json\/wp\/v2\/users\/1"}],"replies":[{"embeddable":true,"href":"https:\/\/verticaltechnik.ch\/it\/wp-json\/wp\/v2\/comments?post=37353"}],"version-history":[{"count":0,"href":"https:\/\/verticaltechnik.ch\/it\/wp-json\/wp\/v2\/posts\/37353\/revisions"}],"wp:featuredmedia":[{"embeddable":true,"href":"https:\/\/verticaltechnik.ch\/it\/wp-json\/wp\/v2\/media\/33377"}],"wp:attachment":[{"href":"https:\/\/verticaltechnik.ch\/it\/wp-json\/wp\/v2\/media?parent=37353"}],"wp:term":[{"taxonomy":"category","embeddable":true,"href":"https:\/\/verticaltechnik.ch\/it\/wp-json\/wp\/v2\/categories?post=37353"},{"taxonomy":"post_tag","embeddable":true,"href":"https:\/\/verticaltechnik.ch\/it\/wp-json\/wp\/v2\/tags?post=37353"},{"taxonomy":"jahr","embeddable":true,"href":"https:\/\/verticaltechnik.ch\/it\/wp-json\/wp\/v2\/jahr?post=37353"},{"taxonomy":"kanton","embeddable":true,"href":"https:\/\/verticaltechnik.ch\/it\/wp-json\/wp\/v2\/kanton?post=37353"},{"taxonomy":"land","embeddable":true,"href":"https:\/\/verticaltechnik.ch\/it\/wp-json\/wp\/v2\/land?post=37353"},{"taxonomy":"anlagentyp","embeddable":true,"href":"https:\/\/verticaltechnik.ch\/it\/wp-json\/wp\/v2\/anlagentyp?post=37353"}],"curies":[{"name":"wp","href":"https:\/\/api.w.org\/{rel}","templated":true}]}}