{"id":37371,"date":"2024-06-03T13:23:46","date_gmt":"2024-06-03T13:23:46","guid":{"rendered":"http:\/\/newvt.verticaltechnik.ch\/news\/ch-balerna-nuovo-skatepark\/"},"modified":"2026-01-15T10:46:49","modified_gmt":"2026-01-15T10:46:49","slug":"ch-balerna-nuovo-skatepark","status":"publish","type":"post","link":"https:\/\/verticaltechnik.ch\/it\/ch-balerna-nuovo-skatepark\/","title":{"rendered":"CH Balerna - Nuovo skatepark"},"content":{"rendered":"\n<p>Il comune di Balerna voleva soddisfare la crescente esigenza di uno skatepark. All&#8217;inizio del progetto si desiderava uno skatepark in cemento, che per\u00f2 \u00e8 stato modificato per motivi di budget. Il risultato \u00e8 una piazza asfaltata di circa 250 m2 con moduli mobili, di cui due rampe di lancio con una roof box in mezzo, un rail e un handicapped gap. Inoltre, sono stati ordinati due moduli in granito e un flat rail, che valorizzano il miniskatepark. La roof box \u00e8 stata dotata di una ledge in granito e di un roof rail con tubo tondo. Anche il wheelie table con ledge \u00e8 realizzato in granito lucidato. Auguriamo agli utenti buon divertimento con questo skatepark.      <\/p>\n\n<p>Indirizzo: Via Stefano Francini 14, 6828 Balerna,<br\/>Google 45\u00b050&#8217;54.3&#8243;N 9\u00b000&#8217;39.3&#8243;E<\/p>\n<p><!-- \/wp:post-content -->[vc_gallery css=&#8221;&#8221; type=&#8221;image_grid&#8221; images=&#8221;33493,33497,33502,33509&#8243; image_grid_loading=&#8221;default&#8221; layout=&#8221;4&#8243; item_spacing=&#8221;default&#8221; gallery_style=&#8221;7&#8243; load_in_animation=&#8221;none&#8221;]\n","protected":false},"excerpt":{"rendered":"<p>Il comune di Balerna voleva soddisfare la crescente esigenza di uno skatepark. All&#8217;inizio del progetto si desiderava uno skatepark in cemento, che per\u00f2 \u00e8 stato modificato per motivi di budget&#8230;.<\/p>\n","protected":false},"author":1,"featured_media":33490,"comment_status":"open","ping_status":"open","sticky":false,"template":"","format":"standard","meta":{"footnotes":""},"categories":[10989,10845,10847,10851,10852,10938,10846],"tags":[],"jahr":[11069],"kanton":[11153],"land":[11168],"anlagentyp":[11201],"class_list":{"0":"post-37371","1":"post","2":"type-post","3":"status-publish","4":"format-standard","5":"has-post-thumbnail","7":"category-2024-it","8":"category-cronologia","9":"category-paese","10":"category-parchi-skate-mobili","11":"category-svizzera","12":"category-ti-it","13":"category-tipo-di-impianto","14":"jahr-2024-it","15":"kanton-ti-it","16":"land-schweiz-it","17":"anlagentyp-mobile-skateanlagen-it"},"_links":{"self":[{"href":"https:\/\/verticaltechnik.ch\/it\/wp-json\/wp\/v2\/posts\/37371","targetHints":{"allow":["GET"]}}],"collection":[{"href":"https:\/\/verticaltechnik.ch\/it\/wp-json\/wp\/v2\/posts"}],"about":[{"href":"https:\/\/verticaltechnik.ch\/it\/wp-json\/wp\/v2\/types\/post"}],"author":[{"embeddable":true,"href":"https:\/\/verticaltechnik.ch\/it\/wp-json\/wp\/v2\/users\/1"}],"replies":[{"embeddable":true,"href":"https:\/\/verticaltechnik.ch\/it\/wp-json\/wp\/v2\/comments?post=37371"}],"version-history":[{"count":0,"href":"https:\/\/verticaltechnik.ch\/it\/wp-json\/wp\/v2\/posts\/37371\/revisions"}],"wp:featuredmedia":[{"embeddable":true,"href":"https:\/\/verticaltechnik.ch\/it\/wp-json\/wp\/v2\/media\/33490"}],"wp:attachment":[{"href":"https:\/\/verticaltechnik.ch\/it\/wp-json\/wp\/v2\/media?parent=37371"}],"wp:term":[{"taxonomy":"category","embeddable":true,"href":"https:\/\/verticaltechnik.ch\/it\/wp-json\/wp\/v2\/categories?post=37371"},{"taxonomy":"post_tag","embeddable":true,"href":"https:\/\/verticaltechnik.ch\/it\/wp-json\/wp\/v2\/tags?post=37371"},{"taxonomy":"jahr","embeddable":true,"href":"https:\/\/verticaltechnik.ch\/it\/wp-json\/wp\/v2\/jahr?post=37371"},{"taxonomy":"kanton","embeddable":true,"href":"https:\/\/verticaltechnik.ch\/it\/wp-json\/wp\/v2\/kanton?post=37371"},{"taxonomy":"land","embeddable":true,"href":"https:\/\/verticaltechnik.ch\/it\/wp-json\/wp\/v2\/land?post=37371"},{"taxonomy":"anlagentyp","embeddable":true,"href":"https:\/\/verticaltechnik.ch\/it\/wp-json\/wp\/v2\/anlagentyp?post=37371"}],"curies":[{"name":"wp","href":"https:\/\/api.w.org\/{rel}","templated":true}]}}