{"id":37381,"date":"2023-05-30T13:23:46","date_gmt":"2023-05-30T13:23:46","guid":{"rendered":"http:\/\/newvt.verticaltechnik.ch\/news\/ch-aigle-revisione-rampe-di-lancio-bmx-race-cmc-uci\/"},"modified":"2025-07-09T11:06:21","modified_gmt":"2025-07-09T11:06:21","slug":"ch-aigle-revisione-rampe-di-lancio-bmx-race-cmc-uci","status":"publish","type":"post","link":"https:\/\/verticaltechnik.ch\/it\/ch-aigle-revisione-rampe-di-lancio-bmx-race-cmc-uci\/","title":{"rendered":"CH Aigle - Revisione rampe di lancio BMX Race CMC UCI"},"content":{"rendered":"\n<p>A fine maggio 2023, Vertical Technik AG ha eseguito una revisione delle rampe di lancio BMX per il CMC dell&#8217;UCI ad Aigle. Le rampe di partenza BMX Race non permettevano pi\u00f9 gare BMX di qualit\u00e0. Per questo motivo, tutte le superfici sono state sostituite dal nostro team e ricoperte con profili in vetroresina appositamente realizzati per queste rampe di lancio. Il montaggio \u00e8 durato una settimana e, grazie al clima ottimale, \u00e8 stato completato nei tempi previsti e con la massima qualit\u00e0. Il team ha dimostrato un impegno lavorativo superiore alla media, con la piena soddisfazione del cliente.    <\/p>\n\n<p>Grazie per l&#8217;ottima collaborazione all&#8217;UCI!<\/p>\n\n<figure class=\"wp-block-image size-full\"><img loading=\"lazy\" decoding=\"async\" width=\"800\" height=\"600\" src=\"https:\/\/newvt.verticaltechnik.ch\/wp-content\/uploads\/2023\/05\/lg-b-bmx-uci_2-1.jpg\" alt=\"\" class=\"wp-image-34579\" srcset=\"https:\/\/verticaltechnik.ch\/wp-content\/uploads\/2023\/05\/lg-b-bmx-uci_2-1.jpg 800w, https:\/\/verticaltechnik.ch\/wp-content\/uploads\/2023\/05\/lg-b-bmx-uci_2-1-600x450.jpg 600w, https:\/\/verticaltechnik.ch\/wp-content\/uploads\/2023\/05\/lg-b-bmx-uci_2-1-300x225.jpg 300w, https:\/\/verticaltechnik.ch\/wp-content\/uploads\/2023\/05\/lg-b-bmx-uci_2-1-768x576.jpg 768w\" sizes=\"auto, (max-width: 800px) 100vw, 800px\" \/><\/figure>\n","protected":false},"excerpt":{"rendered":"<p>A fine maggio 2023, Vertical Technik AG ha eseguito una revisione delle rampe di lancio BMX per il CMC dell&#8217;UCI ad Aigle. Le rampe di partenza BMX Race non permettevano&#8230;<\/p>\n","protected":false},"author":1,"featured_media":34579,"comment_status":"open","ping_status":"open","sticky":false,"template":"","format":"standard","meta":{"footnotes":""},"categories":[10972,10845,10847,10852,10846,10948],"tags":[],"jahr":[11073],"kanton":[11156],"land":[11168],"anlagentyp":[],"class_list":{"0":"post-37381","1":"post","2":"type-post","3":"status-publish","4":"format-standard","5":"has-post-thumbnail","7":"category-2023-it","8":"category-cronologia","9":"category-paese","10":"category-svizzera","11":"category-tipo-di-impianto","12":"category-vd-it","13":"jahr-2023-it","14":"kanton-vd-it","15":"land-schweiz-it"},"_links":{"self":[{"href":"https:\/\/verticaltechnik.ch\/it\/wp-json\/wp\/v2\/posts\/37381","targetHints":{"allow":["GET"]}}],"collection":[{"href":"https:\/\/verticaltechnik.ch\/it\/wp-json\/wp\/v2\/posts"}],"about":[{"href":"https:\/\/verticaltechnik.ch\/it\/wp-json\/wp\/v2\/types\/post"}],"author":[{"embeddable":true,"href":"https:\/\/verticaltechnik.ch\/it\/wp-json\/wp\/v2\/users\/1"}],"replies":[{"embeddable":true,"href":"https:\/\/verticaltechnik.ch\/it\/wp-json\/wp\/v2\/comments?post=37381"}],"version-history":[{"count":0,"href":"https:\/\/verticaltechnik.ch\/it\/wp-json\/wp\/v2\/posts\/37381\/revisions"}],"wp:featuredmedia":[{"embeddable":true,"href":"https:\/\/verticaltechnik.ch\/it\/wp-json\/wp\/v2\/media\/34579"}],"wp:attachment":[{"href":"https:\/\/verticaltechnik.ch\/it\/wp-json\/wp\/v2\/media?parent=37381"}],"wp:term":[{"taxonomy":"category","embeddable":true,"href":"https:\/\/verticaltechnik.ch\/it\/wp-json\/wp\/v2\/categories?post=37381"},{"taxonomy":"post_tag","embeddable":true,"href":"https:\/\/verticaltechnik.ch\/it\/wp-json\/wp\/v2\/tags?post=37381"},{"taxonomy":"jahr","embeddable":true,"href":"https:\/\/verticaltechnik.ch\/it\/wp-json\/wp\/v2\/jahr?post=37381"},{"taxonomy":"kanton","embeddable":true,"href":"https:\/\/verticaltechnik.ch\/it\/wp-json\/wp\/v2\/kanton?post=37381"},{"taxonomy":"land","embeddable":true,"href":"https:\/\/verticaltechnik.ch\/it\/wp-json\/wp\/v2\/land?post=37381"},{"taxonomy":"anlagentyp","embeddable":true,"href":"https:\/\/verticaltechnik.ch\/it\/wp-json\/wp\/v2\/anlagentyp?post=37381"}],"curies":[{"name":"wp","href":"https:\/\/api.w.org\/{rel}","templated":true}]}}