{"id":37395,"date":"2023-06-13T13:23:46","date_gmt":"2023-06-13T13:23:46","guid":{"rendered":"http:\/\/newvt.verticaltechnik.ch\/news\/d-karlsruhe-minirampe-per-fest-cup-sportpark-das-fest\/"},"modified":"2025-11-11T13:57:08","modified_gmt":"2025-11-11T13:57:08","slug":"d-karlsruhe-minirampe-per-fest-cup-sportpark-das-fest","status":"publish","type":"post","link":"https:\/\/verticaltechnik.ch\/it\/d-karlsruhe-minirampe-per-fest-cup-sportpark-das-fest\/","title":{"rendered":"D Karlsruhe - Minirampe per FEST CUP Sportpark DAS FEST"},"content":{"rendered":"\n<p>Quest&#8217;anno si terr\u00e0 di nuovo la gara di skateboard e inline FEST CUP a Karlsruhe. Sull&#8217;halfpipe alta quattro metri di Vertical Technik, gli atleti mostreranno prestazioni di alto livello davanti alla giuria e al pubblico dal 20 al 24 luglio. La vert ramp diventer\u00e0 la famosa VERTICAL Miniramp con spine e garantir\u00e0 cinque giorni ricchi di azione. Un mix colorato di BMX, inline e skate jam, fedele al motto &#8220;insieme si ottiene di pi\u00f9&#8221;, garantir\u00e0 un momento indimenticabile, nel bel mezzo del pi\u00f9 grande festival per famiglie della Germania meridionale. Al tramonto, i DJ si impadroniranno della rampa e garantiranno un fantastico aftershow party.    <\/p>\n<p><!-- \/wp:post-content -->[vc_gallery css=&#8221;&#8221; type=&#8221;image_grid&#8221; images=&#8221;34559,34566,34568,34571&#8243; image_grid_loading=&#8221;default&#8221; layout=&#8221;4&#8243; item_spacing=&#8221;default&#8221; gallery_style=&#8221;7&#8243; load_in_animation=&#8221;none&#8221;]<!-- wp:html -->\n<iframe src=\"https:\/\/www.google.com\/maps\/embed?pb=!1m14!1m8!1m3!1d25167.53407528418!2d8.374211!3d48.998376!3m2!1i1024!2i768!4f13.1!3m3!1m2!1s0x4797068c8c0341d1%3A0x6bb26b2df8b371d3!2sG%C3%BCnther-Klotz-Anlage!5e1!3m2!1sde!2sch!4v1751641787469!5m2!1sde!2sch\" width=\"600\" height=\"450\" style=\"border:0;\" allowfullscreen=\"\" loading=\"lazy\" referrerpolicy=\"no-referrer-when-downgrade\"><\/iframe>\n<!-- \/wp:html -->","protected":false},"excerpt":{"rendered":"<p>Quest&#8217;anno si terr\u00e0 di nuovo la gara di skateboard e inline FEST CUP a Karlsruhe. Sull&#8217;halfpipe alta quattro metri di Vertical Technik, gli atleti mostreranno prestazioni di alto livello davanti&#8230;<\/p>\n","protected":false},"author":1,"featured_media":34556,"comment_status":"open","ping_status":"open","sticky":false,"template":"","format":"standard","meta":{"footnotes":""},"categories":[10972,10845,10892,10933,10847,10851,10846],"tags":[],"jahr":[11073],"kanton":[],"land":[11172],"anlagentyp":[11186,11201],"class_list":{"0":"post-37395","1":"post","2":"type-post","3":"status-publish","4":"format-standard","5":"has-post-thumbnail","7":"category-2023-it","8":"category-cronologia","9":"category-eventi","10":"category-germania","11":"category-paese","12":"category-parchi-skate-mobili","13":"category-tipo-di-impianto","14":"jahr-2023-it","15":"land-deutschland-it","16":"anlagentyp-events-it","17":"anlagentyp-mobile-skateanlagen-it"},"_links":{"self":[{"href":"https:\/\/verticaltechnik.ch\/it\/wp-json\/wp\/v2\/posts\/37395","targetHints":{"allow":["GET"]}}],"collection":[{"href":"https:\/\/verticaltechnik.ch\/it\/wp-json\/wp\/v2\/posts"}],"about":[{"href":"https:\/\/verticaltechnik.ch\/it\/wp-json\/wp\/v2\/types\/post"}],"author":[{"embeddable":true,"href":"https:\/\/verticaltechnik.ch\/it\/wp-json\/wp\/v2\/users\/1"}],"replies":[{"embeddable":true,"href":"https:\/\/verticaltechnik.ch\/it\/wp-json\/wp\/v2\/comments?post=37395"}],"version-history":[{"count":0,"href":"https:\/\/verticaltechnik.ch\/it\/wp-json\/wp\/v2\/posts\/37395\/revisions"}],"wp:featuredmedia":[{"embeddable":true,"href":"https:\/\/verticaltechnik.ch\/it\/wp-json\/wp\/v2\/media\/34556"}],"wp:attachment":[{"href":"https:\/\/verticaltechnik.ch\/it\/wp-json\/wp\/v2\/media?parent=37395"}],"wp:term":[{"taxonomy":"category","embeddable":true,"href":"https:\/\/verticaltechnik.ch\/it\/wp-json\/wp\/v2\/categories?post=37395"},{"taxonomy":"post_tag","embeddable":true,"href":"https:\/\/verticaltechnik.ch\/it\/wp-json\/wp\/v2\/tags?post=37395"},{"taxonomy":"jahr","embeddable":true,"href":"https:\/\/verticaltechnik.ch\/it\/wp-json\/wp\/v2\/jahr?post=37395"},{"taxonomy":"kanton","embeddable":true,"href":"https:\/\/verticaltechnik.ch\/it\/wp-json\/wp\/v2\/kanton?post=37395"},{"taxonomy":"land","embeddable":true,"href":"https:\/\/verticaltechnik.ch\/it\/wp-json\/wp\/v2\/land?post=37395"},{"taxonomy":"anlagentyp","embeddable":true,"href":"https:\/\/verticaltechnik.ch\/it\/wp-json\/wp\/v2\/anlagentyp?post=37395"}],"curies":[{"name":"wp","href":"https:\/\/api.w.org\/{rel}","templated":true}]}}