{"id":37412,"date":"2023-07-04T13:23:46","date_gmt":"2023-07-04T13:23:46","guid":{"rendered":"http:\/\/newvt.verticaltechnik.ch\/news\/ch-saint-prex-un-nuovo-skatepark-per-st-prex\/"},"modified":"2025-11-11T13:56:59","modified_gmt":"2025-11-11T13:56:59","slug":"ch-saint-prex-un-nuovo-skatepark-per-st-prex","status":"publish","type":"post","link":"https:\/\/verticaltechnik.ch\/it\/ch-saint-prex-un-nuovo-skatepark-per-st-prex\/","title":{"rendered":"CH Saint-Prex - Un nuovo skatepark per St.-Prex"},"content":{"rendered":"\n<p>Lo skatepark di Saint-Prex \u00e8 stato progettato in collaborazione con giovani rider del comune, sia scooteristi che skateboarder. Si \u00e8 dovuto tener conto del budget disponibile, della forma dell&#8217;impianto precedente e del tipo di terreno. <\/p>\n\n<p>Lo skatepark \u00e8 stato progettato per essere accessibile sia ai principianti che agli utenti esperti. Allo stesso modo, la mini-rampa \u00e8 stata integrata nell&#8217;area street: pu\u00f2 essere utilizzata sia in modo convenzionale che per i trasferimenti sulla superficie inclinata. Particolarmente apprezzato \u00e8 il tavolo da picnic. Inoltre, lo skatepark \u00e8 idealmente immerso in un ambiente naturale, poich\u00e9 si trova vicino al lago e ad altri impianti sportivi. Non c&#8217;\u00e8 dubbio che vi divertirete!    <\/p>\n\n<p>Chem. du Vieux-Moulin, 1162 Saint-Prex <\/p>\n<p><!-- \/wp:post-content -->[vc_gallery css=&#8221;&#8221; type=&#8221;image_grid&#8221; images=&#8221;37413,34458,37415,34454,34479,34473,34483,34468,34481,34433,34462,34446,34453,34444,37414,34487,34445&#8243; image_grid_loading=&#8221;default&#8221; layout=&#8221;4&#8243; item_spacing=&#8221;default&#8221; gallery_style=&#8221;7&#8243; load_in_animation=&#8221;none&#8221;]<!-- wp:html -->\n<iframe src=\"https:\/\/www.google.com\/maps\/embed?pb=!1m14!1m8!1m3!1d26413.72083151132!2d6.459151!3d46.483245!3m2!1i1024!2i768!4f13.1!3m3!1m2!1s0x478c393de9b96def%3A0xacd38d91f6c46e3d!2sSkatepark%20Saint-Prex!5e1!3m2!1sde!2sch!4v1751641585806!5m2!1sde!2sch\" width=\"600\" height=\"450\" style=\"border:0;\" allowfullscreen=\"\" loading=\"lazy\" referrerpolicy=\"no-referrer-when-downgrade\"><\/iframe>\n<!-- \/wp:html -->","protected":false},"excerpt":{"rendered":"<p>Lo skatepark di Saint-Prex \u00e8 stato progettato in collaborazione con giovani rider del comune, sia scooteristi che skateboarder. Si \u00e8 dovuto tener conto del budget disponibile, della forma dell&#8217;impianto precedente&#8230;<\/p>\n","protected":false},"author":1,"featured_media":34430,"comment_status":"open","ping_status":"open","sticky":false,"template":"","format":"standard","meta":{"footnotes":""},"categories":[10972,10845,10847,10851,10852,10846,10948],"tags":[],"jahr":[11073],"kanton":[11156],"land":[11168],"anlagentyp":[11201],"class_list":{"0":"post-37412","1":"post","2":"type-post","3":"status-publish","4":"format-standard","5":"has-post-thumbnail","7":"category-2023-it","8":"category-cronologia","9":"category-paese","10":"category-parchi-skate-mobili","11":"category-svizzera","12":"category-tipo-di-impianto","13":"category-vd-it","14":"jahr-2023-it","15":"kanton-vd-it","16":"land-schweiz-it","17":"anlagentyp-mobile-skateanlagen-it"},"_links":{"self":[{"href":"https:\/\/verticaltechnik.ch\/it\/wp-json\/wp\/v2\/posts\/37412","targetHints":{"allow":["GET"]}}],"collection":[{"href":"https:\/\/verticaltechnik.ch\/it\/wp-json\/wp\/v2\/posts"}],"about":[{"href":"https:\/\/verticaltechnik.ch\/it\/wp-json\/wp\/v2\/types\/post"}],"author":[{"embeddable":true,"href":"https:\/\/verticaltechnik.ch\/it\/wp-json\/wp\/v2\/users\/1"}],"replies":[{"embeddable":true,"href":"https:\/\/verticaltechnik.ch\/it\/wp-json\/wp\/v2\/comments?post=37412"}],"version-history":[{"count":0,"href":"https:\/\/verticaltechnik.ch\/it\/wp-json\/wp\/v2\/posts\/37412\/revisions"}],"wp:featuredmedia":[{"embeddable":true,"href":"https:\/\/verticaltechnik.ch\/it\/wp-json\/wp\/v2\/media\/34430"}],"wp:attachment":[{"href":"https:\/\/verticaltechnik.ch\/it\/wp-json\/wp\/v2\/media?parent=37412"}],"wp:term":[{"taxonomy":"category","embeddable":true,"href":"https:\/\/verticaltechnik.ch\/it\/wp-json\/wp\/v2\/categories?post=37412"},{"taxonomy":"post_tag","embeddable":true,"href":"https:\/\/verticaltechnik.ch\/it\/wp-json\/wp\/v2\/tags?post=37412"},{"taxonomy":"jahr","embeddable":true,"href":"https:\/\/verticaltechnik.ch\/it\/wp-json\/wp\/v2\/jahr?post=37412"},{"taxonomy":"kanton","embeddable":true,"href":"https:\/\/verticaltechnik.ch\/it\/wp-json\/wp\/v2\/kanton?post=37412"},{"taxonomy":"land","embeddable":true,"href":"https:\/\/verticaltechnik.ch\/it\/wp-json\/wp\/v2\/land?post=37412"},{"taxonomy":"anlagentyp","embeddable":true,"href":"https:\/\/verticaltechnik.ch\/it\/wp-json\/wp\/v2\/anlagentyp?post=37412"}],"curies":[{"name":"wp","href":"https:\/\/api.w.org\/{rel}","templated":true}]}}