{"id":37433,"date":"2019-07-30T13:23:46","date_gmt":"2019-07-30T13:23:46","guid":{"rendered":"http:\/\/newvt.verticaltechnik.ch\/news\/ch-le-grand-saconnex-ampliamento-dello-skate-park-2\/"},"modified":"2025-07-09T11:06:45","modified_gmt":"2025-07-09T11:06:45","slug":"ch-le-grand-saconnex-ampliamento-dello-skate-park-2","status":"publish","type":"post","link":"https:\/\/verticaltechnik.ch\/it\/ch-le-grand-saconnex-ampliamento-dello-skate-park-2\/","title":{"rendered":"CH Le Grand Saconnex - Ampliamento dello skate park"},"content":{"rendered":"\n<figure class=\"wp-block-image size-full\"><img loading=\"lazy\" decoding=\"async\" width=\"800\" height=\"600\" src=\"https:\/\/newvt.verticaltechnik.ch\/wp-content\/uploads\/2019\/07\/1gesoubu.png\" alt=\"\" class=\"wp-image-34291\" srcset=\"https:\/\/verticaltechnik.ch\/wp-content\/uploads\/2019\/07\/1gesoubu.png 800w, https:\/\/verticaltechnik.ch\/wp-content\/uploads\/2019\/07\/1gesoubu-600x450.png 600w, https:\/\/verticaltechnik.ch\/wp-content\/uploads\/2019\/07\/1gesoubu-300x225.png 300w, https:\/\/verticaltechnik.ch\/wp-content\/uploads\/2019\/07\/1gesoubu-768x576.png 768w\" sizes=\"auto, (max-width: 800px) 100vw, 800px\" \/><\/figure>\n\n<p>Lo skate park esistente a Le Grand Saconnex, vicino all&#8217;aeroporto di Ginevra Cointrin, \u00e8 stato ampliato nell&#8217;estate 2019. Una mini rampa larga 7,5 m e alta 1,9 m con estensione \u00e8 ora disponibile per gli amanti delle rampe. La superficie di guida \u00e8 costituita da piastre Skateface, che hanno dato prova di s\u00e9 in numerosi skate park. Gli skater di strada hanno optato per una tavola manuale in granito, che \u00e8 la versione pi\u00f9 lussuosa. La lunghezza totale del tavolo \u00e8 di 4,8 m e sono disponibili due altezze (0,2 m e 0,4 m). Il granito \u00e8 lucidato su tutto il perimetro e sulla superficie. Il pavimento in asfalto \u00e8 stato riparato in modo da consentire un rotolamento ideale.      <\/p>\n\n<p>Il vecchio quarto di tubo \u00e8 stato sostituito da un nuovo tubo largo 4,5 metri e alto 1,7 metri. Le installazioni esistenti sono un box sul tetto con binario e sporgenza e una sponda larga 4,5 metri e alta 1,5 metri. Accanto ad essa c&#8217;\u00e8 un box curvo che \u00e8 gi\u00e0 perfettamente rientrato.  <br\/><br\/>Il team Vertical ha completato l&#8217;installazione delle strutture in 3 giorni, un risultato eccezionale date le circostanze. Tutti i materiali sono stati trasportati dalla strada allo skate park con una gru mobile. Per farlo, \u00e8 stato necessario chiudere una corsia dell&#8217;autobus pubblico TPG accanto all&#8217;edificio del Palexpo. Desideriamo ringraziare tutti i dipendenti del Palexpo, la societ\u00e0 di gru Matthey-Petit, la BfU e il cliente, il comune di Le Grand Saconnex, per l&#8217;ottima collaborazione.   <br\/><br\/>A sinistra:<br\/><strong><a href=\"https:\/\/palexpo.ch\/\" target=\"_blank\" rel=\"noreferrer noopener\">Palexpo<\/a><\/strong><br\/><strong><a href=\"http:\/\/www.matthey-petit.ch\/\" target=\"_blank\" rel=\"noreferrer noopener\">La societ\u00e0 di gru Matthey-Petit<\/a><\/strong><br\/><strong><a href=\"https:\/\/www.bfu.ch\/de\" target=\"_blank\" rel=\"noreferrer noopener\">BfU<\/a><\/strong><br\/><strong><a href=\"https:\/\/www.grand-saconnex.ch\/fr\/\" target=\"_blank\" rel=\"noreferrer noopener\">Le Grand Saconnex<\/a><\/strong><br\/><strong><a href=\"https:\/\/www.google.com\/maps\/place\/Skatepark+de+Palexpo\/@46.2344389,6.1164731,15z\/data=!4m5!3m4!1s0x0:0xf45d973556cade78!8m2!3d46.2344389!4d6.1164731\" target=\"_blank\" rel=\"noreferrer noopener\">Google Maps<\/a><\/strong><\/p>\n\n<p><\/p>\n","protected":false},"excerpt":{"rendered":"<p>Lo skate park esistente a Le Grand Saconnex, vicino all&#8217;aeroporto di Ginevra Cointrin, \u00e8 stato ampliato nell&#8217;estate 2019. Una mini rampa larga 7,5 m e alta 1,9 m con estensione&#8230;<\/p>\n","protected":false},"author":1,"featured_media":34291,"comment_status":"open","ping_status":"open","sticky":false,"template":"","format":"standard","meta":{"footnotes":""},"categories":[10983,10845,10909,10847,10851,10852,10846],"tags":[],"jahr":[11084],"kanton":[11129],"land":[11168],"anlagentyp":[11201],"class_list":{"0":"post-37433","1":"post","2":"type-post","3":"status-publish","4":"format-standard","5":"has-post-thumbnail","7":"category-2019-it-2","8":"category-cronologia","9":"category-ge-it","10":"category-paese","11":"category-parchi-skate-mobili","12":"category-svizzera","13":"category-tipo-di-impianto","14":"jahr-2019-it","15":"kanton-ge-it","16":"land-schweiz-it","17":"anlagentyp-mobile-skateanlagen-it"},"_links":{"self":[{"href":"https:\/\/verticaltechnik.ch\/it\/wp-json\/wp\/v2\/posts\/37433","targetHints":{"allow":["GET"]}}],"collection":[{"href":"https:\/\/verticaltechnik.ch\/it\/wp-json\/wp\/v2\/posts"}],"about":[{"href":"https:\/\/verticaltechnik.ch\/it\/wp-json\/wp\/v2\/types\/post"}],"author":[{"embeddable":true,"href":"https:\/\/verticaltechnik.ch\/it\/wp-json\/wp\/v2\/users\/1"}],"replies":[{"embeddable":true,"href":"https:\/\/verticaltechnik.ch\/it\/wp-json\/wp\/v2\/comments?post=37433"}],"version-history":[{"count":0,"href":"https:\/\/verticaltechnik.ch\/it\/wp-json\/wp\/v2\/posts\/37433\/revisions"}],"wp:featuredmedia":[{"embeddable":true,"href":"https:\/\/verticaltechnik.ch\/it\/wp-json\/wp\/v2\/media\/34291"}],"wp:attachment":[{"href":"https:\/\/verticaltechnik.ch\/it\/wp-json\/wp\/v2\/media?parent=37433"}],"wp:term":[{"taxonomy":"category","embeddable":true,"href":"https:\/\/verticaltechnik.ch\/it\/wp-json\/wp\/v2\/categories?post=37433"},{"taxonomy":"post_tag","embeddable":true,"href":"https:\/\/verticaltechnik.ch\/it\/wp-json\/wp\/v2\/tags?post=37433"},{"taxonomy":"jahr","embeddable":true,"href":"https:\/\/verticaltechnik.ch\/it\/wp-json\/wp\/v2\/jahr?post=37433"},{"taxonomy":"kanton","embeddable":true,"href":"https:\/\/verticaltechnik.ch\/it\/wp-json\/wp\/v2\/kanton?post=37433"},{"taxonomy":"land","embeddable":true,"href":"https:\/\/verticaltechnik.ch\/it\/wp-json\/wp\/v2\/land?post=37433"},{"taxonomy":"anlagentyp","embeddable":true,"href":"https:\/\/verticaltechnik.ch\/it\/wp-json\/wp\/v2\/anlagentyp?post=37433"}],"curies":[{"name":"wp","href":"https:\/\/api.w.org\/{rel}","templated":true}]}}